{"id":999,"date":"2014-11-01T01:42:00","date_gmt":"2014-11-01T01:42:00","guid":{"rendered":"http:\/\/fmriachuelo.observatorioess.org.ar\/index.php\/2014\/11\/01\/la-zona-sur-bajo-amenaza\/"},"modified":"2025-03-11T13:14:36","modified_gmt":"2025-03-11T16:14:36","slug":"la-zona-sur-bajo-amenaza","status":"publish","type":"post","link":"http:\/\/fmriachuelo.it10.com.ar\/index.php\/2014\/11\/01\/la-zona-sur-bajo-amenaza\/","title":{"rendered":"LA ZONA SUR BAJO AMENAZA"},"content":{"rendered":"<p><\/p>\n<div><span style=\"font-size: large\"><b><span style=\"color: red;font-family: Verdana\">Desalojaron&nbsp;con violencia a 15 familias en La Boca<\/span><\/b><\/span><\/div>\n<p><span style=\"font-family: Verdana,sans-serif\"><span style=\"font-size: small\">Quince familias compuestas por m\u00e1s de 80 personas que habitaban el inmueble de la calle Brasil 440, a metros del parque Lezama, fueron desalojadas ayer de un edificio en el barrio porte\u00f1o de La Boca por la Polic\u00eda Metropolitana. No hubo respuestas para las familias que quedaron en la calle.<\/span><\/span><\/p>\n<div><span style=\"font-family: Verdana,sans-serif\"><span style=\"font-size: small\">La fuerza de seguridad porte\u00f1a ingres\u00f3 a las habitaciones rompiendo las puertas y empuj\u00f3 escaleras abajo a varios de los ocupantes, seg\u00fan denunciaron los propios residentes.<\/span><\/span><br \/><span style=\"font-family: Verdana,sans-serif\"><span style=\"font-size: small\">\u201cHace varios a\u00f1os que todos vivimos ac\u00e1, yo estoy con mi mujer y sus dos hijas y aunque empezamos alquilando una piecita la terminamos comprando\u201d, dijo a T\u00e9lam C\u00e9sar, uno de los desalojados.<br \/>La situaci\u00f3n \u201ces muy injusta porque no nos avisaron del desalojo, no tuvimos tiempo de buscar otro lado, y sin embargo al restor\u00e1n de la planta baja no lo tocaron ni le dijeron nada a pesar de formar parte del mismo inmueble\u201d, cuestion\u00f3.<br \/>Daniela, una joven de 19 a\u00f1os embarazada de tres meses que viv\u00eda all\u00ed con su pareja de 20, dijo a T\u00e9lam que \u201cfue todo muy violento. Nos despert\u00f3 el ruido que hac\u00edan al romper las puertas y a los gritos nos empujaron por las escaleras sin fijarse que yo estoy embarazada\u201d, explic\u00f3.<br \/>Fuente: Diario Z<br \/>\u201cEsta noche la vamos a pasar en lo de una amiga m\u00eda, pero ma\u00f1ana no s\u00e9 a d\u00f3nde vamos a ir, porque la plata que ten\u00edamos la usamos para comprar la pieza. La gente del gobierno porte\u00f1o que vino a ver como nos desalojaban no nos dio ninguna soluci\u00f3n\u201d, manifest\u00f3.<\/span><\/span><\/div>\n","protected":false},"excerpt":{"rendered":"<p>Desalojaron&nbsp;con violencia a 15 familias en La Boca Quince familias compuestas por m\u00e1s de 80 personas que habitaban el inmueble de la calle Brasil 440, a metros del parque Lezama, fueron desalojadas ayer de un edificio en el barrio porte\u00f1o de La Boca por la Polic\u00eda Metropolitana. No hubo respuestas para las familias que quedaron [&hellip;]<\/p>\n","protected":false},"author":4,"featured_media":0,"comment_status":"open","ping_status":"open","sticky":false,"template":"","format":"standard","meta":{"_monsterinsights_skip_tracking":false,"_monsterinsights_sitenote_active":false,"_monsterinsights_sitenote_note":"","_monsterinsights_sitenote_category":0,"jnews-multi-image_gallery":[],"jnews_single_post":{"format":"standard"},"jnews_primary_category":[],"_joinchat":[],"footnotes":""},"categories":[58],"tags":[147],"class_list":["post-999","post","type-post","status-publish","format-standard","hentry","category-noticiariachuelo","tag-habitat"],"_links":{"self":[{"href":"http:\/\/fmriachuelo.it10.com.ar\/index.php\/wp-json\/wp\/v2\/posts\/999","targetHints":{"allow":["GET"]}}],"collection":[{"href":"http:\/\/fmriachuelo.it10.com.ar\/index.php\/wp-json\/wp\/v2\/posts"}],"about":[{"href":"http:\/\/fmriachuelo.it10.com.ar\/index.php\/wp-json\/wp\/v2\/types\/post"}],"author":[{"embeddable":true,"href":"http:\/\/fmriachuelo.it10.com.ar\/index.php\/wp-json\/wp\/v2\/users\/4"}],"replies":[{"embeddable":true,"href":"http:\/\/fmriachuelo.it10.com.ar\/index.php\/wp-json\/wp\/v2\/comments?post=999"}],"version-history":[{"count":1,"href":"http:\/\/fmriachuelo.it10.com.ar\/index.php\/wp-json\/wp\/v2\/posts\/999\/revisions"}],"predecessor-version":[{"id":21900,"href":"http:\/\/fmriachuelo.it10.com.ar\/index.php\/wp-json\/wp\/v2\/posts\/999\/revisions\/21900"}],"wp:attachment":[{"href":"http:\/\/fmriachuelo.it10.com.ar\/index.php\/wp-json\/wp\/v2\/media?parent=999"}],"wp:term":[{"taxonomy":"category","embeddable":true,"href":"http:\/\/fmriachuelo.it10.com.ar\/index.php\/wp-json\/wp\/v2\/categories?post=999"},{"taxonomy":"post_tag","embeddable":true,"href":"http:\/\/fmriachuelo.it10.com.ar\/index.php\/wp-json\/wp\/v2\/tags?post=999"}],"curies":[{"name":"wp","href":"https:\/\/api.w.org\/{rel}","templated":true}]}}