{"id":9982,"date":"2019-06-02T02:48:25","date_gmt":"2019-06-02T02:48:25","guid":{"rendered":"http:\/\/fmriachuelo.com.ar\/?p=9982"},"modified":"2019-06-02T02:48:25","modified_gmt":"2019-06-02T02:48:25","slug":"festival-para-denunciar-la-criminalizacion-a-la-protesta","status":"publish","type":"post","link":"http:\/\/fmriachuelo.it10.com.ar\/index.php\/2019\/06\/02\/festival-para-denunciar-la-criminalizacion-a-la-protesta\/","title":{"rendered":"FESTIVAL PARA DENUNCIAR LA CRIMINALIZACI\u00d3N A LA PROTESTA"},"content":{"rendered":"<p><strong>[FM Riachuelo 01\/06\/2019]En el hist\u00f3rico anfiteatro del Parque Lezama lxs alumnxs de distintos terciarios de la Ciudad Aut\u00f3noma de Buenos Aires, se unieron para repudiar la criminalizaci\u00f3n a la protesta que lleva adelante el gobierno de Mauricio Macri, que intenta amedrentar \u00a0a les que se organizan para luchar y construir una sociedad m\u00e1s justa.<\/strong><\/p>\n<p>Lxs alumnxs organizados denunciaron con arte y m\u00fasica la persecuci\u00f3n del gobierno de La Ciudad de Buenos Aires por tomar medidas en contra del proyecto UniCABA que pretende, entre otras medidas, quitarle autonom\u00eda a los terciarios. \u00a0Esta tarde dejaron en claro que a pesar de tanta \u00a0persecuci\u00f3n a la organizaci\u00f3n estudiantil continuar\u00e1n denunciando esta situaci\u00f3n, \u00abNecesitamos entender la gravedad del asunto. Estas denuncias penales que recibieron lxs compa\u00f1erxs es un antecedente para\u00a0 adoctrinarnos y disciplinarnos para que no luchemos\u201d, explicaba Julieta quien forma parte del Centro de Estudiantes del Normal N\u00b05.<\/p>\n<!--[if lt IE 9]><script>document.createElement('audio');<\/script><![endif]-->\n<audio class=\"wp-audio-shortcode\" id=\"audio-9982-1\" preload=\"none\" style=\"width: 100%;\" controls=\"controls\"><source type=\"audio\/mpeg\" src=\"http:\/\/fmriachuelo.com.ar\/wp-content\/uploads\/2019\/06\/JULIETA-DEL-CENTRO-DE-ESTUDIANTES-2.mp3?_=1\" \/><a href=\"http:\/\/fmriachuelo.com.ar\/wp-content\/uploads\/2019\/06\/JULIETA-DEL-CENTRO-DE-ESTUDIANTES-2.mp3\">http:\/\/fmriachuelo.com.ar\/wp-content\/uploads\/2019\/06\/JULIETA-DEL-CENTRO-DE-ESTUDIANTES-2.mp3<\/a><\/audio>\n<p>&nbsp;<\/p>\n<p>El anfiteatro estaba lleno de ni\u00f1as y ni\u00f1os divididos en diferentes grupos que se divert\u00edan seg\u00fan\u00a0 sus preferencias: para los m\u00e1s en\u00e9rgicos un grupo de estudiantes guiaban el entusiasmo y la energ\u00eda\u00a0 en jugos con pelotas y aros ula ula; lxs m\u00e1s tranquilxs se dedicaron a dibujar y pintar arte popular; todo esto ocurr\u00eda mientras un grupo de j\u00f3venes brindaban un espect\u00e1culo musical generando un ambiente arm\u00f3nico para lxs que observaban sentados desde las escaleras de la tribuna del anfiteatro.<\/p>\n<p><img loading=\"lazy\" decoding=\"async\" class=\"aligncenter wp-image-10000 size-large\" src=\"http:\/\/fmriachuelo.com.ar\/wp-content\/uploads\/2019\/06\/WhatsApp-Image-2019-06-01-at-3.46.27-PM-1025x769.jpeg\" alt=\"\" width=\"640\" height=\"480\" \/><\/p>\n<audio class=\"wp-audio-shortcode\" id=\"audio-9982-2\" preload=\"none\" style=\"width: 100%;\" controls=\"controls\"><source type=\"audio\/mpeg\" src=\"http:\/\/fmriachuelo.com.ar\/wp-content\/uploads\/2019\/06\/MARINA-MANUEL-BELGRANO1.mp3?_=2\" \/><a href=\"http:\/\/fmriachuelo.com.ar\/wp-content\/uploads\/2019\/06\/MARINA-MANUEL-BELGRANO1.mp3\">http:\/\/fmriachuelo.com.ar\/wp-content\/uploads\/2019\/06\/MARINA-MANUEL-BELGRANO1.mp3<\/a><\/audio>\n<p>&nbsp;<\/p>\n<p>\u201cVenir ac\u00e1 a traer nuestro arte es parte de lo que hicimos el a\u00f1o pasado por defender los 29 profesorados. Estamos \u00a0totalmente en contra de los procesamientos a les compa\u00f1eres y repudiamos claramente el accionar que tuvo las autoridades del Normal 5, venimos a solidarizarnos, a visibilizar la lucha que fuimos dando\u201d, contaba Vanina de la Escuela de Bellas Artes Manuel Belgrano.<\/p>\n<p>\u201cNo nos sorprende que este gobierno ataque a cualquier tipo de organizaci\u00f3n y reclamo, puntualmente social que sucede en la calle, (\u2026) es un atropello y total falta \u00a0de coherencia que pretende acallarnos con todo tipo de represi\u00f3n\u201d, explic\u00f3 a FM Riachuelo uno de los imputados del Normal N\u00b05. Al indagar sobre la situaci\u00f3n actual de la causa explic\u00f3 que se encuentran \u00a0esperado la resoluci\u00f3n de la misma y asegur\u00f3 que si \u00a0son llevados a juicio\u00a0 iniciar\u00e1n\u00a0 acciones de protestas en la calle en contra de esta denuncia.<\/p>\n<audio class=\"wp-audio-shortcode\" id=\"audio-9982-3\" preload=\"none\" style=\"width: 100%;\" controls=\"controls\"><source type=\"audio\/mpeg\" src=\"http:\/\/fmriachuelo.com.ar\/wp-content\/uploads\/2019\/06\/IMPUTADO-DEL-NORMAL-5-1.mp3?_=3\" \/><a href=\"http:\/\/fmriachuelo.com.ar\/wp-content\/uploads\/2019\/06\/IMPUTADO-DEL-NORMAL-5-1.mp3\">http:\/\/fmriachuelo.com.ar\/wp-content\/uploads\/2019\/06\/IMPUTADO-DEL-NORMAL-5-1.mp3<\/a><\/audio>\n<p>&nbsp;<\/p>\n<p><img loading=\"lazy\" decoding=\"async\" class=\"aligncenter wp-image-10002 size-large\" src=\"http:\/\/fmriachuelo.com.ar\/wp-content\/uploads\/2019\/06\/WhatsApp-Image-2019-06-01-at-4.28.47-PM-1025x769.jpeg\" alt=\"\" width=\"640\" height=\"480\" \/><\/p>\n","protected":false},"excerpt":{"rendered":"<p>[FM Riachuelo 01\/06\/2019]En el hist\u00f3rico anfiteatro del Parque Lezama lxs alumnxs de distintos terciarios de la Ciudad Aut\u00f3noma de Buenos Aires, se unieron para repudiar la criminalizaci\u00f3n a la protesta que lleva adelante el gobierno de Mauricio Macri, que intenta amedrentar \u00a0a les que se organizan para luchar y construir una sociedad m\u00e1s justa. Lxs [&hellip;]<\/p>\n","protected":false},"author":5,"featured_media":9994,"comment_status":"open","ping_status":"open","sticky":false,"template":"","format":"standard","meta":{"_monsterinsights_skip_tracking":false,"_monsterinsights_sitenote_active":false,"_monsterinsights_sitenote_note":"","_monsterinsights_sitenote_category":0,"jnews-multi-image_gallery":[],"jnews_single_post":[],"jnews_primary_category":[],"_joinchat":[],"footnotes":""},"categories":[78,76],"tags":[],"class_list":["post-9982","post","type-post","status-publish","format-standard","has-post-thumbnail","hentry","category-economia-popular","category-salud-comunitaria"],"_links":{"self":[{"href":"http:\/\/fmriachuelo.it10.com.ar\/index.php\/wp-json\/wp\/v2\/posts\/9982","targetHints":{"allow":["GET"]}}],"collection":[{"href":"http:\/\/fmriachuelo.it10.com.ar\/index.php\/wp-json\/wp\/v2\/posts"}],"about":[{"href":"http:\/\/fmriachuelo.it10.com.ar\/index.php\/wp-json\/wp\/v2\/types\/post"}],"author":[{"embeddable":true,"href":"http:\/\/fmriachuelo.it10.com.ar\/index.php\/wp-json\/wp\/v2\/users\/5"}],"replies":[{"embeddable":true,"href":"http:\/\/fmriachuelo.it10.com.ar\/index.php\/wp-json\/wp\/v2\/comments?post=9982"}],"version-history":[{"count":0,"href":"http:\/\/fmriachuelo.it10.com.ar\/index.php\/wp-json\/wp\/v2\/posts\/9982\/revisions"}],"wp:featuredmedia":[{"embeddable":true,"href":"http:\/\/fmriachuelo.it10.com.ar\/index.php\/wp-json\/"}],"wp:attachment":[{"href":"http:\/\/fmriachuelo.it10.com.ar\/index.php\/wp-json\/wp\/v2\/media?parent=9982"}],"wp:term":[{"taxonomy":"category","embeddable":true,"href":"http:\/\/fmriachuelo.it10.com.ar\/index.php\/wp-json\/wp\/v2\/categories?post=9982"},{"taxonomy":"post_tag","embeddable":true,"href":"http:\/\/fmriachuelo.it10.com.ar\/index.php\/wp-json\/wp\/v2\/tags?post=9982"}],"curies":[{"name":"wp","href":"https:\/\/api.w.org\/{rel}","templated":true}]}}