{"id":9970,"date":"2019-05-31T19:03:17","date_gmt":"2019-05-31T19:03:17","guid":{"rendered":"http:\/\/fmriachuelo.com.ar\/?p=9970"},"modified":"2019-05-31T19:03:17","modified_gmt":"2019-05-31T19:03:17","slug":"cortometraje-abrazo-de-oso-aunque-no-lo-conoci-agradezco-lo-que-hizo","status":"publish","type":"post","link":"http:\/\/fmriachuelo.it10.com.ar\/index.php\/2019\/05\/31\/cortometraje-abrazo-de-oso-aunque-no-lo-conoci-agradezco-lo-que-hizo\/","title":{"rendered":"CORTOMETRAJE ABRAZO DE OSO: \u00abAUNQUE NO LO CONOC\u00cd, AGRADEZCO LO QUE HIZO.\u00bb"},"content":{"rendered":"<p><strong>[FM Riachuelo 31\/05\/2019] En el programa Rompe el Cerco informativo, nos visitaron los alumnos del \u00a0Programa de Alfabetizaci\u00f3n, Educaci\u00f3n B\u00e1sica y Trabajo (PAEByT), junto a su profesor Nacho. Lxs chicxs contaron sobre el documental que produjeron para el proyecto J\u00f3venes y Memoria, que busca relacionar el trabajo de lxs pibxs con los Derechos Humanos. Al cortometraje lo llamaron \u00abAbrazo de Oso\u00bb y trata sobre la tem\u00e1tica de consumos problem\u00e1ticos.<\/strong><\/p>\n<p>Este audiovisual fue seleccionado para transmitirse en el Festival<em><strong>\u00a0 \u201cAbramos el Juego\u201d<\/strong><\/em>, que se va a presentar hoy a las 14h en la Alianza Francesa (Av. C\u00f3rdoba 946). Nacho, nos cont\u00f3 c\u00f3mo fue que entre todxs decidieron la tem\u00e1tica:<em><strong> \u201cAl presentar el proyecto, la idea era que relacionemos el laburo con lxs j\u00f3venes y los Derechos Humanos. Por eso, a partir de una discusi\u00f3n que tuvimos en clase armamos un corto relacionado con el \u201cOso\u201d Cisneros, la problem\u00e1tica de consumo en el barrio y los distintos enfoques que hay. A partir de eso armamos entrevista, filmamos y lo editamos. Y fuimos a presentar el material a Chapadmalal\u201d.<\/strong><\/em><\/p>\n<p>Uno de lxs alumnxs H\u00e9ctor, se refiri\u00f3 a la figura de Martin \u201cOso\u201d Cisneros y dijo:<em><strong>\u201d No lo conoc\u00ed, pero agradezco lo que hizo, porque no cualquiera saca a lxs pibxs de la droga, lxs hace ocupar en otra cosa\u201d. Haciendo referencia a la lucha y trabajo de Mart\u00edn.<\/strong><\/em><\/p>\n<p>Tambi\u00e9n agreg\u00f3, que tuvieron complicaciones t\u00e9cnicas a la hora de producir y postproducir, pero que con sudor y esfuerzo pudieron hacerlo.<\/p>\n<p>Para finalizar la entrevista \u00a0entre an\u00e9cdota y an\u00e9cdota, contaron la experiencia del viaje a Chapadmalal, para algunxs la primera vez\u00a0 en que realizaban un viaje y conoc\u00edan el mar, expresaron:<em><strong> \u00abfue un d\u00eda muy feliz\u00bb.<\/strong><\/em><\/p>\n<p><strong>ESCUCHA LA ENTREVISTA:<\/strong>\u00a0<a href=\"https:\/\/ar.radiocut.fm\/audiocut\/cortometraje-abrazo-oso-aunque-no-lo-conoci-agradezco-lo-hizo\/?replay=11#evtCat=AudioCutDetail&amp;evtAct=Progress&amp;evtLabel=ExitReplay\">CORTOMETRAJE ABRAZO DE OSO: \u00abAUNQUE NO LO CONOC\u00cd, AGRADEZCO LO QUE HIZO.\u00bb<\/a><\/p>\n","protected":false},"excerpt":{"rendered":"<p>[FM Riachuelo 31\/05\/2019] En el programa Rompe el Cerco informativo, nos visitaron los alumnos del \u00a0Programa de Alfabetizaci\u00f3n, Educaci\u00f3n B\u00e1sica y Trabajo (PAEByT), junto a su profesor Nacho. Lxs chicxs contaron sobre el documental que produjeron para el proyecto J\u00f3venes y Memoria, que busca relacionar el trabajo de lxs pibxs con los Derechos Humanos. Al [&hellip;]<\/p>\n","protected":false},"author":5,"featured_media":9971,"comment_status":"open","ping_status":"open","sticky":false,"template":"","format":"standard","meta":{"_monsterinsights_skip_tracking":false,"_monsterinsights_sitenote_active":false,"_monsterinsights_sitenote_note":"","_monsterinsights_sitenote_category":0,"jnews-multi-image_gallery":[],"jnews_single_post":[],"jnews_primary_category":[],"_joinchat":[],"footnotes":""},"categories":[78,76,77],"tags":[],"class_list":["post-9970","post","type-post","status-publish","format-standard","has-post-thumbnail","hentry","category-economia-popular","category-salud-comunitaria","category-soberania"],"_links":{"self":[{"href":"http:\/\/fmriachuelo.it10.com.ar\/index.php\/wp-json\/wp\/v2\/posts\/9970","targetHints":{"allow":["GET"]}}],"collection":[{"href":"http:\/\/fmriachuelo.it10.com.ar\/index.php\/wp-json\/wp\/v2\/posts"}],"about":[{"href":"http:\/\/fmriachuelo.it10.com.ar\/index.php\/wp-json\/wp\/v2\/types\/post"}],"author":[{"embeddable":true,"href":"http:\/\/fmriachuelo.it10.com.ar\/index.php\/wp-json\/wp\/v2\/users\/5"}],"replies":[{"embeddable":true,"href":"http:\/\/fmriachuelo.it10.com.ar\/index.php\/wp-json\/wp\/v2\/comments?post=9970"}],"version-history":[{"count":0,"href":"http:\/\/fmriachuelo.it10.com.ar\/index.php\/wp-json\/wp\/v2\/posts\/9970\/revisions"}],"wp:featuredmedia":[{"embeddable":true,"href":"http:\/\/fmriachuelo.it10.com.ar\/index.php\/wp-json\/"}],"wp:attachment":[{"href":"http:\/\/fmriachuelo.it10.com.ar\/index.php\/wp-json\/wp\/v2\/media?parent=9970"}],"wp:term":[{"taxonomy":"category","embeddable":true,"href":"http:\/\/fmriachuelo.it10.com.ar\/index.php\/wp-json\/wp\/v2\/categories?post=9970"},{"taxonomy":"post_tag","embeddable":true,"href":"http:\/\/fmriachuelo.it10.com.ar\/index.php\/wp-json\/wp\/v2\/tags?post=9970"}],"curies":[{"name":"wp","href":"https:\/\/api.w.org\/{rel}","templated":true}]}}