{"id":9965,"date":"2019-05-30T20:19:03","date_gmt":"2019-05-30T20:19:03","guid":{"rendered":"http:\/\/fmriachuelo.com.ar\/?p=9965"},"modified":"2019-05-30T20:19:03","modified_gmt":"2019-05-30T20:19:03","slug":"29m-un-ejercicio-practico-para-seguir-acumulando-fuerzas-y-construyendo-poder-popular","status":"publish","type":"post","link":"http:\/\/fmriachuelo.it10.com.ar\/index.php\/2019\/05\/30\/29m-un-ejercicio-practico-para-seguir-acumulando-fuerzas-y-construyendo-poder-popular\/","title":{"rendered":"29M: \u201cUN EJERCICIO PR\u00c1CTICO PARA SEGUIR ACUMULANDO FUERZAS Y CONSTRUYENDO PODER POPULAR\u201d"},"content":{"rendered":"<p><b>[FM Riachuelo 30\/05\/2019] En el d\u00eda de ayer, a 50 a\u00f1os de la gesta popular conocida como el \u201cCordobazo\u201d, el pueblo argentino hizo de la convocatoria al Paro Nacional del 29M una gran jornada de lucha y resistencia callejera en todos los rincones de nuestra Patria. A menos de 24 horas, la agenda multimedi\u00e1tica que el Poder y su l\u00f3gica hegem\u00f3nica imponen intenta que su importancia y contundencia pasen inadvertidas o s\u00f3lo se ti\u00f1an de un tono electoralista que alimente las disputas de la ingenier\u00eda electoral. Para intentar profundizar e indagar un poco m\u00e1s all\u00e1 en el balance y an\u00e1lisis que deja la jornada del 29M, entrevistamos a Lito Borello, Secretario de DDHH de la CTEP.<\/b><\/p>\n<p><b>FMR: Ayer en el marco de la jornada de lucha y paro de lxs trabajadores del 29M nuevamente se dieron distintos actos que construyeron variadas conclusiones sobre la medida. Por un lado la conferencia de prensa de la CGT, por el otro Moyano y su espacio sindical, por el otro lado el acto en el Obelisco y otros tantos. \u00bfCu\u00e1l es el balance para el Secretario de DDHH de la CTEP?<\/b><\/p>\n<p><span style=\"font-weight: 400\"><strong>LB:<\/strong> Se sigue mostrando un universo todav\u00eda disperso, con falta de unidad, de articulaci\u00f3n y coordinaci\u00f3n y mucho m\u00e1s de conducci\u00f3n. Pero creo que en el marco de esa realidad, hay que destacar que nuestro pueblo contin\u00faa aprovechando cada expresi\u00f3n de lucha que se logra alcanzar como medidas de car\u00e1cter nacional, para salir a la calle, para movilizarse para seguir organiz\u00e1ndose y para seguir entendiendo que estas luchas, estos paros que estas jornadas nacionales de protestas, tienen y deben ser interpretadas como jalones en el proceso de acumulaci\u00f3n de fuerzas de nuestro pueblo necesarias, no solamente para resistir la embestida de las pol\u00edticas del imperio, del capitalismo y de los poderosos, sino tambi\u00e9n para ir construyendo el poder popular capaz de construir otra Argentina, otra sociedad, otra situaci\u00f3n digna para los sectores populares y lxs trabajadorxs. <\/span><\/p>\n<p><span style=\"font-weight: 400\">Por eso, no debemos pensar e interpretar todo en clave de la arquitectura electoral de octubre. Necesitamos tambi\u00e9n incorporar en la lectura de nuestras organizaciones y de nuestrxs compa\u00f1erxs el criterio de \u00e9xito de que cada lucha nos permite salir a la calle y generar un ejercicio de acumulaci\u00f3n de fuerzas para ir enhebrando y uniendo en los territorios, con lxs que luchan, un abanico muy amplio y plural de fuerzas que vayan comprendiendo en perspectiva la necesidad cada vez m\u00e1s urgente de construir otro mundo posible.<\/span><\/p>\n<p><b>FMR: En el marco de un gobierno que se va y que ha perdido totalmente su credibilidad y apoyo por parte de la sociedad, \u00bfc\u00f3mo debemos entender e interpretar las declaraciones p\u00fablicas que, desde temprano, dio ayer la Ministra de Seguridad Patricia Bullrich y las del presidente Macri en el acto por el d\u00eda del Ej\u00e9rcito argentino en medio del contundente Paro de 29M?<\/b><\/p>\n<p><span style=\"font-weight: 400\"><strong>LB:<\/strong>Las palabras de patricia Bullrich son parte de las caracter\u00edsticas que adopta este personaje oscuro y nefasto que ella es. Siempre ligado a las estrategias del poder, del que es parte, independientemente de donde se pare o haya parado en los distintos momentos de la historia en el escenario pol\u00edtico local. Solamente se concibe que pueda seguir siendo Ministra en el marco de un gobierno de Mauricio Macri como la expresi\u00f3n de los sectores m\u00e1s recalcitrantes, del n\u00facleo m\u00e1s selecto de la elite del poder local, representando a los poderes internacionales. El tono de sus declaraciones, as\u00ed como el discurso de Mauricio Macri en el acto del d\u00eda del Ej\u00e9rcito, demuestran que ambos est\u00e1n dispuestos a hacer lo que sea necesario para seguir siendo, a como d\u00e9 lugar, la expresi\u00f3n de los sectores minoritarios, pero de m\u00e1s poder en lo local y en representaci\u00f3n de los poderes globales. Demuestra que no se correr\u00e1n del escenario sin librar una batalla. Son de temer las declaraciones de Macri en el acto del d\u00eda del ej\u00e9rcito, ponderando a la familia militar al mismo tiempo que al fiscal Stornelli. Una clara expresi\u00f3n de la impunidad de los poderosos. <\/span><\/p>\n<p><b>FMR: Y a la impunidad la complementaron, nuevamente, con represi\u00f3n en el Puente Pueyrred\u00f3n. Y por si fuera poco haciendo gala del chiche nuevo que les regal\u00f3 el G20\u2026 \u00bfque opini\u00f3n te merece esto?<\/b><\/p>\n<p><span style=\"font-weight: 400\"><strong>LB:<\/strong>Las \u201cs\u00faper vallas\u201d utilizadas en el dispositivo represivo de Pte. Pueyrred\u00f3n tambi\u00e9n demuestran c\u00f3mo este gobierno se ha caracterizado por seguir elevando y tecnificando su capacidad represiva, al tiempo que no deja de sorprender que en las vallas aparece escrito en ingl\u00e9s la palaba \u201cSTOP\u201d como clara expresi\u00f3n de qui\u00e9nes y cu\u00e1les son los intereses que realmente sostienen a este gobierno nacional. Es un mensaje subliminal hacia los poderosos para indicarles que est\u00e1n dispuestos a someter al pueblo para defender los intereses del imperio y del capitalismo. <\/span><\/p>\n<p><span style=\"font-weight: 400\">Repudiamos en\u00e9rgicamente la actitud de enfrentar a un pueblo en lucha, a lxs trabajadores y sus organizaciones populares, con la salida represiva. Esto nos reafirma nuevamente que no existe ninguna voluntad pol\u00edtica de este gobierno de escuchar los reclamos ni de ser sensibles a los padecimientos que generan sus pol\u00edticas. Queda claro que seguir\u00e1n siendo las salidas represivas, las que le impongan a nuestro pueblo frente al rebelde y digno reclamo cotidiano de lxs nuestrxs.<\/span><\/p>\n<p><b>FMR: Vimos como en este 29 de mayo muchas de las medidas que se llevaron adelante en los territorios eligieron como epicentro las plazas o espacios p\u00fablicos de referencia de los distintos barrios. \u00bfCrees que es una nueva modalidad de la lucha? \u00a0<\/b><\/p>\n<p><span style=\"font-weight: 400\"><strong>LB:<\/strong>\u00a0Nosotrxs saludamos y entendemos realmente afortunada la idea de haber orientado a que se hicieran cientos de actividades diversas en los territorios para acompa\u00f1ar y convertir el paro \u201cdominguero\u201d en paro activo. Entendemos que esta vez muchas plazas se convirtieron en el escenario en donde distintas organizaciones, que en los territorios cotidianamente articulan trabajando en red por las reivindicaciones del barrio all\u00ed, desplegaron esta medida de lucha. Es en las plazas donde naturalmente nuestro pueblo confluye ante medidas de lucha o momentos en que hacen falta la coordinaci\u00f3n de las fuerzas populares, las organizaciones libres del pueblo. Por lo tanto, hay que destacar esta caracter\u00edstica hacia futuras medidas de lucha. Deber\u00eda ser una orientaci\u00f3n a tener en los territorios, c\u00f3mo convertir, c\u00f3mo tomar, c\u00f3mo elegir las plazas o espacios p\u00fablicos de los barrios como el lugar donde se centre la articulaci\u00f3n de la lucha. <\/span><\/p>\n<p><b>FMR: \u00bfQu\u00e9 significado y qu\u00e9 importancia tienen estas nuevas formas de lucha? \u00bfCu\u00e1l es o cu\u00e1les son sus criterios de \u00e9xito?<\/b><\/p>\n<p><span style=\"font-weight: 400\"><strong>LB:<\/strong> Hay que tratar de desmarcarse del intento de los medios hegem\u00f3nicos de empujarnos a interpretar que todo plan de lucha solamente puede ser capitalizado y acumulado en la ingenier\u00eda electoral. Creo que hay que ayudar y propender a que en nuestras organizaciones de base se entienda que estas medidas de lucha son un ejercicio pr\u00e1ctico para seguir acumulando fuerzas y construyendo poder popular. Las medidas de lucha van enhebrando las distintas expresiones de lucha que van naciendo en nuestro pueblo, de distintas maneras, con distintos actores y distintas expresiones organizativas. Desde los territorios van confluyendo naturalmente, aunque no tengan terminales nacionales. Bienvenida sea la incorporaci\u00f3n de cada uno de los sectores que en estas medidas de lucha se van poniendo a disposici\u00f3n, se acercan, tanto sea de manera individual o colectiva y que van permitiendo un aumento de la referencia de las organizaciones populares en los barrios. <\/span><\/p>\n<p><span style=\"font-weight: 400\">Nos estamos preparando para las batallas por venir y parte de estos ejercicios pr\u00e1cticos, al calor del despliegue de jornada de lucha de car\u00e1cter nacional en las barriadas, se convierten en parte de esas batallas que tienen un sentido de aprendizaje para nuestro pueblo.<\/span><\/p>\n<p><span style=\"font-weight: 400\">Nos sentimos orgullosos de haber sido parte de la jornada de lucha del 29 de mayo como parte del proceso de lucha que va librando a nuestro pueblo. En un sentido y en una direcci\u00f3n de ir incorpor\u00e1ndonos a la posibilidad de retomar el curso de un nuevo tiempo emancipador para una segunda y definitiva independencia en toda la regi\u00f3n nuestraamericana. Por lo tanto, no dejamos de reconocer tambi\u00e9n estas medidas de luchas en el marco de las distintas acciones que vienen haciendo los pueblos nuestroamericanos para retomar el curso hist\u00f3rico de esta segunda etapa emancipatoria. <\/span><\/p>\n<p><b>FMR: Por \u00faltimo, \u00bfque reflexi\u00f3n te merece hacer que esta medida que acabas de analizar se haya realizado un 29 de mayo a 50 a\u00f1os del \u201cCordobazo\u201d?<\/b><\/p>\n<p><span style=\"font-weight: 400\"><strong>LB:<\/strong> Homenajear los 50 a\u00f1os del Cordobazo en la calle, movilizadxs y sinti\u00e9ndonos herederxs de aquella gesta, nos parece una manera sencilla, pr\u00e1ctica y comprensible para nuestros compa\u00f1eros y compa\u00f1eras y para nuestro pueblo en general. Llevar adelante una jornada nacional de protesta de punta a punta del pa\u00eds con cientos de actividades callejeras incorporando a la mayor cantidad posible de pueblo organizado en este paro activo fue la manera m\u00e1s afortunada de haber honrado los hechos del Cordobazo de aquel 29 de mayo. <\/span><\/p>\n","protected":false},"excerpt":{"rendered":"<p>[FM Riachuelo 30\/05\/2019] En el d\u00eda de ayer, a 50 a\u00f1os de la gesta popular conocida como el \u201cCordobazo\u201d, el pueblo argentino hizo de la convocatoria al Paro Nacional del 29M una gran jornada de lucha y resistencia callejera en todos los rincones de nuestra Patria. A menos de 24 horas, la agenda multimedi\u00e1tica que [&hellip;]<\/p>\n","protected":false},"author":5,"featured_media":9542,"comment_status":"open","ping_status":"open","sticky":false,"template":"","format":"standard","meta":{"_monsterinsights_skip_tracking":false,"_monsterinsights_sitenote_active":false,"_monsterinsights_sitenote_note":"","_monsterinsights_sitenote_category":0,"jnews-multi-image_gallery":[],"jnews_single_post":[],"jnews_primary_category":[],"_joinchat":[],"footnotes":""},"categories":[79,76],"tags":[],"class_list":["post-9965","post","type-post","status-publish","format-standard","has-post-thumbnail","hentry","category-nadie-se-salva-solo","category-salud-comunitaria"],"_links":{"self":[{"href":"http:\/\/fmriachuelo.it10.com.ar\/index.php\/wp-json\/wp\/v2\/posts\/9965","targetHints":{"allow":["GET"]}}],"collection":[{"href":"http:\/\/fmriachuelo.it10.com.ar\/index.php\/wp-json\/wp\/v2\/posts"}],"about":[{"href":"http:\/\/fmriachuelo.it10.com.ar\/index.php\/wp-json\/wp\/v2\/types\/post"}],"author":[{"embeddable":true,"href":"http:\/\/fmriachuelo.it10.com.ar\/index.php\/wp-json\/wp\/v2\/users\/5"}],"replies":[{"embeddable":true,"href":"http:\/\/fmriachuelo.it10.com.ar\/index.php\/wp-json\/wp\/v2\/comments?post=9965"}],"version-history":[{"count":0,"href":"http:\/\/fmriachuelo.it10.com.ar\/index.php\/wp-json\/wp\/v2\/posts\/9965\/revisions"}],"wp:featuredmedia":[{"embeddable":true,"href":"http:\/\/fmriachuelo.it10.com.ar\/index.php\/wp-json\/"}],"wp:attachment":[{"href":"http:\/\/fmriachuelo.it10.com.ar\/index.php\/wp-json\/wp\/v2\/media?parent=9965"}],"wp:term":[{"taxonomy":"category","embeddable":true,"href":"http:\/\/fmriachuelo.it10.com.ar\/index.php\/wp-json\/wp\/v2\/categories?post=9965"},{"taxonomy":"post_tag","embeddable":true,"href":"http:\/\/fmriachuelo.it10.com.ar\/index.php\/wp-json\/wp\/v2\/tags?post=9965"}],"curies":[{"name":"wp","href":"https:\/\/api.w.org\/{rel}","templated":true}]}}