{"id":9941,"date":"2019-05-30T15:55:39","date_gmt":"2019-05-30T15:55:39","guid":{"rendered":"http:\/\/fmriachuelo.com.ar\/?p=9941"},"modified":"2019-05-30T15:55:39","modified_gmt":"2019-05-30T15:55:39","slug":"en-los-barrios-populares-el-paro-fue-activo-organizacion-unidad-y-lucha-en-la-calle","status":"publish","type":"post","link":"http:\/\/fmriachuelo.it10.com.ar\/index.php\/2019\/05\/30\/en-los-barrios-populares-el-paro-fue-activo-organizacion-unidad-y-lucha-en-la-calle\/","title":{"rendered":"EN LOS BARRIOS POPULARES EL PARO FUE ACTIVO: ORGANIZACI\u00d3N, UNIDAD Y LUCHA EN LA CALLE"},"content":{"rendered":"<p><strong>[FM Riachuelo 30\/05\/2019] En m\u00faltiples puntos del pa\u00eds los sectores populares y sus organizaciones estuvieron en la calle y con un Paro Activo para decir que hay una agenda impostergable y urgente de Techo, Tierra y Trabajo para nuestro Pueblo; que Macri se tiene que ir, porque Macri es igual a Hambre; y que la \u00fanica forma de conquistar otro mundo posible es con lucha, organizaci\u00f3n y unidad. Estas y otras consignas grafiteras son las que FM Riachuelo intent\u00f3 rescatar en una jornada marcada por la alt\u00edsima adhesi\u00f3n del paro y el repudio generalizado a las pol\u00edticas de ajuste. En m\u00e1s de un asfalto tambi\u00e9n rindieron las ollas populares un expreso homenaje a lxs luchadorxs del Cordobazo a 50 a\u00f1os de esta jornada hist\u00f3rica.<\/strong><\/p>\n<figure id=\"attachment_9955\" aria-describedby=\"caption-attachment-9955\" style=\"width: 300px\" class=\"wp-caption alignnone\"><img loading=\"lazy\" decoding=\"async\" class=\"wp-image-9955 size-medium\" src=\"http:\/\/fmriachuelo.com.ar\/wp-content\/uploads\/2019\/05\/61691275_2403836296342205_8881227009250820096_n-300x225.jpg\" alt=\"\" width=\"300\" height=\"225\" \/><figcaption id=\"caption-attachment-9955\" class=\"wp-caption-text\">Puente Nicol\u00e1s Avellaneda _ Dock Sud<\/figcaption><\/figure>\n<p><span lang=\"ES-AR\"><span style=\"color: #000000;font-family: Calibri\">El paro en La Boca comenz\u00f3 en horas de la ma\u00f1ana, cuando las nubes grises dejaban salir un poco de sol que acompa\u00f1\u00f3 los primeros calorcitos de las ollas con el mate cocido. En la Plaza Sol\u00eds y Plaza Matheu lxs compa\u00f1erxs del Paseo de la Econom\u00eda Popular Mart\u00edn \u201cOso\u201d Cisneros, la Casa Popular El Patio, la FM Riachuelo y la Cooperativa de Recicladores de La Boca plantaron un desayuno de la resistencia que fue apoyado por vecinxs que en seguida conversaban su situaci\u00f3n.<\/span><\/span><\/p>\n<figure id=\"attachment_9946\" aria-describedby=\"caption-attachment-9946\" style=\"width: 640px\" class=\"wp-caption aligncenter\"><img loading=\"lazy\" decoding=\"async\" class=\"wp-image-9946 size-large\" src=\"http:\/\/fmriachuelo.com.ar\/wp-content\/uploads\/2019\/05\/WhatsApp-Image-2019-05-29-at-1.22.19-PM-1025x684.jpeg\" alt=\"\" width=\"640\" height=\"427\" \/><figcaption id=\"caption-attachment-9946\" class=\"wp-caption-text\">Plaza Sol\u00eds en el barrio de la Boca<\/figcaption><\/figure>\n<p>Las banderas que vest\u00edan las ollas y las calles ten\u00edan un mensaje concreto: \u201cEl hambre no se tolera, la dignidad no se negocia\u201d. La consigna tambi\u00e9n aparec\u00eda estampada en las conversaciones que se o\u00edan de los vecinxs que se acercaban poco a poco a compartir una chocolatada caliente con torta frita. Por otro lado, lxs compa\u00f1erxs de las organizaciones planteaban la importancia de ganar la calle en estos momentos. Ve\u00edan la necesidad de que el paro fuera activo para poder ganar un espacio que invite a organizarse y luchar contra el ajuste y sus consecuencias: \u201ces importante hacer un paro activo para mostrar que en los territorios se construye la resistencia popular\u201d, contaba Mart\u00edn Vel\u00e1zquez integrante de la Casa Popular el Patio.<\/p>\n<!--[if lt IE 9]><script>document.createElement('audio');<\/script><![endif]-->\n<audio class=\"wp-audio-shortcode\" id=\"audio-9941-1\" preload=\"none\" style=\"width: 100%;\" controls=\"controls\"><source type=\"audio\/mpeg\" src=\"http:\/\/fmriachuelo.com.ar\/wp-content\/uploads\/2019\/05\/MARTIN.mp3?_=1\" \/><a href=\"http:\/\/fmriachuelo.com.ar\/wp-content\/uploads\/2019\/05\/MARTIN.mp3\">http:\/\/fmriachuelo.com.ar\/wp-content\/uploads\/2019\/05\/MARTIN.mp3<\/a><\/audio>\n<p><span lang=\"ES-AR\"><span style=\"color: #000000;font-family: Calibri\">La unidad desde abajo, vivencia de los barrios no siempre tan bien atendida o comprendida en los despachos de las dirigencias, fue otra caracter\u00edstica de las actividades callejeras. En La Boca, las ollas de Los Pibes contaron con la participaci\u00f3n de cumpas del Frente Popular Dar\u00edo Santill\u00e1n, del MTL Rebelde y del Movimiento Popular La Dignidad: \u201ces important\u00edsimo que ocupemos la calle porque es nuestra forma de reclamar nuestros derechos, como trabajadores de cooperativas\u201d, destac\u00f3 en alg\u00fan micr\u00f3fono Daniela del FPDS. Tambi\u00e9n se arrimaron lxs compa\u00f1erxs del sindicato de trabajadores Viales (SEVINA), laburantes de una experiencia emblem\u00e1tica de recuperaci\u00f3n del trabajo y el espacio p\u00fablico como es la del Puente Nicol\u00e1s Avellaneda. <\/span><\/span><\/p>\n<audio class=\"wp-audio-shortcode\" id=\"audio-9941-2\" preload=\"none\" style=\"width: 100%;\" controls=\"controls\"><source type=\"audio\/mpeg\" src=\"http:\/\/fmriachuelo.com.ar\/wp-content\/uploads\/2019\/05\/DANIELA-MPLD.mp3?_=2\" \/><a href=\"http:\/\/fmriachuelo.com.ar\/wp-content\/uploads\/2019\/05\/DANIELA-MPLD.mp3\">http:\/\/fmriachuelo.com.ar\/wp-content\/uploads\/2019\/05\/DANIELA-MPLD.mp3<\/a><\/audio>\n<p>En Avellaneda, otra experiencia de unidad desde la lucha: un grupo nutrido de militantes que forman parte de la Mesa de Organizaciones Sociales de esa localidad, pusieron su olla y su piquete en el Puente Nicol\u00e1s Avellaneda, del lado de Dock Sud, \u201choy estamos en este parazo, todos en la calle. Tambi\u00e9n recordando los 50 a\u00f1os del Cordobazo, recordar a aquellos compa\u00f1eros y estudiantes que estuvieron luchando y salieron a la calle a defender ese momento que era un quiebre para la sociedad\u201d, expres\u00f3 con mucho sentimiento Jos\u00e9 Medina, Secretario General de la CTA Aut\u00f3noma de Avellaneda y cooperativista de la UST.<\/p>\n<audio class=\"wp-audio-shortcode\" id=\"audio-9941-3\" preload=\"none\" style=\"width: 100%;\" controls=\"controls\"><source type=\"audio\/mpeg\" src=\"http:\/\/fmriachuelo.com.ar\/wp-content\/uploads\/2019\/05\/MEDINA.mp3?_=3\" \/><a href=\"http:\/\/fmriachuelo.com.ar\/wp-content\/uploads\/2019\/05\/MEDINA.mp3\">http:\/\/fmriachuelo.com.ar\/wp-content\/uploads\/2019\/05\/MEDINA.mp3<\/a><\/audio>\n<p><span lang=\"ES-AR\"><span style=\"color: #000000;font-family: Calibri\">Un poco m\u00e1s al sur, por Lomas de Zamora, el Comedor Juntos y Unidos del barrio San Jos\u00e9 fue una muestra, de tantos que hay, de los que se organizan todos los d\u00edas para enfrentar el hambre en los barrios y decidieron tomar la jornada del paro \u201cpara estar presentes en la lucha para hacer una patria mejor para todos\u201d.<\/span><\/span><\/p>\n<audio class=\"wp-audio-shortcode\" id=\"audio-9941-4\" preload=\"none\" style=\"width: 100%;\" controls=\"controls\"><source type=\"audio\/mpeg\" src=\"http:\/\/fmriachuelo.com.ar\/wp-content\/uploads\/2019\/05\/MARGA.mp3?_=4\" \/><a href=\"http:\/\/fmriachuelo.com.ar\/wp-content\/uploads\/2019\/05\/MARGA.mp3\">http:\/\/fmriachuelo.com.ar\/wp-content\/uploads\/2019\/05\/MARGA.mp3<\/a><\/audio>\n<p>Por el Riachuelo navegaron tambi\u00e9n noticias de Entre R\u00edos, de los dos r\u00edos: en La Paz y en Concordia el pueblo tambi\u00e9n estuvo organizado y en la calle. En la Paz, sobre el Paran\u00e1, tuvo lugar una movilizaci\u00f3n que expres\u00f3 a las claras la forma en el que la jornada de Paro se hizo tambi\u00e9n de lucha por Tierra, Techo y Trabajo: la agrupaci\u00f3n Pocho Lepratti en la Mesa Gremial 19 y 20 \u2013 CTEP, junto a la CCC, aprovech\u00f3 la jornada de lucha para dejar en evidencia un reclamo hist\u00f3rico por el h\u00e1bitat y la vivienda. Marcharon hasta el municipio y presentaron un petitorio de reclamo exigiendo, entre otras cosas,\u00a0la conexi\u00f3n de agua potable en los barrios:<a href=\"https:\/\/ar.radiocut.fm\/audiocut\/tenemos-unirnos-con-otras-organizaciones-para-lograr-reclamos-se-concreten-j-c-sanchez\/\"> \u201cnosotros no pod\u00edamos quedarnos con un paro dominguero, ha sido una jornada importante para los trabajadores de la Econom\u00eda Popular\u201d, <\/a>dijo durante una entrevista Juan Carlos S\u00e1nchez integrante de la organizaci\u00f3n Pocho Lepatti.<\/p>\n<p>En Concordia, ahora sobre el R\u00edo Uruguay, en el barrio Carretera la Cruz, El Merendero Los Hermanos convid\u00f3 a todxs lxs vecinxs una chocolatada con tortas fritas, que prepar\u00f3 la juventud que forma parte del merendero y que intentan construir una sociedad m\u00e1s justa. A pesar de la adversidad que provocan las medidas de este gobierno,\u00a0 logran brindarle a lxs m\u00e1s golpeados un lugar de contenci\u00f3n. Estos j\u00f3venes est\u00e1n dispuestos a emprender nuevas experiencias de la Econom\u00eda Popular y as\u00ed\u00a0 resisten creando con sus propias manos huertas para producir sus propios alimentos y encontrar soluci\u00f3n al hambre que en estos tiempos acorrala al pueblo.<\/p>\n<figure id=\"attachment_9951\" aria-describedby=\"caption-attachment-9951\" style=\"width: 640px\" class=\"wp-caption aligncenter\"><img loading=\"lazy\" decoding=\"async\" class=\"wp-image-9951 size-large\" src=\"http:\/\/fmriachuelo.com.ar\/wp-content\/uploads\/2019\/05\/WhatsApp-Image-2019-05-29-at-6.21.20-PM-1025x769.jpeg\" alt=\"\" width=\"640\" height=\"480\" \/><figcaption id=\"caption-attachment-9951\" class=\"wp-caption-text\">Concordia, Entre Rios, Huerta Comunitaria<\/figcaption><\/figure>\n<p><span lang=\"ES-AR\"><span style=\"color: #000000;font-family: Calibri\">Para finalizar la recorrida, pasamos por la Comunidad Pacheco, en el partido de Tigre, porque el debate para profundizar en un programa popular tambi\u00e9n asoma como un desaf\u00edo de la \u00e9poca que se encar\u00f3 en este Paro desde la organizaci\u00f3n popular. En Pacheco fue bajo la forma de un plenario y asamblea \u201cla crisis alimentaria que padecemos empuja a las organizaciones sociales a tomar cartas en el asunto, reflexionar sobre el modelo de producci\u00f3n, distribuci\u00f3n y consumo, y realizar acciones concretas que construyan el camino hacia la soberan\u00eda alimentaria\u201d, explicaba durante una entrevista para FM Riachuelo Valeria coordinadora del espacio. <\/span><\/span><\/p>\n<p><span lang=\"ES-AR\"><span style=\"color: #000000;font-family: Calibri\">El paro fue de calles desiertas por su adhesi\u00f3n masiva, pero tambi\u00e9n fue de calles llenas de un Pueblo que empuja para ser protagonista de la construcci\u00f3n de un pa\u00eds y un continente sin ajustadores ni excluidos, con Justicia Social y derechos para el movimiento de trabajadores.<\/span><\/span><\/p>\n<figure id=\"attachment_9948\" aria-describedby=\"caption-attachment-9948\" style=\"width: 640px\" class=\"wp-caption aligncenter\"><img loading=\"lazy\" decoding=\"async\" class=\"wp-image-9948 size-large\" src=\"http:\/\/fmriachuelo.com.ar\/wp-content\/uploads\/2019\/05\/WhatsApp-Image-2019-05-29-at-6.39.50-PM-1025x662.jpeg\" alt=\"\" width=\"640\" height=\"413\" \/><figcaption id=\"caption-attachment-9948\" class=\"wp-caption-text\">Plaza Matheu, en el barrio de la Boca<\/figcaption><\/figure>\n<p><a href=\"https:\/\/www.facebook.com\/Lospibeslaboca\/posts\/2403838853008616\">GALER\u00cdA DE IM\u00c1GENES <\/a><\/p>\n<p>&nbsp;<\/p>\n","protected":false},"excerpt":{"rendered":"<p>[FM Riachuelo 30\/05\/2019] En m\u00faltiples puntos del pa\u00eds los sectores populares y sus organizaciones estuvieron en la calle y con un Paro Activo para decir que hay una agenda impostergable y urgente de Techo, Tierra y Trabajo para nuestro Pueblo; que Macri se tiene que ir, porque Macri es igual a Hambre; y que la [&hellip;]<\/p>\n","protected":false},"author":5,"featured_media":9960,"comment_status":"open","ping_status":"open","sticky":false,"template":"","format":"standard","meta":{"_monsterinsights_skip_tracking":false,"_monsterinsights_sitenote_active":false,"_monsterinsights_sitenote_note":"","_monsterinsights_sitenote_category":0,"jnews-multi-image_gallery":[],"jnews_single_post":[],"jnews_primary_category":[],"_joinchat":[],"footnotes":""},"categories":[79,76],"tags":[],"class_list":["post-9941","post","type-post","status-publish","format-standard","has-post-thumbnail","hentry","category-nadie-se-salva-solo","category-salud-comunitaria"],"_links":{"self":[{"href":"http:\/\/fmriachuelo.it10.com.ar\/index.php\/wp-json\/wp\/v2\/posts\/9941","targetHints":{"allow":["GET"]}}],"collection":[{"href":"http:\/\/fmriachuelo.it10.com.ar\/index.php\/wp-json\/wp\/v2\/posts"}],"about":[{"href":"http:\/\/fmriachuelo.it10.com.ar\/index.php\/wp-json\/wp\/v2\/types\/post"}],"author":[{"embeddable":true,"href":"http:\/\/fmriachuelo.it10.com.ar\/index.php\/wp-json\/wp\/v2\/users\/5"}],"replies":[{"embeddable":true,"href":"http:\/\/fmriachuelo.it10.com.ar\/index.php\/wp-json\/wp\/v2\/comments?post=9941"}],"version-history":[{"count":0,"href":"http:\/\/fmriachuelo.it10.com.ar\/index.php\/wp-json\/wp\/v2\/posts\/9941\/revisions"}],"wp:featuredmedia":[{"embeddable":true,"href":"http:\/\/fmriachuelo.it10.com.ar\/index.php\/wp-json\/"}],"wp:attachment":[{"href":"http:\/\/fmriachuelo.it10.com.ar\/index.php\/wp-json\/wp\/v2\/media?parent=9941"}],"wp:term":[{"taxonomy":"category","embeddable":true,"href":"http:\/\/fmriachuelo.it10.com.ar\/index.php\/wp-json\/wp\/v2\/categories?post=9941"},{"taxonomy":"post_tag","embeddable":true,"href":"http:\/\/fmriachuelo.it10.com.ar\/index.php\/wp-json\/wp\/v2\/tags?post=9941"}],"curies":[{"name":"wp","href":"https:\/\/api.w.org\/{rel}","templated":true}]}}