{"id":994,"date":"2014-11-03T12:37:00","date_gmt":"2014-11-03T12:37:00","guid":{"rendered":"http:\/\/fmriachuelo.observatorioess.org.ar\/index.php\/2014\/11\/03\/rio-tercero\/"},"modified":"2024-12-12T12:05:25","modified_gmt":"2024-12-12T15:05:25","slug":"rio-tercero","status":"publish","type":"post","link":"http:\/\/fmriachuelo.it10.com.ar\/index.php\/2014\/11\/03\/rio-tercero\/","title":{"rendered":"R\u00cdO TERCERO"},"content":{"rendered":"<p><\/p>\n<div><span style=\"font-size: large\"><span style=\"font-family: Verdana,sans-serif\"><b><span style=\"color: red\">a 19 a\u00f1os de la explosi\u00f3n de la f\u00e1brica militar<\/span><\/b><span><\/span>&nbsp;<\/span><\/span><\/div>\n<p><span style=\"font-size: small\"><span style=\"font-family: Verdana,sans-serif\">La conmemoraci\u00f3n de la explosi\u00f3n sucedida en 1995 en la F\u00e1brica Militar de R\u00edo Tercero,  comienza a las 9 con una misa frente al predio de la planta donde se inici\u00f3 el siniestro, y a las 18 habr\u00e1 una marcha convocada por la denominada Comisi\u00f3n de Damnificados, que agrupa a quienes iniciaron juicios al Estado en demanda del pago de resarcimientos por los da\u00f1os sufridos.<\/span><\/span><br \/><a name='more'><\/a><span style=\"font-size: small\"><span style=\"font-family: Verdana,sans-serif\"><b>La causa<\/b><\/span><\/span><br \/><span style=\"font-size: small\"><span style=\"font-family: Verdana,sans-serif\">El aniversario de la tragedia sucede en paralelo al avance de la justicia que&nbsp;investiga desde el 13 de octubre pasado, las responsabilidades pol\u00edticas y materiales de la explosi\u00f3n del arsenal, que provoc\u00f3 siete muertos y m\u00e1s de 300 heridos.&nbsp; La causa se sustancia en el&nbsp; Tribunal Oral Federal (TOF) 2 de C\u00f3rdoba.<br \/> En el juicio ya desfilaron 50 testigos y se espera recibir el testimonio de otros seis y las declaraciones de los cuatro imputados.<br \/> D\u00edas atr\u00e1s pidieron declarar los dos imputados que hasta ahora no hablaron en el juicio; Jorge Cornejo Torino y Diego Gatto, en tanto que Edberto Gonz\u00e1lez de la Vega y Carlos Franke, que ya lo hicieron, ampliar\u00edan sus declaraciones. Todos ellos ocupaban cargos en la planta&nbsp; y en Fabricaciones Militares al momento de las explosiones.<br \/> A\u00f9n est\u00e1 pendiente de resoluci\u00f3n por la C\u00e1mara Nacional de Casaci\u00f3n Penal el reclamo de fiscales y querellantes para que sean sumados a este proceso el ex presidente Carlos Menem y el ex jefe del Ej\u00e9rcito, Mart\u00edn Balza, que resultaron sobrese\u00eddos en instancias anteriores.<\/span><\/span><br \/><span style=\"font-size: small\"><span style=\"font-family: Verdana,sans-serif\"><span style=\"color: #3d85c6\"><b><span style=\"font-size: x-small\">FUENTE: TELAM<\/span><\/b><\/span><\/span><\/span><\/p>\n","protected":false},"excerpt":{"rendered":"<p>a 19 a\u00f1os de la explosi\u00f3n de la f\u00e1brica militar&nbsp; La conmemoraci\u00f3n de la explosi\u00f3n sucedida en 1995 en la F\u00e1brica Militar de R\u00edo Tercero, comienza a las 9 con una misa frente al predio de la planta donde se inici\u00f3 el siniestro, y a las 18 habr\u00e1 una marcha convocada por la denominada Comisi\u00f3n [&hellip;]<\/p>\n","protected":false},"author":4,"featured_media":0,"comment_status":"open","ping_status":"open","sticky":false,"template":"","format":"standard","meta":{"_monsterinsights_skip_tracking":false,"_monsterinsights_sitenote_active":false,"_monsterinsights_sitenote_note":"","_monsterinsights_sitenote_category":0,"jnews-multi-image_gallery":[],"jnews_single_post":{"format":"standard"},"jnews_primary_category":[],"_joinchat":[],"footnotes":""},"categories":[58],"tags":[73],"class_list":["post-994","post","type-post","status-publish","format-standard","hentry","category-noticiariachuelo","tag-nuestrargentina"],"_links":{"self":[{"href":"http:\/\/fmriachuelo.it10.com.ar\/index.php\/wp-json\/wp\/v2\/posts\/994","targetHints":{"allow":["GET"]}}],"collection":[{"href":"http:\/\/fmriachuelo.it10.com.ar\/index.php\/wp-json\/wp\/v2\/posts"}],"about":[{"href":"http:\/\/fmriachuelo.it10.com.ar\/index.php\/wp-json\/wp\/v2\/types\/post"}],"author":[{"embeddable":true,"href":"http:\/\/fmriachuelo.it10.com.ar\/index.php\/wp-json\/wp\/v2\/users\/4"}],"replies":[{"embeddable":true,"href":"http:\/\/fmriachuelo.it10.com.ar\/index.php\/wp-json\/wp\/v2\/comments?post=994"}],"version-history":[{"count":1,"href":"http:\/\/fmriachuelo.it10.com.ar\/index.php\/wp-json\/wp\/v2\/posts\/994\/revisions"}],"predecessor-version":[{"id":21905,"href":"http:\/\/fmriachuelo.it10.com.ar\/index.php\/wp-json\/wp\/v2\/posts\/994\/revisions\/21905"}],"wp:attachment":[{"href":"http:\/\/fmriachuelo.it10.com.ar\/index.php\/wp-json\/wp\/v2\/media?parent=994"}],"wp:term":[{"taxonomy":"category","embeddable":true,"href":"http:\/\/fmriachuelo.it10.com.ar\/index.php\/wp-json\/wp\/v2\/categories?post=994"},{"taxonomy":"post_tag","embeddable":true,"href":"http:\/\/fmriachuelo.it10.com.ar\/index.php\/wp-json\/wp\/v2\/tags?post=994"}],"curies":[{"name":"wp","href":"https:\/\/api.w.org\/{rel}","templated":true}]}}