{"id":993,"date":"2014-11-03T13:24:00","date_gmt":"2014-11-03T13:24:00","guid":{"rendered":"http:\/\/fmriachuelo.observatorioess.org.ar\/index.php\/2014\/11\/03\/sistema-de-pago-en-monedas-locales\/"},"modified":"2025-03-11T13:26:47","modified_gmt":"2025-03-11T16:26:47","slug":"sistema-de-pago-en-monedas-locales","status":"publish","type":"post","link":"http:\/\/fmriachuelo.it10.com.ar\/index.php\/2014\/11\/03\/sistema-de-pago-en-monedas-locales\/","title":{"rendered":"SISTEMA DE PAGO EN MONEDAS LOCALES"},"content":{"rendered":"<p><span style=\"font-size: large\"><span style=\"font-family: Verdana,sans-serif\"><b><span style=\"color: red\">Acuerdos de independencia<\/span><\/b><span><\/span><b><span style=\"color: red\"> Uruguay y Brasil acuerdan abandonar el d\u00f3lar y utilizar monedas locales para sus transacciones<\/span><\/b><span><\/span>&nbsp;<\/span><\/span><br \/><span style=\"font-size: small\"><span style=\"font-family: Verdana,sans-serif\">Las autoridades de los bancos centrales de Uruguay y Brasil llegaron a un acuerdo para que el comercio entre ambos pa\u00edses se realice en moneda local. El acuerdo fue firmado por los presidentes del Banco Central del Uruguay, Alberto Gra\u00f1a, y su par de Brasil, Alexandre Antonio Tombini, durante la XXVIII \u201cReuni\u00f3n de Presidentes de Bancos Centrales de Am\u00e9rica del Sur\u201d realizada en Lima, Per\u00fa.<\/span><\/span><br \/><a name='more'><\/a><\/p>\n<div align=\"justify\"><span style=\"font-size: small\"><span style=\"font-family: Verdana,sans-serif\">Seg\u00fan anunciaron, la integraci\u00f3n del Sistema de Pagos en Monedas Locales estar\u00e1 operativa a partir del primero de diciembre. Las autoridades adelantaron que est\u00e1n buscando un acuerdo similar con otros pa\u00edses de la regi\u00f3n.<br \/>Dentro de la Uni\u00f3n Sudamericana de Naciones (Unasur) ya hay una comisi\u00f3n que estudia una medida al respecto, aunque todav\u00eda no se han llegado a acuerdos.<br \/>Seg\u00fan un comunicado del BCU, el Sistema de Pagos en Monedas Locales se basa en un acuerdo bilateral mediante el cual las personas f\u00edsicas y jur\u00eddicas residentes pueden realizar pagos y cobros en sus respectivas monedas.<br \/>El mismo ser\u00e1 optativo y complementario del actual Convenio de Pagos y Cr\u00e9ditos Rec\u00edprocos de la Aladi (CPCR).<br \/>Tanto importador como exportador pagan y cobran en sus respectivas monedas. Los Bancos Centrales no asumen riesgo de cr\u00e9dito significativo con su contraparte (excepto por el margen de contingencia y semanal) ni riesgo de cr\u00e9dito con las entidades financieras.<br \/>Este sistema implicar\u00e1 cambio de est\u00e1ndares de comunicaci\u00f3n, por lo que el BCU ya informa y trabaja junto a los agentes del mercado para la puesta en funcionamiento del software que se utilizar\u00e1.<br \/>El sistema permitir\u00e1 realizar pagos de operaciones de comercio de bienes, servicios y gastos relacionados con \u00e9stas as\u00ed como pagos de operaciones de servicios, transferencias unilaterales clasificadas como jubilaciones y pensiones y env\u00edo de remesas.<br \/>Tiene como finalidades reducir los costos transaccionales, minimizar plazos para el procesamiento de operaciones, facilitar el proceso de inclusi\u00f3n financiera a personas f\u00edsicas, peque\u00f1as y medianas empresas y mejorar la calidad de los procesos para las que ya participan en estas operativas.<\/span><\/span><\/div>\n<div align=\"justify\"><span style=\"color: #3d85c6\"><span style=\"font-size: x-small\"><b><span style=\"font-family: Verdana,sans-serif\">FUENTE: NODAL<\/span> <\/b><\/span><\/span><\/div>\n<p><span style=\"font-size: small\"><b>  <\/b><\/span><\/p>\n","protected":false},"excerpt":{"rendered":"<p>Acuerdos de independencia Uruguay y Brasil acuerdan abandonar el d\u00f3lar y utilizar monedas locales para sus transacciones&nbsp;Las autoridades de los bancos centrales de Uruguay y Brasil llegaron a un acuerdo para que el comercio entre ambos pa\u00edses se realice en moneda local. El acuerdo fue firmado por los presidentes del Banco Central del Uruguay, Alberto [&hellip;]<\/p>\n","protected":false},"author":4,"featured_media":0,"comment_status":"open","ping_status":"open","sticky":false,"template":"","format":"standard","meta":{"_monsterinsights_skip_tracking":false,"_monsterinsights_sitenote_active":false,"_monsterinsights_sitenote_note":"","_monsterinsights_sitenote_category":0,"jnews-multi-image_gallery":[],"jnews_single_post":{"format":"standard"},"jnews_primary_category":[],"_joinchat":[],"footnotes":""},"categories":[58],"tags":[70],"class_list":["post-993","post","type-post","status-publish","format-standard","hentry","category-noticiariachuelo","tag-de-la-patria-grande"],"_links":{"self":[{"href":"http:\/\/fmriachuelo.it10.com.ar\/index.php\/wp-json\/wp\/v2\/posts\/993","targetHints":{"allow":["GET"]}}],"collection":[{"href":"http:\/\/fmriachuelo.it10.com.ar\/index.php\/wp-json\/wp\/v2\/posts"}],"about":[{"href":"http:\/\/fmriachuelo.it10.com.ar\/index.php\/wp-json\/wp\/v2\/types\/post"}],"author":[{"embeddable":true,"href":"http:\/\/fmriachuelo.it10.com.ar\/index.php\/wp-json\/wp\/v2\/users\/4"}],"replies":[{"embeddable":true,"href":"http:\/\/fmriachuelo.it10.com.ar\/index.php\/wp-json\/wp\/v2\/comments?post=993"}],"version-history":[{"count":1,"href":"http:\/\/fmriachuelo.it10.com.ar\/index.php\/wp-json\/wp\/v2\/posts\/993\/revisions"}],"predecessor-version":[{"id":21907,"href":"http:\/\/fmriachuelo.it10.com.ar\/index.php\/wp-json\/wp\/v2\/posts\/993\/revisions\/21907"}],"wp:attachment":[{"href":"http:\/\/fmriachuelo.it10.com.ar\/index.php\/wp-json\/wp\/v2\/media?parent=993"}],"wp:term":[{"taxonomy":"category","embeddable":true,"href":"http:\/\/fmriachuelo.it10.com.ar\/index.php\/wp-json\/wp\/v2\/categories?post=993"},{"taxonomy":"post_tag","embeddable":true,"href":"http:\/\/fmriachuelo.it10.com.ar\/index.php\/wp-json\/wp\/v2\/tags?post=993"}],"curies":[{"name":"wp","href":"https:\/\/api.w.org\/{rel}","templated":true}]}}