{"id":9914,"date":"2019-05-28T23:45:49","date_gmt":"2019-05-28T23:45:49","guid":{"rendered":"http:\/\/fmriachuelo.com.ar\/?p=9914"},"modified":"2019-05-28T23:45:49","modified_gmt":"2019-05-28T23:45:49","slug":"en-la-boca-el-paro-es-activo-y-en-la-calle","status":"publish","type":"post","link":"http:\/\/fmriachuelo.it10.com.ar\/index.php\/2019\/05\/28\/en-la-boca-el-paro-es-activo-y-en-la-calle\/","title":{"rendered":"EN LA BOCA EL PARO ES ACTIVO Y EN LA CALLE"},"content":{"rendered":"<p><strong>[FM Riachuelo 28\/05\/2019] Ma\u00f1ana se realizar\u00e1 un nuevo Paro General a nivel nacional en repudio del hambre, la precarizaci\u00f3n del trabajo y el modelo econ\u00f3mico impulsado por el gobierno de Macri. Como viene ocurriendo en las \u00faltimas medidas de lucha convocadas por la Confederaci\u00f3n General del Trabajo, brotan con ellas las convocatorias del Pueblo, las que nacen de los padecimientos crecientes en los barrios populares, de los trabajadores de la econom\u00eda popular, de los perseguidos y asesinados cotidianos por la \u00abSeguridad\u00bb de Bullrich. El barrio de La Boca es uno de esos barrios que a pocas horas del Paro, exclama desde sus paredes: \u00abEl paro es activo y en la calle. Luche que se van\u00bb.<\/strong><\/p>\n<p>En la previa de la jornada nacional de lucha, que el triunvirato de \u00abSan Cayetano\u00bb (CTEP &#8211; CCC &#8211; Barrios de Pie) ya defini\u00f3 de \u00abolla popular en los barrios\u00bb, FM Riachuelo recorri\u00f3 algunos de los espacios de la Organizaci\u00f3n Social y Pol\u00edtica Los Pibes para compartir con su militancia los preparativos del \u00abparo activo y en la calle\u00bb.<\/p>\n<!--[if lt IE 9]><script>document.createElement('audio');<\/script><![endif]-->\n<audio class=\"wp-audio-shortcode\" id=\"audio-9914-1\" preload=\"none\" style=\"width: 100%;\" controls=\"controls\"><source type=\"audio\/mpeg\" src=\"http:\/\/fmriachuelo.com.ar\/wp-content\/uploads\/2019\/05\/01-COMPILADO-C.P.-EL-PATIO-dylan-y-karen.mp3?_=1\" \/><a href=\"http:\/\/fmriachuelo.com.ar\/wp-content\/uploads\/2019\/05\/01-COMPILADO-C.P.-EL-PATIO-dylan-y-karen.mp3\">http:\/\/fmriachuelo.com.ar\/wp-content\/uploads\/2019\/05\/01-COMPILADO-C.P.-EL-PATIO-dylan-y-karen.mp3<\/a><\/audio>\n<p>&nbsp;<\/p>\n<p><img loading=\"lazy\" decoding=\"async\" class=\"aligncenter wp-image-9915 size-large\" src=\"http:\/\/fmriachuelo.com.ar\/wp-content\/uploads\/2019\/05\/WhatsApp-Image-2019-05-28-at-5.48.35-PM-1025x683.jpeg\" alt=\"\" width=\"640\" height=\"426\" \/>En la Casa Popular el Patio (Lamadrid 1053), que se dedica a rescatar a lxs pibes y pibas de los consumos problem\u00e1ticos a partir de experiencias productivas en el marco de la econom\u00eda popular, los compa\u00f1eros y las compa\u00f1eras estuvieron preparando pan casero para compartir en un desayuno popular en Plaza Matheu en la ma\u00f1ana del d\u00eda del paro: \u201cel paro se hace porque las cosas en el pa\u00eds est\u00e1n mal y es en las calles para que loxs vecinxs se acerquen y no est\u00e9n pasando hambre como lo est\u00e1n haciendo ahora\u201d, expresaba Dylan un joven integrante del espacio.<\/p>\n<p><img loading=\"lazy\" decoding=\"async\" class=\"wp-image-9931 size-large aligncenter\" src=\"http:\/\/fmriachuelo.com.ar\/wp-content\/uploads\/2019\/05\/WhatsApp-Image-2019-05-28-at-5.52.12-PM-1-1025x683.jpeg\" alt=\"\" width=\"640\" height=\"426\" \/><\/p>\n<p>La Cooperativa de Recicladores de la Boca, que inaugur\u00f3 este a\u00f1o su local de la calle Su\u00e1rez 241, viene haciendo en los \u00faltimos meses un gran esfuerzo para sostener un emprendimiento de panader\u00eda que complemente los ingresos cada vez m\u00e1s ajustados del reciclado, y que tambi\u00e9n d\u00e9 una mano a lxs compa\u00f1erxs y a lxs vecinxs a parar la olla en sus casas. \u00abLa idea es estar ma\u00f1ana con todos los vecinos, creemos que este gobierno no da para m\u00e1s. Nos est\u00e1 llevando a un desastre a nivel pa\u00eds. Nosotros elegimos estar en la calle, vamos a demostrar que estamos en lucha y junto al pueblo\u201d, contaba Sergio que se corri\u00f3 un instante de la asamblea de Los Recicladores para convidar un mate y charlar con la FMR. Al rato, a la ronda se sum\u00f3 Natalia que agregaba: \u201cEs bueno este paro para que vea el gobierno que no estamos desorganizados, estamos organizando a la gente, para que sepan lo que est\u00e1 pasando\u201d, expres\u00f3 por su parte Natalia que tambi\u00e9n forma parte de la cooperativa Recicladores.<\/p>\n<audio class=\"wp-audio-shortcode\" id=\"audio-9914-2\" preload=\"none\" style=\"width: 100%;\" controls=\"controls\"><source type=\"audio\/mpeg\" src=\"http:\/\/fmriachuelo.com.ar\/wp-content\/uploads\/2019\/05\/g.mp3?_=2\" \/><a href=\"http:\/\/fmriachuelo.com.ar\/wp-content\/uploads\/2019\/05\/g.mp3\">http:\/\/fmriachuelo.com.ar\/wp-content\/uploads\/2019\/05\/g.mp3<\/a><\/audio>\n<p>&nbsp;<\/p>\n<p>En Su\u00e1rez 421 funciona la FM Riachuelo, un Gimnasio donde se pr\u00e1ctica Boxeo para los pibes y las pibas del barrio y un comedor que alimenta a los participantes del espacio. Estas actividades,\u00a0se sostienen con mucho esfuerzo ante pol\u00edticas de ajuste que apuntan a desorganizar los barrios. A pesar de eso las compa\u00f1eras y los compa\u00f1eros siguen decididos a construir poder popular:\u00bbnosotros hacemos el paro en la calle\u00a0 para que lxs vecinxs sepan que pueden organizarse y de esa manera sumarse a la lucha\u00bb, dijo\u00a0una compa\u00f1era que amasaba pan casero para arrimar a las ollas del d\u00eda siguiente.<\/p>\n<p>La recorrida\u00a0 mostr\u00f3 un barrio que apuesta a la organizaci\u00f3n para construir un futuro mejor.\u00a0 En cada lugar nos encontramos con distintas formas de organizarse y ser solidarios, al salir\u00a0de cada espacio comunitario siempre nos despidieron de la misma manera : <strong>\u00abnos vemos en la lucha\u00bb.<\/strong><\/p>\n<p><img loading=\"lazy\" decoding=\"async\" class=\"aligncenter wp-image-9918 size-large\" src=\"http:\/\/fmriachuelo.com.ar\/wp-content\/uploads\/2019\/05\/WhatsApp-Image-2019-05-28-at-5.52.14-PM-1025x683.jpeg\" alt=\"\" width=\"640\" height=\"426\" \/><\/p>\n<p><strong><a href=\"https:\/\/www.facebook.com\/196659553722601\/posts\/2283758225012713\/\">GALER\u00cdA DE IM\u00c1GENES<\/a><\/strong><\/p>\n","protected":false},"excerpt":{"rendered":"<p>[FM Riachuelo 28\/05\/2019] Ma\u00f1ana se realizar\u00e1 un nuevo Paro General a nivel nacional en repudio del hambre, la precarizaci\u00f3n del trabajo y el modelo econ\u00f3mico impulsado por el gobierno de Macri. Como viene ocurriendo en las \u00faltimas medidas de lucha convocadas por la Confederaci\u00f3n General del Trabajo, brotan con ellas las convocatorias del Pueblo, las [&hellip;]<\/p>\n","protected":false},"author":5,"featured_media":9932,"comment_status":"open","ping_status":"open","sticky":false,"template":"","format":"standard","meta":{"_monsterinsights_skip_tracking":false,"_monsterinsights_sitenote_active":false,"_monsterinsights_sitenote_note":"","_monsterinsights_sitenote_category":0,"jnews-multi-image_gallery":[],"jnews_single_post":[],"jnews_primary_category":[],"_joinchat":[],"footnotes":""},"categories":[80,76],"tags":[],"class_list":["post-9914","post","type-post","status-publish","format-standard","has-post-thumbnail","hentry","category-educacion","category-salud-comunitaria"],"_links":{"self":[{"href":"http:\/\/fmriachuelo.it10.com.ar\/index.php\/wp-json\/wp\/v2\/posts\/9914","targetHints":{"allow":["GET"]}}],"collection":[{"href":"http:\/\/fmriachuelo.it10.com.ar\/index.php\/wp-json\/wp\/v2\/posts"}],"about":[{"href":"http:\/\/fmriachuelo.it10.com.ar\/index.php\/wp-json\/wp\/v2\/types\/post"}],"author":[{"embeddable":true,"href":"http:\/\/fmriachuelo.it10.com.ar\/index.php\/wp-json\/wp\/v2\/users\/5"}],"replies":[{"embeddable":true,"href":"http:\/\/fmriachuelo.it10.com.ar\/index.php\/wp-json\/wp\/v2\/comments?post=9914"}],"version-history":[{"count":0,"href":"http:\/\/fmriachuelo.it10.com.ar\/index.php\/wp-json\/wp\/v2\/posts\/9914\/revisions"}],"wp:featuredmedia":[{"embeddable":true,"href":"http:\/\/fmriachuelo.it10.com.ar\/index.php\/wp-json\/"}],"wp:attachment":[{"href":"http:\/\/fmriachuelo.it10.com.ar\/index.php\/wp-json\/wp\/v2\/media?parent=9914"}],"wp:term":[{"taxonomy":"category","embeddable":true,"href":"http:\/\/fmriachuelo.it10.com.ar\/index.php\/wp-json\/wp\/v2\/categories?post=9914"},{"taxonomy":"post_tag","embeddable":true,"href":"http:\/\/fmriachuelo.it10.com.ar\/index.php\/wp-json\/wp\/v2\/tags?post=9914"}],"curies":[{"name":"wp","href":"https:\/\/api.w.org\/{rel}","templated":true}]}}