{"id":9912,"date":"2019-05-28T21:57:00","date_gmt":"2019-05-28T21:57:00","guid":{"rendered":"http:\/\/fmriachuelo.com.ar\/?p=9912"},"modified":"2019-05-28T21:57:00","modified_gmt":"2019-05-28T21:57:00","slug":"perseguidos-por-pedir-que-se-cumpla-la-ley-censura-a-los-medios-populares","status":"publish","type":"post","link":"http:\/\/fmriachuelo.it10.com.ar\/index.php\/2019\/05\/28\/perseguidos-por-pedir-que-se-cumpla-la-ley-censura-a-los-medios-populares\/","title":{"rendered":"PERSEGUIDOS POR PEDIR QUE SE CUMPLA LA LEY: CENSURA A LOS MEDIOS POPULARES"},"content":{"rendered":"<p><strong>[FM Riachuelo, 28\/05\/2019] En el d\u00eda de hoy se llev\u00f3 a cabo la primer audiencia en una causa que condena\u00a0 y persigue a participantes de los medios comunitarios.\u00a0 Esta causa se origina en un reclamo de los medios populares que se realizara en diciembre de 2018, dado el incumplimiento de la norma vigente que indica el derecho a ser incorporados a la grilla de cable operadores, como es el caso de Barricada TV del cual Natalia Vinelli es su directora,\u00a0 quien fue imputada y hoy debi\u00f3 presentarse en la Fiscal\u00eda de Berutti 3300 de \u00a0CABA para declarar.<\/strong><\/p>\n<p>En este contexto \u00a0y ante esta persecuci\u00f3n, se hicieron presentes los medios comunitarios entre ellos Barricada TV ,\u00a0 el Foro Argentino de Radios Comunitarias y Radio Gr\u00e1fica con una radio abierta en la puerta de la Fiscal\u00eda, acompa\u00f1ados \u00a0por organizaciones populares como el Movimiento de Trabajadores Excluidos, la Sim\u00f3n Bol\u00edvar, el Frente Popular Dar\u00edo Santill\u00e1n y apoyados \u00a0por la presencia de los gremios,\u00a0 como el Sindicato de prensa de Buenos Aires , la Asociaci\u00f3n de Trabajadores del Estado Capital,\u00a0 CTA Aut\u00f3noma Capital y asociaciones de DDHH entre otrxs , quienes reclamaron por la libertad de expresi\u00f3n y la no criminalizaci\u00f3n de la protesta, a la cual consideran est\u00e1n siendo sometidos en esta persecuci\u00f3n que se hace directamente a Natalia Vinelli, \u00a0pero tambi\u00e9n a integrantes de \u00a0FARCO como Pablo Antonini , de Radio Gr\u00e1fica Omar Zanarini, y a Tom\u00e1s Eliaschev de Sipreba, quienes a\u00fan no han sido citados, pero tuvieron ya \u00a0acceso al expediente por lo cual se saben imputados.<\/p>\n<p>FM Riachuelo pudo entrevistar a Pablo Antonini de Farco quien expres\u00f3 sobre esta causa<em> \u201cEsto es una locura en t\u00e9rminos de pedir de forma pac\u00edfica que se garantice el cumplimiento de una ley por pluralidad de voces, y sean ellos quienes reclaman,\u00a0 los\u00a0 que terminen siendo acusados, mientras por otro lado se perdonan deudas a medios hegem\u00f3nicos con la excusa que si los pagan no pueden subsistir, y se ataca a los medios comunitarios para evitar que este tipo de cosas se sepan\u201d.<\/em><\/p>\n<p><img loading=\"lazy\" decoding=\"async\" class=\" wp-image-9920 aligncenter\" src=\"http:\/\/fmriachuelo.com.ar\/wp-content\/uploads\/2019\/05\/WhatsApp-Image-2019-05-28-at-12.17.53-300x225.jpeg\" alt=\"\" width=\"336\" height=\"252\" \/><\/p>\n<p>Natalia Vinelli ingres\u00f3 acompa\u00f1ada por su abogado a prestar declaraci\u00f3n, mientras en la radio abierta se escucharon\u00a0 varios testimonios como el de Carlos Azn\u00e1rez de Resumen Latinoamericano, o Jacqueline Flores del MTE, el mismo Pablo Antonini y su compa\u00f1ero Omar Zanarini de Radio Gr\u00e1fica,\u00a0 quienes repudiaron en\u00e9rgicamente esta persecuci\u00f3n a la cual est\u00e1n siendo sometidos.<\/p>\n<p>Como mencion\u00f3 Omar\u00a0 Zanarini : <em>\u201cNo es casual que hayan avanzado en una causa judicial por defender una protesta justa de forma pac\u00edfica, ya que es una persecuci\u00f3n que se viene dando en todos los niveles hacia los medios comunitarios\u201d.<\/em><\/p>\n<p>En el mismo sentido Carlos Azn\u00e1rez de Resumen Latinoamericano dijo<em> \u201cEsto es en todo el Continente donde gobiernos derechistas atacan la libertad de prensa y expresi\u00f3n,\u00a0 que es un derecho humano y debe estar garantizado\u201d.<\/em><\/p>\n<p>Luego de aproximadamente 45 minutos se escucharon los discursos, hasta que\u00a0 NataliaVinelli sali\u00f3 de la Fiscal\u00eda y en una conferencia de prensa comunic\u00f3 a los presentes<em> \u201ca causa continuar\u00e1 con el resto de las indagatorias, pero que claramente es una causa armada persecutoria para censurar a los medios comunitarios, y esto no lo vamos a permitir \u00a0y seguiremos luchando contra estos ataques\u201d.<\/em><\/p>\n<p><img loading=\"lazy\" decoding=\"async\" class=\" wp-image-9921 aligncenter\" src=\"http:\/\/fmriachuelo.com.ar\/wp-content\/uploads\/2019\/05\/WhatsApp-Image-2019-05-28-at-14.35.28-300x169.jpeg\" alt=\"\" width=\"344\" height=\"194\" \/><\/p>\n<p>Al t\u00e9rmino de la conferencia se realiz\u00f3 una foto con todos los presentes, portando letras que conformaron la frase \u201cNo a la Censura\u201d \u00a0y al grito de \u201cseguimos en la lucha\u201d.<\/p>\n","protected":false},"excerpt":{"rendered":"<p>[FM Riachuelo, 28\/05\/2019] En el d\u00eda de hoy se llev\u00f3 a cabo la primer audiencia en una causa que condena\u00a0 y persigue a participantes de los medios comunitarios.\u00a0 Esta causa se origina en un reclamo de los medios populares que se realizara en diciembre de 2018, dado el incumplimiento de la norma vigente que indica [&hellip;]<\/p>\n","protected":false},"author":5,"featured_media":9919,"comment_status":"open","ping_status":"open","sticky":false,"template":"","format":"standard","meta":{"_monsterinsights_skip_tracking":false,"_monsterinsights_sitenote_active":false,"_monsterinsights_sitenote_note":"","_monsterinsights_sitenote_category":0,"jnews-multi-image_gallery":[],"jnews_single_post":[],"jnews_primary_category":[],"_joinchat":[],"footnotes":""},"categories":[78,76,77],"tags":[],"class_list":["post-9912","post","type-post","status-publish","format-standard","has-post-thumbnail","hentry","category-economia-popular","category-salud-comunitaria","category-soberania"],"_links":{"self":[{"href":"http:\/\/fmriachuelo.it10.com.ar\/index.php\/wp-json\/wp\/v2\/posts\/9912","targetHints":{"allow":["GET"]}}],"collection":[{"href":"http:\/\/fmriachuelo.it10.com.ar\/index.php\/wp-json\/wp\/v2\/posts"}],"about":[{"href":"http:\/\/fmriachuelo.it10.com.ar\/index.php\/wp-json\/wp\/v2\/types\/post"}],"author":[{"embeddable":true,"href":"http:\/\/fmriachuelo.it10.com.ar\/index.php\/wp-json\/wp\/v2\/users\/5"}],"replies":[{"embeddable":true,"href":"http:\/\/fmriachuelo.it10.com.ar\/index.php\/wp-json\/wp\/v2\/comments?post=9912"}],"version-history":[{"count":0,"href":"http:\/\/fmriachuelo.it10.com.ar\/index.php\/wp-json\/wp\/v2\/posts\/9912\/revisions"}],"wp:featuredmedia":[{"embeddable":true,"href":"http:\/\/fmriachuelo.it10.com.ar\/index.php\/wp-json\/"}],"wp:attachment":[{"href":"http:\/\/fmriachuelo.it10.com.ar\/index.php\/wp-json\/wp\/v2\/media?parent=9912"}],"wp:term":[{"taxonomy":"category","embeddable":true,"href":"http:\/\/fmriachuelo.it10.com.ar\/index.php\/wp-json\/wp\/v2\/categories?post=9912"},{"taxonomy":"post_tag","embeddable":true,"href":"http:\/\/fmriachuelo.it10.com.ar\/index.php\/wp-json\/wp\/v2\/tags?post=9912"}],"curies":[{"name":"wp","href":"https:\/\/api.w.org\/{rel}","templated":true}]}}