{"id":9908,"date":"2019-05-28T02:23:26","date_gmt":"2019-05-28T02:23:26","guid":{"rendered":"http:\/\/fmriachuelo.com.ar\/?p=9908"},"modified":"2019-05-28T02:23:26","modified_gmt":"2019-05-28T02:23:26","slug":"el-29-nos-encontrara-convirtiendo-el-paro-en-una-jornada-nacional-de-lucha","status":"publish","type":"post","link":"http:\/\/fmriachuelo.it10.com.ar\/index.php\/2019\/05\/28\/el-29-nos-encontrara-convirtiendo-el-paro-en-una-jornada-nacional-de-lucha\/","title":{"rendered":"\u00abEL 29 NOS ENCONTRAR\u00c1 CONVIRTIENDO EL PARO EN UNA JORNADA NACIONAL DE LUCHA\u00bb"},"content":{"rendered":"<p><strong>[FM Riachuelo 27\/05\/2019] Hoy en Rompe el Cerco Informativo se recuper\u00f3 el testimonio de Lito Borello, secretario de Derechos Humanos de la Central de Trabajadores de la Econom\u00eda Popular (CTEP) y referente de la Organizaci\u00f3n Los Pibes, sobre la jornada de lucha del 29M y cu\u00e1l es la p\u00f3stura del campo popular ante un nuevo paro general.<\/strong><\/p>\n<p>En el marco de la Asamblea Radial del s\u00e1bado 25\/05 se pudo entrevistar a Lito Borello, secretario de DDHH de la CTEP. Entre varias cuestiones habl\u00f3 sobre el paro general nacional de este 29 de mayo convocado por la CGT y la importancia de que sea un paro activo con actividades en la calle durante todo el d\u00eda. Hoy en Rompe el Cerco Informativo se recuper\u00f3 esa entrevista y algunos de los textuales m\u00e1s interesantes para entender por qu\u00e9 es importante que este 29 no sea un \u00abparo dominguero\u00bb.<\/p>\n<p>Una de las cuestiones que dijo el entrevistado fue: <strong>\u00abmuy por encima de las miop\u00edas dirigenciales, cada vez que han surgido luchas que se masifican en fechas de paro nacional, nuestro pueblo las potencia\u00bb, <\/strong>haciendo referencia a c\u00f3mo los \u00faltimos paros han sido activos m\u00e1s por la fuerza de las bases que por decisi\u00f3n de las cabezas.<\/p>\n<p>Tambi\u00e9n destac\u00f3 que <strong>\u00abnuestro pueblo recrea actividades para transformar la bronca en esperanza\u00bb<\/strong>, con respecto a c\u00f3mo las ollas populares se han convertido en herramienta de lucha. Al respecto agreg\u00f3: <strong>\u00abconvirtiendo una jornada nacional de lucha con paro activo, con ollas populares, con asamblea, con piquetes, con lo que el conjunto de organizaciones de cada territorio decida que es lo m\u00e1s y lo mejor que puede hacer\u00bb<\/strong>.<\/p>\n<p>Este paro impusado por la Central General de Trabajadores contar\u00e1 con cortes y movilizaciones desde muy temprano y tendr\u00e1 tambi\u00e9n un acto central a las 11 horas en el Obelisco. Lo importante es que, como dice Borello, cada organizaci\u00f3n haga en su territorio algo: las ollas populares ser\u00e1n centrales pues qued\u00f3 demostrado luego de la jornada del 25 de mayo que el hambre es la principal preocupaci\u00f3n de les vecines y es all\u00ed d\u00f3nde los movimientos populares se organizan.<\/p>\n<p>Por \u00faltimo dice el referente de Los Pibes: <strong>\u00abla lucha es lo \u00fanico que nos har\u00e1 libres: luche y se van\u00bb<\/strong>.<\/p>\n","protected":false},"excerpt":{"rendered":"<p>[FM Riachuelo 27\/05\/2019] Hoy en Rompe el Cerco Informativo se recuper\u00f3 el testimonio de Lito Borello, secretario de Derechos Humanos de la Central de Trabajadores de la Econom\u00eda Popular (CTEP) y referente de la Organizaci\u00f3n Los Pibes, sobre la jornada de lucha del 29M y cu\u00e1l es la p\u00f3stura del campo popular ante un nuevo [&hellip;]<\/p>\n","protected":false},"author":5,"featured_media":9542,"comment_status":"open","ping_status":"open","sticky":false,"template":"","format":"standard","meta":{"_monsterinsights_skip_tracking":false,"_monsterinsights_sitenote_active":false,"_monsterinsights_sitenote_note":"","_monsterinsights_sitenote_category":0,"jnews-multi-image_gallery":[],"jnews_single_post":[],"jnews_primary_category":[],"_joinchat":[],"footnotes":""},"categories":[80,76],"tags":[],"class_list":["post-9908","post","type-post","status-publish","format-standard","has-post-thumbnail","hentry","category-educacion","category-salud-comunitaria"],"_links":{"self":[{"href":"http:\/\/fmriachuelo.it10.com.ar\/index.php\/wp-json\/wp\/v2\/posts\/9908","targetHints":{"allow":["GET"]}}],"collection":[{"href":"http:\/\/fmriachuelo.it10.com.ar\/index.php\/wp-json\/wp\/v2\/posts"}],"about":[{"href":"http:\/\/fmriachuelo.it10.com.ar\/index.php\/wp-json\/wp\/v2\/types\/post"}],"author":[{"embeddable":true,"href":"http:\/\/fmriachuelo.it10.com.ar\/index.php\/wp-json\/wp\/v2\/users\/5"}],"replies":[{"embeddable":true,"href":"http:\/\/fmriachuelo.it10.com.ar\/index.php\/wp-json\/wp\/v2\/comments?post=9908"}],"version-history":[{"count":0,"href":"http:\/\/fmriachuelo.it10.com.ar\/index.php\/wp-json\/wp\/v2\/posts\/9908\/revisions"}],"wp:featuredmedia":[{"embeddable":true,"href":"http:\/\/fmriachuelo.it10.com.ar\/index.php\/wp-json\/"}],"wp:attachment":[{"href":"http:\/\/fmriachuelo.it10.com.ar\/index.php\/wp-json\/wp\/v2\/media?parent=9908"}],"wp:term":[{"taxonomy":"category","embeddable":true,"href":"http:\/\/fmriachuelo.it10.com.ar\/index.php\/wp-json\/wp\/v2\/categories?post=9908"},{"taxonomy":"post_tag","embeddable":true,"href":"http:\/\/fmriachuelo.it10.com.ar\/index.php\/wp-json\/wp\/v2\/tags?post=9908"}],"curies":[{"name":"wp","href":"https:\/\/api.w.org\/{rel}","templated":true}]}}