{"id":9877,"date":"2019-05-27T03:02:59","date_gmt":"2019-05-27T03:02:59","guid":{"rendered":"http:\/\/fmriachuelo.com.ar\/?p=9877"},"modified":"2019-05-27T03:02:59","modified_gmt":"2019-05-27T03:02:59","slug":"recuperando-el-espiritu-de-lucha-de-nuestro-pueblo-en-la-revolucion-de-mayo","status":"publish","type":"post","link":"http:\/\/fmriachuelo.it10.com.ar\/index.php\/2019\/05\/27\/recuperando-el-espiritu-de-lucha-de-nuestro-pueblo-en-la-revolucion-de-mayo\/","title":{"rendered":"RECUPERANDO EL ESPIRITU DE LUCHA DE NUESTRO PUEBLO EN LA REVOLUCI\u00d3N DE MAYO"},"content":{"rendered":"<p><b>[FM Riachuelo, 26\/05\/2019] La organizaci\u00f3n Social y Pol\u00edtica Los Pibes conmemor\u00f3 este 25 de mayo su 23\u00b0 aniversario en la calle junto al pueblo, haciendo frente a la crisis y al hambre que se viven en estos momentos, en distintos lugares del pa\u00eds.<\/b><\/p>\n<figure id=\"attachment_9881\" aria-describedby=\"caption-attachment-9881\" style=\"width: 640px\" class=\"wp-caption aligncenter\"><img loading=\"lazy\" decoding=\"async\" class=\"wp-image-9881 size-large\" src=\"http:\/\/fmriachuelo.com.ar\/wp-content\/uploads\/2019\/05\/WhatsApp-Image-2019-05-25-at-10.18.12-1025x683.jpeg\" alt=\"\" width=\"640\" height=\"426\" \/><figcaption id=\"caption-attachment-9881\" class=\"wp-caption-text\">Desayuno Patri\u00f3tico en FM Riachuelo (Su\u00e1rez y Alte. Brown)<\/figcaption><\/figure>\n<p><span style=\"font-weight: 400\">Este 25 de mayo sali\u00f3 el sol en el barrio de La Boca, desplegando sus destellos de libertad y grito a la patria. Desde muy temprano, se comenz\u00f3 la jornada con 2 desayunos patri\u00f3ticos: uno se realiz\u00f3 en la esquina de Su\u00e1rez y Almirante Brown, donde funciona la Fm Riachuelo; el otro se hizo en Ministro Brin y Pedro de Mendoza, donde el Paseo de la Econom\u00eda Popular Martin \u201cOso\u201d Cisneros abre todos los s\u00e1bados, y donde se encuentra la Cooperativa de vivienda \u201cCOVILPI\u201d. \u00a0En ambas esquinas lxs vecinxs se acercaron para compartir junto a lxs integrantes de la Organizaci\u00f3n chocolate caliente, pastelitos y tortas fritas, y dialogar, a la vez sobre la importancia de salir a la calle ante la coyuntura actual. Horas m\u00e1s tardes, ya cerca del mediod\u00eda, en la Plaza Sol\u00eds la Cooperativa de Recicladores hizo un locro solidario para compartir con el barrio, al que asistieron m\u00e1s de 200 personas, lo cual es una muestra dolorosa del hambre que pasa el Pueblo.<\/span><\/p>\n<figure id=\"attachment_9883\" aria-describedby=\"caption-attachment-9883\" style=\"width: 640px\" class=\"wp-caption aligncenter\"><img loading=\"lazy\" decoding=\"async\" class=\"wp-image-9883 size-large\" src=\"http:\/\/fmriachuelo.com.ar\/wp-content\/uploads\/2019\/05\/WhatsApp-Image-2019-05-25-at-12.19.06-1025x684.jpeg\" alt=\"\" width=\"640\" height=\"427\" \/><figcaption id=\"caption-attachment-9883\" class=\"wp-caption-text\">Desayuno Patri\u00f3tico en el Paseo de la Econom\u00eda Popular Mart\u00edn Oso Cisneros<\/figcaption><\/figure>\n<p>Acciones como estas son las que nos dan esperanza y muestran que con organizaci\u00f3n y lucha es posible liberarnos y construir un mundo distinto entre y para todxs. En La Boca el d\u00eda patrio termin\u00f3 a la tarde en Plaza Matheu, donde la Casa Popular El Patio comparti\u00f3 una merienda con lxs vecinxs. As\u00ed como hace 209 a\u00f1os el pueblo se reun\u00eda en la plaza para sostener la revoluci\u00f3n de mayo, hoy frente a un mundo donde los grandes imperios se dividen el mapa a costas de la vida de los Pueblos, la gente sale a la calle, a reunirse con otrxs que tambi\u00e9n sienten que la soluci\u00f3n est\u00e1 puertas afuera y que conf\u00edan en que, como hace 200 a\u00f1os, la revoluci\u00f3n es posible siempre que se construya desde lo colectivo.<\/p>\n<figure id=\"attachment_9897\" aria-describedby=\"caption-attachment-9897\" style=\"width: 640px\" class=\"wp-caption aligncenter\"><img loading=\"lazy\" decoding=\"async\" class=\"wp-image-9897 size-large\" src=\"http:\/\/fmriachuelo.com.ar\/wp-content\/uploads\/2019\/05\/WhatsApp-Image-2019-05-25-at-12.55.32-PM-1025x684.jpeg\" alt=\"\" width=\"640\" height=\"427\" \/><figcaption id=\"caption-attachment-9897\" class=\"wp-caption-text\">Locro patri\u00f3tico en la Plaza Sol\u00eds<\/figcaption><\/figure>\n<p><span style=\"font-weight: 400\">En este sentido, no fue La Boca el \u00fanico lugar donde lxs vecinxs salieron a la calle. En Tigre la Comunidad Pacheco se reuni\u00f3 en la Plaza Soldados de Malvinas donde hubo m\u00fasica, talleres y juegos de trivia debatiendo sobre los mitos y realidades de la historia argentina, con una visi\u00f3n cr\u00edtica sobre c\u00f3mo la construcci\u00f3n del relato hist\u00f3rico que se sostuvo durante muchos a\u00f1os intent\u00f3 borra el hecho de que se trat\u00f3 de una Revoluci\u00f3n Popular para liberarse de las ataduras del imperio colonizador espa\u00f1ol. En simult\u00e1neo, en Avellaneda La Casa Popular El Fog\u00f3n realiz\u00f3 una pintada acompa\u00f1ada de un locro patrio, y abri\u00f3 tambi\u00e9n un espacio para conversar con lxs vecinxs. Adem\u00e1s, en la mesa gremial 19 y 20 en Iguaz\u00fa y el merendero Los Hermanos Concordia se realizaron un locro patri\u00f3tico.<\/span><\/p>\n<figure id=\"attachment_9886\" aria-describedby=\"caption-attachment-9886\" style=\"width: 640px\" class=\"wp-caption aligncenter\"><img loading=\"lazy\" decoding=\"async\" class=\"wp-image-9886 size-large\" src=\"http:\/\/fmriachuelo.com.ar\/wp-content\/uploads\/2019\/05\/WhatsApp-Image-2019-05-25-at-16.28.12-1025x577.jpeg\" alt=\"\" width=\"640\" height=\"360\" \/><figcaption id=\"caption-attachment-9886\" class=\"wp-caption-text\">Arte Colectivo en Plaza Soldado de Malvinas Barrio Las Tunas<\/figcaption><\/figure>\n<p><span style=\"font-weight: 400\">La Organizaci\u00f3n Los Pibes naci\u00f3 hace 23 a\u00f1os, tambi\u00e9n en un contexto de neoliberalismo que acorralaba al Pueblo. Al principio trabajaba como merendero y comedor para alimentar a lxs sujetxs exclu\u00eddxs por un sistema de hambre, miseria y destrucci\u00f3n. Con el tiempo el espacio fue entendiendo que adem\u00e1s de llenar la panza era necesario poder crear un nuevo mundo donde todxs pudiesen caber. Es por ello que fue sumando distintas herramientas necesarias para poder llevar adelante pol\u00edticas que lograran resolver desde la comunidad las necesidades que el Estado no garantizaba, como la salud, la educaci\u00f3n, la alimentaci\u00f3n, la comunicaci\u00f3n, la vivienda, el h\u00e1bitat. \u00a0A lo largo de todos estos a\u00f1os hay un lugar que la organizaci\u00f3n comprendi\u00f3 que nunca pod\u00eda abandonar: la calle. All\u00ed se ha ganado y defendido todo.<\/span><\/p>\n<figure id=\"attachment_9889\" aria-describedby=\"caption-attachment-9889\" style=\"width: 640px\" class=\"wp-caption aligncenter\"><img loading=\"lazy\" decoding=\"async\" class=\"wp-image-9889 size-large\" src=\"http:\/\/fmriachuelo.com.ar\/wp-content\/uploads\/2019\/05\/WhatsApp-Image-2019-05-25-at-17.53.28-1025x769.jpeg\" alt=\"\" width=\"640\" height=\"480\" \/><figcaption id=\"caption-attachment-9889\" class=\"wp-caption-text\">M\u00f3vil desde La Casa Popular El Patio durante la Merienda Patri\u00f3tica<\/figcaption><\/figure>\n<p><span style=\"font-weight: 400\">Sin ir m\u00e1s lejos la semana pasada en la inauguraci\u00f3n de la Casa Popular de Estudios Estrat\u00e9gicos (en Avellaneda) se ley\u00f3 un documento que de cara al aniversario de la Organizaci\u00f3n declara cu\u00e1l es hoy, en este contexto luego de 23 a\u00f1os de existencia, el lugar que ocupa Los Pibes en la lucha del pueblo: \u201cHace 209 a\u00f1os nac\u00eda nuestra Patria, en revoluci\u00f3n, para librarse de las cadenas coloniales que los imperios de entonces impon\u00edan para disputarse los territorios y las riquezas de Nuestram\u00e9rica (\u2026) Hoy enfrentamos una brutal contraofensiva neoconservadora. El actual modelo productivo, instalado a sangre y fuego por las dictaduras c\u00edvico militares en Latinoam\u00e9rica, se basa en la concentraci\u00f3n extrema de la riqueza, la extracci\u00f3n de recursos naturales hasta agotar el planeta, la carrera tecnol\u00f3gica centrada en la ganancia y en la destrucci\u00f3n del trabajo asalariado y la fabulosa generaci\u00f3n de riqueza a partir de la liberaci\u00f3n de las finanzas.\u201d Es por ello que como organizaci\u00f3n social y pol\u00edtica consideramos imperioso ocupar la calle para poder exigirle al Estado que garantice los derechos que nos corresponden, y as\u00ed defender el patrimonio de la Lucha hist\u00f3rica de nuestro Pueblo.<\/span><\/p>\n<p><strong><a href=\"https:\/\/www.facebook.com\/Lospibeslaboca\/posts\/2392047447521090?__xts__%5B0%5D=68.ARATte4efTIaedHw7hf-QmqVWnoYtPsE6nw0OwLx5LTldPy8ZH2RsqokI-co6jLpS7qy5pM_9Etm_Mw8hxOiA2YnGe9spfsXZ-8yVUE8H3FHVRPkcEW1JUMtf8wtevGgG3W2yQJWBc2Ehp9EUpdVQ5UvMcA7jqcxboeyPIX3yCSonjgJGHhZQufDIZJII45RRRqJf5qLcNI4xB3XTNhdth0yGZ6ZRP3TXe4DV7L4g_TG2PFMFR8MttXmujXoLsv2KG_aOf7o1lQMuJgO38lovNwakbHxUa-KPjhX5Zum5fv5805t7JxWj3DbQYpl6cSsHrIeva6LKbndUNX3F0czCL_e4A&amp;__tn__=K-R\">Documento completo haciendo clic aqu\u00ed<\/a><\/strong><\/p>\n<figure id=\"attachment_9902\" aria-describedby=\"caption-attachment-9902\" style=\"width: 640px\" class=\"wp-caption aligncenter\"><img loading=\"lazy\" decoding=\"async\" class=\"wp-image-9902 size-large\" src=\"http:\/\/fmriachuelo.com.ar\/wp-content\/uploads\/2019\/05\/WhatsApp-Image-2019-05-25-at-12.07.24-PM-1025x769.jpeg\" alt=\"\" width=\"640\" height=\"480\" \/><figcaption id=\"caption-attachment-9902\" class=\"wp-caption-text\">Casa Popular El Fog\u00f3n &#8211; Avellaneda<\/figcaption><\/figure>\n<p><span style=\"font-weight: 400\">En la Asamblea Radial que dio cierre este s\u00e1bado 25 a las 17 horas se pudo conversar con distintxs compa\u00f1erxs sobre la lectura hacen de esta realidad que nos atraviesa. Incluso se pudo recuperar el testimonio de H\u00e9ctor, vecino de La Boca que se acerc\u00f3 a distintas de las actividades del d\u00eda y que fue amigo del compa\u00f1ero Mart\u00edn \u201cOso\u201d Cisneros: \u201cTengo un excelente recuerdo de \u00e9l, de una persona que era servicial con todos. Organizaciones como estas por lo menos brindan un plato de comida al pueblo que la est\u00e1 pasando muy mal\u201d.<\/span><\/p>\n<figure id=\"attachment_9905\" aria-describedby=\"caption-attachment-9905\" style=\"width: 640px\" class=\"wp-caption aligncenter\"><img loading=\"lazy\" decoding=\"async\" class=\"wp-image-9905 size-large\" src=\"http:\/\/fmriachuelo.com.ar\/wp-content\/uploads\/2019\/05\/WhatsApp-Image-2019-05-25-at-2.09.58-PM-1025x769.jpeg\" alt=\"\" width=\"640\" height=\"480\" \/><figcaption id=\"caption-attachment-9905\" class=\"wp-caption-text\">Olla popular en Puerto Iguaz\u00fa- Misiones<\/figcaption><\/figure>\n<p><span style=\"font-weight: 400\">En adhesi\u00f3n a eso, Mario, compa\u00f1ero de la COVILPI, dijo: \u201cEs importante mirar para atr\u00e1s, a lxs compa\u00f1erxs que ya no est\u00e1n. Por ellxs en este momento hay que estar en la calle y en el barrio, demostrando que estamos m\u00e1s vivxs que nunca\u201d. \u00a0<\/span><\/p>\n<p><span style=\"font-weight: 400\">En este marco, es que el 29 de mayo una vez m\u00e1s, como hace 23 a\u00f1os, Los Pibes estar\u00e1n en la calle en un paro activo, acompa\u00f1ando al Pueblo e invit\u00e1ndolo a la lucha. Las revoluciones son posibles s\u00f3lo si las bases luchan. Una clara muestra de eso fue el 25 de mayo de 1810, fue el Argentinazo del 2001, y hoy, en este segundo proceso de recolonizaci\u00f3n, es el accionar de las organizaciones que son las que mantienen el fuego de la libertad encendido.<\/span><\/p>\n<p><strong><a href=\"https:\/\/www.facebook.com\/196659553722601\/posts\/2277781455610390\/\">Galer\u00eda de Im\u00e1genes <\/a><\/strong><\/p>\n","protected":false},"excerpt":{"rendered":"<p>[FM Riachuelo, 26\/05\/2019] La organizaci\u00f3n Social y Pol\u00edtica Los Pibes conmemor\u00f3 este 25 de mayo su 23\u00b0 aniversario en la calle junto al pueblo, haciendo frente a la crisis y al hambre que se viven en estos momentos, en distintos lugares del pa\u00eds. Este 25 de mayo sali\u00f3 el sol en el barrio de La [&hellip;]<\/p>\n","protected":false},"author":5,"featured_media":9878,"comment_status":"open","ping_status":"open","sticky":false,"template":"","format":"standard","meta":{"_monsterinsights_skip_tracking":false,"_monsterinsights_sitenote_active":false,"_monsterinsights_sitenote_note":"","_monsterinsights_sitenote_category":0,"jnews-multi-image_gallery":[],"jnews_single_post":[],"jnews_primary_category":[],"_joinchat":[],"footnotes":""},"categories":[80,76],"tags":[],"class_list":["post-9877","post","type-post","status-publish","format-standard","has-post-thumbnail","hentry","category-educacion","category-salud-comunitaria"],"_links":{"self":[{"href":"http:\/\/fmriachuelo.it10.com.ar\/index.php\/wp-json\/wp\/v2\/posts\/9877","targetHints":{"allow":["GET"]}}],"collection":[{"href":"http:\/\/fmriachuelo.it10.com.ar\/index.php\/wp-json\/wp\/v2\/posts"}],"about":[{"href":"http:\/\/fmriachuelo.it10.com.ar\/index.php\/wp-json\/wp\/v2\/types\/post"}],"author":[{"embeddable":true,"href":"http:\/\/fmriachuelo.it10.com.ar\/index.php\/wp-json\/wp\/v2\/users\/5"}],"replies":[{"embeddable":true,"href":"http:\/\/fmriachuelo.it10.com.ar\/index.php\/wp-json\/wp\/v2\/comments?post=9877"}],"version-history":[{"count":0,"href":"http:\/\/fmriachuelo.it10.com.ar\/index.php\/wp-json\/wp\/v2\/posts\/9877\/revisions"}],"wp:featuredmedia":[{"embeddable":true,"href":"http:\/\/fmriachuelo.it10.com.ar\/index.php\/wp-json\/"}],"wp:attachment":[{"href":"http:\/\/fmriachuelo.it10.com.ar\/index.php\/wp-json\/wp\/v2\/media?parent=9877"}],"wp:term":[{"taxonomy":"category","embeddable":true,"href":"http:\/\/fmriachuelo.it10.com.ar\/index.php\/wp-json\/wp\/v2\/categories?post=9877"},{"taxonomy":"post_tag","embeddable":true,"href":"http:\/\/fmriachuelo.it10.com.ar\/index.php\/wp-json\/wp\/v2\/tags?post=9877"}],"curies":[{"name":"wp","href":"https:\/\/api.w.org\/{rel}","templated":true}]}}