{"id":9844,"date":"2019-05-23T01:47:46","date_gmt":"2019-05-23T01:47:46","guid":{"rendered":"http:\/\/fmriachuelo.com.ar\/?p=9844"},"modified":"2019-05-23T01:47:46","modified_gmt":"2019-05-23T01:47:46","slug":"inauguracion-de-la-casa-popular-de-los-equipos-de-estudios-estrategicos","status":"publish","type":"post","link":"http:\/\/fmriachuelo.it10.com.ar\/index.php\/2019\/05\/23\/inauguracion-de-la-casa-popular-de-los-equipos-de-estudios-estrategicos\/","title":{"rendered":"INAUGURACI\u00d3N DE LA CASA POPULAR DE LOS EQUIPOS DE ESTUDIOS ESTRAT\u00c9GICOS"},"content":{"rendered":"<p><strong>[FM Riachuelo 22\/05\/2019] Este mediod\u00eda, en la localidad de Pi\u00f1eyro de la Ciudad de Avellaneda, se inaugur\u00f3 la Casa Popular de los Equipos de Estudios Estrat\u00e9gicos. La iniciativa, impulsada por la Organizaci\u00f3n Social y Pol\u00edtica Los Pibes, tiene la finalidad de propiciar un \u00e1mbito de discusi\u00f3n y de formaci\u00f3n para una militancia comprometida con encarar las transformaciones profundas que este mundo en crisis requiere.<\/strong><\/p>\n<p>Unos 50 compa\u00f1eros y compa\u00f1eras que conversaban y mateaban, un poco en la vereda, un poco en la calle, hicieron lugar cuando arrim\u00f3 un remis conocido del barrio. No viajaba ning\u00fan panelista, ni invitado especial: llegaba la olla de guiso que los organizadores quer\u00edan convidar a los presentes y a los vecinos.<\/p>\n<p><img loading=\"lazy\" decoding=\"async\" class=\"alignnone size-full wp-image-9847\" src=\"http:\/\/fmriachuelo.com.ar\/wp-content\/uploads\/2019\/05\/IMG-20190522-WA0009.jpg\" alt=\"\" width=\"1280\" height=\"853\" \/><\/p>\n<p>\u201cQuer\u00edamos empezar esto con un gesto de la solidaridad y generosidad de los que acostumbramos en la organizaci\u00f3n popular: compartiendo la comida, compartiendo la olla con los vecinos y los compa\u00f1eros\u201d, con esta explicaci\u00f3n, tras el almuerzo, arranc\u00f3 la asamblea donde los convocantes explicaron la necesidad de generar un espacio para el debate y la formaci\u00f3n de <em>\u201clos temas estrat\u00e9gicos para la lucha de nuestro Pueblo\u201d.<\/em><\/p>\n<p>Tampoco fue caprichosa la fecha elegida para la inauguraci\u00f3n, y apenas comenzado el intercambio uno de los presentes se encarg\u00f3 de ponerle Historia al asunto: \u201cestamos arrancando la Semana de Mayo, en este d\u00eda hace 209 a\u00f1os, comenzaba el clamor del cabildo abierto\u2026 que no era otra cosa que lo que hoy llamamos una asamblea\u201d.<\/p>\n<p>El debate que cont\u00f3 con la presencia de Lito Borello, Coordinador Nacional de la Organizaci\u00f3n Los Pibes y Secretario de Derechos Humanos de la CTEP, y la militancia de distintas iniciativas vinculadas a Los Pibes, como Comunidad Pacheco, la Casa Popular el Patio, los Recicladores de la Boca, la Casa Popular el Fog\u00f3n de Avellaneda, y el Paseo de la Econom\u00eda Popular Mart\u00edn Cisneros, entre otros, no eludi\u00f3 la relfexi\u00f3n sobre el momento pol\u00edtico y la profunda crisis social que se vive en los barrios: \u201cSin poder popular, no hay poder constituido que pueda ir contra el poder f\u00e1ctico. No va a alcanzar estar en la Rosada o en los parlamentos para que el poder nos deje conquistar el mundo nuevo que necesitamos, para que los pibes y las pibas puedan tener un futuro\u201d, reflexion\u00f3 alg\u00fan compa\u00f1ero.<\/p>\n<p><img loading=\"lazy\" decoding=\"async\" class=\"alignnone size-full wp-image-9848\" src=\"http:\/\/fmriachuelo.com.ar\/wp-content\/uploads\/2019\/05\/IMG-20190522-WA0022.jpg\" alt=\"\" width=\"1280\" height=\"853\" \/><\/p>\n<p>Con motivo de la actividad, la militancia de la Organizaci\u00f3n Los Pibes aprovech\u00f3 la oportunidad y dio cierre al encuentro presentando un documento pol\u00edtico alusivo de la fecha patria del 25 de mayo, d\u00eda en que tambi\u00e9n se celebrar\u00e1 el 23 aniversario de Los Pibes.<\/p>\n<p><strong>A continuaci\u00f3n el documento completo:<\/strong><\/p>\n<p>A 209 A\u00f1os del nacimiento de la Patria y 23 del nacimiento de nuestra Organizaci\u00f3n Los Pibes.<\/p>\n<p><strong>ORGANIZARNOS PARA LIBRAR NUEVAS BATALLAS<\/strong><\/p>\n<p>Hace 209 a\u00f1os nac\u00eda nuestra Patria, en revoluci\u00f3n, para librarse de las cadenas coloniales que los imperios de entonces impon\u00edan para disputarse los territorios y las riquezas de Nuestram\u00e9rica.<\/p>\n<p>Hace 23 a\u00f1os nuestra organizaci\u00f3n \u201c<em>nac\u00eda para desaparecer\u201d.<\/em> Nac\u00eda como merendero y comedor para alimentar, nutrir y recuperar la fuerza popular necesaria para resistir la violencia del hambre, la miseria y la exclusi\u00f3n. Nos organizamos para conquistar la justicia social que hiciera desaparecer las causas de la urgencia: cortamos rutas para abrir nuevos caminos y volver a <em>\u201cser\u201d.<\/em> Fuimos parte del torrente de resistencia anti-neoliberal que brot\u00f3 en todos los barrios y pueblos del continente. Como los ej\u00e9rcitos de indios e indias, gauchos, negros y criollos hace dos siglos, nuevamente los nadies y los descamisados en los albores de este siglo, los desocupados, los precarizados, los trabajadores de la Econom\u00eda Popular, parimos otra posibilidad hist\u00f3rica de emancipaci\u00f3n y dignidad para los Pueblos de Nuestram\u00e9rica.<\/p>\n<p>Para saber a qu\u00e9 nos enfrent\u00e1bamos fue necesario conocer y analizar la situaci\u00f3n internacional tanto como la regional y la local. El capitalismo y su soporte ideol\u00f3gico-cultural liberal se encuentran despu\u00e9s de m\u00e1s de 300 a\u00f1os de expansi\u00f3n descontrolada en su fase final. Esa es la singularidad de esta \u00e9poca, a diferencia de otros momentos de desamparo de nuestro pueblo. Atravesamos como nunca antes un tiempo de crisis civilizatoria, integral (tal como lo refiere el Papa Francisco) y multidimensional (as\u00ed definida por el \u00faltimo encuentro de movimientos populares en Caracas).<\/p>\n<p>Hoy enfrentamos una brutal contraofensiva neoconservadora. El actual modelo productivo, instalado a sangre y fuego por las dictaduras c\u00edvico militares en Latinoam\u00e9rica, se basa en la concentraci\u00f3n extrema de la riqueza, la extracci\u00f3n de recursos naturales hasta agotar el planeta, la carrera tecnol\u00f3gica centrada en la ganancia y en la destrucci\u00f3n del trabajo asalariado y la fabulosa generaci\u00f3n de riqueza a partir de la liberaci\u00f3n de las finanzas. Las potencias imperialistas, atravesadas por la crisis social y ambiental del capitalismo, pretenden dirimir sus contradicciones sobre la muerte y el exterminio de trabajadores que ya no necesitan, y la recolonizaci\u00f3n de nuestra regi\u00f3n para seguir saqueando las riquezas que sostienen los privilegios de un \u00ednfimo pu\u00f1ado de poderosos a nivel mundial.<\/p>\n<p>En nuestro pa\u00eds, nuestros enemigos imaginan una Argentina con 15 millones de habitantes, donde 30 millones de trabajadores y trabajadoras sobran. Mediante la exclusi\u00f3n, la miseria planificada, la violentizacion cotidiana de la vida y la econom\u00eda del delito y el narcotr\u00e1fico, construyen d\u00eda a d\u00eda el mecanismo para exterminarnos.<\/p>\n<p>En este contexto, en el que nuestras organizaciones populares se encuentran dedicadas a pleno a dar de comer, luchando por la alimentaci\u00f3n, la salud, la educaci\u00f3n, la vivienda y el trabajo, tropezamos con la agenda electoral. Sin dudas hay que alcanzar un objetivo importante para la lucha popular: hay que sacar a Macri y su programa de ajuste y entrega a toda costa. Pero m\u00e1s all\u00e1 de la aritm\u00e9tica electoral, tambi\u00e9n es importante se\u00f1alar que el contexto de contraofensiva recolonizadora no se dirime \u00fanicamente en una contienda electoral, sino en la construcci\u00f3n de un poder popular que logre imponer un programa que resuelva los problemas estructurales de nuestra Patria. Y esa situaci\u00f3n no se conseguir\u00e1 como en otros tiempos con la conquista del poder institucional. La caracter\u00edstica central de los nuevos tiempos es la distancia que hay entre el poder f\u00e1ctico, l\u00e9ase poder econ\u00f3mico-financiero, b\u00e9lico y cultural hegem\u00f3nico y las instancias de gobierno institucionales. Ninguna alternativa institucional puede sostenerse en este contexto sin encarar las transformaciones estructurales que necesita la construcci\u00f3n de un nuevo mundo posible: una democracia con protagonismo real del sujeto hist\u00f3rico de la transformaci\u00f3n, el movimiento unido de trabajadorxs formales, desocupadxs y de la econom\u00eda popular; una reforma agraria integral y popular seg\u00fan se discuti\u00f3 semanas atr\u00e1s en Ferro con m\u00e1s de 2000 delegados de organizaciones campesinas de todo el continente; el reconocimiento y el impulso a la tarea de los \u201cPoetas sociales\u201d, los trabajadores de la Econom\u00eda Popular que hace 30 a\u00f1os desde los barrios construyen vida y resistencia frente a la exclusi\u00f3n y la precarizaci\u00f3n de la vida; por \u00faltimo, comprender que estas batallas no se dirimen por s\u00ed mismas en ninguna de las \u201cpatrias chicas\u201d sino en el marco de una resistencia continental que debe afirmarse en una genuina <em>\u201cdiplomacia de los Pueblos\u201d<\/em> impermeable a los vaivenes institucionales de los gobiernos.<\/p>\n<p>En estos a\u00f1os los Pueblos de Nuestram\u00e9rica dan cotidianamente infinitas demostraciones de vitalidad, de resistencia y de creatividad para inventar las formas organizar un nuevo mundo posible, en armon\u00eda con la Pachamama y donde quepan todos los mundos, al decir de los zapatistas.<\/p>\n<p>Por eso este 25 de mayo, ratificamos la decisi\u00f3n de estar junto a nuestro Pueblo que, a pesar del sufrimiento, resiste, se organiza y pelea. Porque somos parte de ese pueblo, de sus luchas y de sus desaf\u00edos para la construcci\u00f3n urgente e indispensable de un nuevo mundo.<\/p>\n","protected":false},"excerpt":{"rendered":"<p>[FM Riachuelo 22\/05\/2019] Este mediod\u00eda, en la localidad de Pi\u00f1eyro de la Ciudad de Avellaneda, se inaugur\u00f3 la Casa Popular de los Equipos de Estudios Estrat\u00e9gicos. La iniciativa, impulsada por la Organizaci\u00f3n Social y Pol\u00edtica Los Pibes, tiene la finalidad de propiciar un \u00e1mbito de discusi\u00f3n y de formaci\u00f3n para una militancia comprometida con encarar [&hellip;]<\/p>\n","protected":false},"author":5,"featured_media":9845,"comment_status":"open","ping_status":"open","sticky":false,"template":"","format":"standard","meta":{"_monsterinsights_skip_tracking":false,"_monsterinsights_sitenote_active":false,"_monsterinsights_sitenote_note":"","_monsterinsights_sitenote_category":0,"jnews-multi-image_gallery":[],"jnews_single_post":[],"jnews_primary_category":[],"_joinchat":[],"footnotes":""},"categories":[80,76],"tags":[],"class_list":["post-9844","post","type-post","status-publish","format-standard","has-post-thumbnail","hentry","category-educacion","category-salud-comunitaria"],"_links":{"self":[{"href":"http:\/\/fmriachuelo.it10.com.ar\/index.php\/wp-json\/wp\/v2\/posts\/9844","targetHints":{"allow":["GET"]}}],"collection":[{"href":"http:\/\/fmriachuelo.it10.com.ar\/index.php\/wp-json\/wp\/v2\/posts"}],"about":[{"href":"http:\/\/fmriachuelo.it10.com.ar\/index.php\/wp-json\/wp\/v2\/types\/post"}],"author":[{"embeddable":true,"href":"http:\/\/fmriachuelo.it10.com.ar\/index.php\/wp-json\/wp\/v2\/users\/5"}],"replies":[{"embeddable":true,"href":"http:\/\/fmriachuelo.it10.com.ar\/index.php\/wp-json\/wp\/v2\/comments?post=9844"}],"version-history":[{"count":0,"href":"http:\/\/fmriachuelo.it10.com.ar\/index.php\/wp-json\/wp\/v2\/posts\/9844\/revisions"}],"wp:featuredmedia":[{"embeddable":true,"href":"http:\/\/fmriachuelo.it10.com.ar\/index.php\/wp-json\/"}],"wp:attachment":[{"href":"http:\/\/fmriachuelo.it10.com.ar\/index.php\/wp-json\/wp\/v2\/media?parent=9844"}],"wp:term":[{"taxonomy":"category","embeddable":true,"href":"http:\/\/fmriachuelo.it10.com.ar\/index.php\/wp-json\/wp\/v2\/categories?post=9844"},{"taxonomy":"post_tag","embeddable":true,"href":"http:\/\/fmriachuelo.it10.com.ar\/index.php\/wp-json\/wp\/v2\/tags?post=9844"}],"curies":[{"name":"wp","href":"https:\/\/api.w.org\/{rel}","templated":true}]}}