{"id":981,"date":"2014-11-05T13:59:00","date_gmt":"2014-11-05T13:59:00","guid":{"rendered":"http:\/\/fmriachuelo.observatorioess.org.ar\/index.php\/2014\/11\/05\/de-ocupantes-a-propietarios\/"},"modified":"2025-03-11T13:46:18","modified_gmt":"2025-03-11T16:46:18","slug":"de-ocupantes-a-propietarios","status":"publish","type":"post","link":"http:\/\/fmriachuelo.it10.com.ar\/index.php\/2014\/11\/05\/de-ocupantes-a-propietarios\/","title":{"rendered":"DE OCUPANTES A PROPIETARIOS"},"content":{"rendered":"<p><span style=\"font-family: Verdana, sans-serif\">COOPERATIVA DE VIVIENDA<\/span><span style=\"color: red;font-family: Verdana, sans-serif;font-size: large\"><\/span><br \/><span style=\"font-family: Verdana, sans-serif\"><span style=\"color: red;font-size: large\"><b>\u00abYA NO SOMOS OCUPANTES, SOMOS PROPIETARIOS\u00bb<\/b><\/span><\/span><\/p>\n<div><a href=\"http:\/\/2.bp.blogspot.com\/-nY5J-d5EWkM\/VFosmiHqM1I\/AAAAAAAABQ0\/cqXqBCe-hxg\/s1600\/untitled.png\" style=\"clear: left;float: left;margin-bottom: 1em;margin-right: 1em\"><img loading=\"lazy\" decoding=\"async\" border=\"0\" height=\"212\" src=\"https:\/\/images-blogger-opensocial.googleusercontent.com\/gadgets\/proxy?url=http%3A%2F%2F2.bp.blogspot.com%2F-nY5J-d5EWkM%2FVFosmiHqM1I%2FAAAAAAAABQ0%2FcqXqBCe-hxg%2Fs1600%2Funtitled.png&amp;container=blogger&amp;gadget=a&amp;rewriteMime=image%2F*\" width=\"320\" \/><\/a><span style=\"font-family: Verdana, sans-serif\"><b>[FMR jueves 06\/11\/14] A partir de un fallo del juez Caramelo, quince familias integrantes de la cooperativa \u201cCrecer en Ministro Brin\u201d firmaron el acuerdo para comprar el espacio donde viven. C\u00f3mo trabajaron con diversas \u00e1reas del Estado, entre ellas la Secretar\u00eda de H\u00e1bitat.<\/b><\/span><\/p>\n<div>\n<div><span style=\"font-family: Verdana, sans-serif\">La cooperativa de vivienda \u201cCrecer en Ministro Brin\u201d firm\u00f3 ayer el acuerdo entre las partes para covemprar el conventillo donde viven las 15 familias que la conforman. Tras varios intentos de desalojo, finalmente pudieron comprar la propiedad. Lo lograron despues de varios pasos cruciales: el fallo del juez Gustavo Caramelo del juzgado Civil 1 y el trabajo conjunto con varios actores como la Secretar\u00eda de Habitat y la Defensor\u00eda de Menores.<\/span><\/div>\n<div><span style=\"font-family: Verdana, sans-serif\"><br \/><\/span><\/div>\n<div><span style=\"font-family: Verdana, sans-serif\">Nuestro programa <b><span style=\"color: red\">ROMP\u00c9 EL CERCO (lunes a viernes de 17 a 19 hs.)<\/span><\/b> entrevist\u00f3 a vecinos de la Cooperativa y a Mariana Oliva de la Mesa de Vivienda y H\u00e1bitat de La Boca.<\/span><\/div>\n<div><span style=\"font-family: Verdana, sans-serif\">Acercamos un fragmento de los testimonios de <b><span style=\"color: #0b5394\">Carlos y de Emilia, presidenta de la Cooperativa<\/span><\/b>,&nbsp;<\/span><span style=\"font-family: Verdana, sans-serif\">adem\u00e1s del reportaje completo.<\/span><\/div>\n<div><a name='more'><\/a><span style=\"font-family: Verdana, sans-serif\"> \u201cEs incre\u00edble. Ya no somos ocupantes, somos propietarios. Y hay que destacar la uni\u00f3n de todos para poder lograr esto. Pasamos momentos muy dif\u00edciles\u201d, dice Carlos Alberto (57) que vive ah\u00ed hace m\u00e1s de 10 a\u00f1os.<\/span><\/div>\n<div><span style=\"font-family: Verdana, sans-serif\"><br \/><b>Sin desalojo, con esfuerzo y trabajo<\/b><\/span><br \/><span style=\"font-family: Verdana, sans-serif\">Del acto de entrega participaron, entre otros, el escribano general de la Naci\u00f3n, Natalio Etchegaray, y el juez Caramelo. \u201cAl momento de la firma me emocion\u00e9 much\u00edsimo. Nunca me hab\u00eda pasado en mis 30 a\u00f1os de carrera judicial y diez de juez\u00bb, -dijo Caramelo-. \u00abCuando les le\u00eda el acuerdo, sent\u00ed que no pod\u00eda respirar de la emoci\u00f3n. Esto se logra con esfuerzo, trabajo en equipo y tiempo, no mandando a la Infanter\u00eda a desalojar. El resultado de este caso muestra que hay una alternativa, que representa mucho m\u00e1s trabajo, pero que existe.\u201d <br \/>La decisi\u00f3n crucial del juzgado fue haber dado participaci\u00f3n a los responsables directos. Pedir al Ejecutivo porte\u00f1o un censo de familias, al Instituto deVivienda de la Ciudad (IVC) que informara si las familias pod\u00edan integrarse a planes de vivienda y a la Subsecretar\u00eda de Fortalecimiento Familiar y Comunitario si pod\u00edan recibir subsidios. En aquel momento la Defensora de Menores Ana Mar\u00eda Gonz\u00e1lez asumi\u00f3 la representaci\u00f3n de ni\u00f1as, ni\u00f1os y adolescentes. <br \/>Emilia (40) preside la cooperativa. Camina por el pasillo hasta llegar al patio interno del conventillo y dice: \u201cel juez nos sorprendi\u00f3 mucho. Ten\u00edamos otra expectativa\u201d. La entrega del inmueble lleg\u00f3 despu\u00e9s de un periplo extenuante. Tras una serie de audiencias el IVC le dio el apto a dos de las familias para recibir cr\u00e9ditos inmobiliarios. Sumado a los subsidios que recib\u00eda el resto como parte del Programa Atenci\u00f3n para Familias en Situaci\u00f3n de Calle, juntaban dinero suficiente para pagarle al due\u00f1o la propiedad que hab\u00eda comprado en un remate judicial.&nbsp;<\/span><\/div>\n<div><span style=\"font-family: Verdana, sans-serif\"><br \/><\/span><\/div>\n<div><span style=\"font-family: Verdana, sans-serif\"><b>\u00abEl trabajo del juzgado, fundamental\u00bb<\/b><\/span><\/div>\n<div><span style=\"font-family: Verdana, sans-serif\">La abogada Paula Csikos represent\u00f3 a los vecinos en el conflicto. \u201cEl trabajo del juzgado fue fundamental. En general, se pide el desalojo y que la gente se arregle como pueda\u201d, dijo. Una de las trabas que los vecinos debieron sortear fue que, si bien al principio el Gobierno de la Ciudad de Buenos Aires se mostr\u00f3 predispuesto a solucionar el conflicto, en segunda instancia puso reparos basados en un argumento: el estado del inmueble. Para esto tambi\u00e9n hubo una soluci\u00f3n. A trav\u00e9s de un grupo del voluntariado de la Facultad de Arquitectura y Urbanismo de la UBA (FADU), se present\u00f3 un proyecto de refacci\u00f3n de la propiedad que permitir\u00e1 mejorar las condiciones del conventillo. Esta soluci\u00f3n es posible gracias al subsidio de la Secretar\u00eda de Habitat. <br \/>\u201cLa posici\u00f3n del Gobierno porte\u00f1o no la entiendo desde lo jur\u00eddico. No perd\u00edan dinero, pero perdieron la oportunidad de participar de un hecho institucionalmente muy importante. Son insondables los motivos\u201d, opin\u00f3 Caramelo. Y destac\u00f3: \u201cEsta soluci\u00f3n no le cost\u00f3 al Estado ni un peso m\u00e1s de lo que le hubiera costado desalojarlos. El acceso a la vivienda adecuada es un derecho humano y el que debe garantizarlo es, justamente, el Estado\u00bb.<br \/>\u201cEra muy injusto que dijeran no se pod\u00eda vivir ac\u00e1. Somos la prueba de que se puede\u201d, dice Romina (19), despu\u00e9s de la firma del acuerdo. Recuerda: \u201cCuando lleg\u00f3 la primera orden de desalojo yo era chica. Me preocupaba, pero no le daba mucha bola. Ahora tengo dos hijos y s\u00e9 que a futuro ellos van a tener donde vivir. Nadie los va a venir a echar. Eso me emociona mucho. Esto va a cambiar la vida de todos. Nos espera un futuro m\u00e1s alegre\u00bb.<br \/>Las mujeres fueron las encargadas de gestionar la cooperativa. \u201cMucho tr\u00e1mite. Pero los papeles no fueron lo m\u00e1s complicado. Lo m\u00e1s dif\u00edcil fueron los viajes, todo el esfuerzo\u201d, dice Claudia (44) mientras Emilia dice que ellas eran \u201clas que m\u00e1s ten\u00edan para perder. Porque con los chicos iba a ser muy complicado encontrar otro lugar donde vivir.\u201d<br \/>\u201cLa uni\u00f3n entre nosotros fue lo m\u00e1s importante. Antes nos saludabamos pero nada m\u00e1s, no \u00e9ramos unidos.\u201d destac\u00f3 Rub\u00e9n Sal (58) uno de los habitantes m\u00e1s antiguos del conventillo. \u201cCuando lo conocimos al juez, empezamos a creer. Iba intimando al gobierno de la ciudad, al IVC\u201d, repasa Rub\u00e9n. Carlos agrega: \u00abNos encontramos un juez sensible que aplic\u00f3 la ley de forma justa y humana.\u00bb<\/span><\/div>\n<div><span style=\"font-family: Verdana, sans-serif\"><br \/><b>Justicia par<br \/>\na una mayor calidad de vida<\/b><br \/>Caramelo tambi\u00e9n habl\u00f3 de su rol en el conflicto: \u201cLa funci\u00f3n que tenemos los jueces civiles es que tras nuestra intervenci\u00f3n, las personas tengan acceso a una mayor calidad de vida. Es importante seguir formando personas con vocaci\u00f3n de servicio p\u00fablico. En este caso, veo eso. Esto ahora es de ellos.\u201d<br \/>Cuando el acuerdo estuvo en manos de los nuevos propietarios, el juez record\u00f3 una an\u00e9cdota, la de aquel d\u00eda que fue a inspeccionar el inmueble. Entonces un hombre mayor se acerc\u00f3 a \u00e9l llorando. Le dijo que nunca hab\u00eda pensando un juez iba a pisar ese lugar. En aquel momento Caramelo qued\u00f3 impresionado por esa distancia, la que puede existir entre el poder judicial y las personas.<br \/>\u201cOjal\u00e1 esto sea un precedente para muchos casos en la ciudad. Hay 15 familias involucradas. Eso son muchas historias de vida que se desarrollaron ah\u00ed, la identidad de muchas personas. Espero poder contagiar a mis colegas y mostrar que hay otra forma de resolverlo que no involucra enviar a la fuerza p\u00fablica a desalojar\u201d, dej\u00f3 picando el juez.<\/span><\/div>\n<\/div>\n<\/div>\n","protected":false},"excerpt":{"rendered":"<p>COOPERATIVA DE VIVIENDA\u00abYA NO SOMOS OCUPANTES, SOMOS PROPIETARIOS\u00bb [FMR jueves 06\/11\/14] A partir de un fallo del juez Caramelo, quince familias integrantes de la cooperativa \u201cCrecer en Ministro Brin\u201d firmaron el acuerdo para comprar el espacio donde viven. C\u00f3mo trabajaron con diversas \u00e1reas del Estado, entre ellas la Secretar\u00eda de H\u00e1bitat. La cooperativa de vivienda [&hellip;]<\/p>\n","protected":false},"author":4,"featured_media":0,"comment_status":"open","ping_status":"open","sticky":false,"template":"","format":"standard","meta":{"_monsterinsights_skip_tracking":false,"_monsterinsights_sitenote_active":false,"_monsterinsights_sitenote_note":"","_monsterinsights_sitenote_category":0,"jnews-multi-image_gallery":[],"jnews_single_post":{"format":"standard"},"jnews_primary_category":[],"_joinchat":[],"footnotes":""},"categories":[58],"tags":[147],"class_list":["post-981","post","type-post","status-publish","format-standard","hentry","category-noticiariachuelo","tag-habitat"],"_links":{"self":[{"href":"http:\/\/fmriachuelo.it10.com.ar\/index.php\/wp-json\/wp\/v2\/posts\/981","targetHints":{"allow":["GET"]}}],"collection":[{"href":"http:\/\/fmriachuelo.it10.com.ar\/index.php\/wp-json\/wp\/v2\/posts"}],"about":[{"href":"http:\/\/fmriachuelo.it10.com.ar\/index.php\/wp-json\/wp\/v2\/types\/post"}],"author":[{"embeddable":true,"href":"http:\/\/fmriachuelo.it10.com.ar\/index.php\/wp-json\/wp\/v2\/users\/4"}],"replies":[{"embeddable":true,"href":"http:\/\/fmriachuelo.it10.com.ar\/index.php\/wp-json\/wp\/v2\/comments?post=981"}],"version-history":[{"count":1,"href":"http:\/\/fmriachuelo.it10.com.ar\/index.php\/wp-json\/wp\/v2\/posts\/981\/revisions"}],"predecessor-version":[{"id":21921,"href":"http:\/\/fmriachuelo.it10.com.ar\/index.php\/wp-json\/wp\/v2\/posts\/981\/revisions\/21921"}],"wp:attachment":[{"href":"http:\/\/fmriachuelo.it10.com.ar\/index.php\/wp-json\/wp\/v2\/media?parent=981"}],"wp:term":[{"taxonomy":"category","embeddable":true,"href":"http:\/\/fmriachuelo.it10.com.ar\/index.php\/wp-json\/wp\/v2\/categories?post=981"},{"taxonomy":"post_tag","embeddable":true,"href":"http:\/\/fmriachuelo.it10.com.ar\/index.php\/wp-json\/wp\/v2\/tags?post=981"}],"curies":[{"name":"wp","href":"https:\/\/api.w.org\/{rel}","templated":true}]}}