{"id":9808,"date":"2019-05-21T04:31:40","date_gmt":"2019-05-21T04:31:40","guid":{"rendered":"http:\/\/fmriachuelo.com.ar\/?p=9808"},"modified":"2019-05-21T04:31:40","modified_gmt":"2019-05-21T04:31:40","slug":"salimos-a-la-calle-porque-no-tenemos-alternativa-esta-politica-nos-obliga-a-vivir-al-intemperie","status":"publish","type":"post","link":"http:\/\/fmriachuelo.it10.com.ar\/index.php\/2019\/05\/21\/salimos-a-la-calle-porque-no-tenemos-alternativa-esta-politica-nos-obliga-a-vivir-al-intemperie\/","title":{"rendered":"SALIMOS A LA CALLE PORQUE NO TENEMOS ALTERNATIVA, ESTA POL\u00cdTICA NOS OBLIGA A VIVIR AL INTEMPERIE"},"content":{"rendered":"<p><strong>[FM Riachuelo 21\/05\/2019]En el marco de la Jornada de lucha, que se va a estar realizando este martes en el Obelisco, en Rompe el Cerco Informativo conversamos con Esteban \u00abGringo\u00bb Castro, Secretario General \u00a0de la Confederaci\u00f3n de Trabajadores de la Econom\u00eda Popular (CTEP) para analizar el momento de emergencia alimentaria que viven lxs trabajadorxs de la \u00a0econom\u00eda popular y el contexto actual\u00a0 en un a\u00f1o electoral.<\/strong><\/p>\n<p>La Confederaci\u00f3n de Trabajadorxs de la Econom\u00eda Popular junto a la Corriente Clasista Combativa \u00a0y el movimiento \u00a0Barrios de Pie, van a concentrar en el obelisco a las 10 hs, para marchar hasta las dependencias de ANSES y Desarrollo Social frente al recorte en programas de trabajo y obras de infraestructura y \u00a0por la emergencia alimentaria que vienen sufriendo lxs trabajadorxs de la econom\u00eda popular.<\/p>\n<p>Ante una nueva jornada de lucha, el Secretario General de la \u00a0CTEP, expres\u00f3: <em><strong>\u201cNosotros cu\u00e1ndo est\u00e9 gobierno firm\u00f3 ese pacto espurio con el Fondo Monetario Internacional (FMI), dijimos que se ven\u00eda un proceso que iba a terminar en un genocidio social. Es una pol\u00edtica de exterminio, porque siempre las situaciones m\u00e1s dif\u00edciles, m\u00e1s graves las sufren lxs \u00a0trabajadorxs m\u00e1s pobres que son lxs de la econom\u00eda popular, as\u00ed que esto nos obliga a salir a la calle\u201d.<\/strong><\/em><\/p>\n<p>Agrego:<em><strong>\u00abPedimos por favor, que no haya de parte nuestra situaciones de violencia, porque nosotros peleamos por la justicia social y lo hacemos en paz, no generamos acciones de violencia. Nosotrxs trabajamos mucho al interior de nuestras organizaciones para que no se genere violencia, pero es una violencia que est\u00e1\u00a0 claramente generada por la pol\u00edtica de est\u00e9 gobierno\u201d.<\/strong><\/em><\/p>\n<p>Manifest\u00f3:<strong><em> \u201cEstamos preocupados creemos que el dolor que est\u00e1 viviendo una parte de nuestra sociedad, lo est\u00e1 viviendo en general todo la sociedad, pero hay una parte que lo est\u00e1 viviendo m\u00e1s en profundidad. No tenemos m\u00e1s alternativa que salir a la calle, esta pol\u00edtica nos obliga a vivir al intemperie\u201d.<\/em><\/strong><\/p>\n<p>Tambi\u00e9n se refiri\u00f3 al paro general \u00a0que convoca la Confederaci\u00f3n General del Trabajo (CGT) para el 29 de mayo, y dijo: \u201c<em><strong>Nosotrxs, cuando hay paro general y hay \u00a0acuerdo de todas las organizaciones no hacemos una actividad ese d\u00eda que ensombrezca la actividad central que es que todo el mundo vea que la CGT, cuando determina que hay un paro nacional-general eso en la Argentina se puede seguir haciendo, que en casi ninguna parte del mundo logramos ese nivel de cohesi\u00f3n como para parar, eso pr\u00e1cticamente no sucede en ninguna parte del mundo. Nosotrxs ese d\u00eda en los lugares que podamos vamos a hacer ollas populares para seguir reclamando por el hambre\u201d.<\/strong><\/em><\/p>\n<p>Y por \u00faltimo habl\u00f3 de las repercusiones al conocerse la candidatura de la f\u00f3rmula Fern\u00e1ndez-Fern\u00e1ndez. Y afirm\u00f3:<em><strong>\u201cTodo lo que se haga para unificar y que este gobierno por las urnas se pueda ir, yo estoy de acuerdo. Ahora en t\u00e9rminos de problemas que nos deja este gobierno, no tengo dudas que nosotrxs no tenemos que salir de las calles. Nosotrxs decimos desde la CTEP, que gane quien \u00a0gane nosotrxs no salimos de la calle porque, por m\u00e1s que coincidamos o no con los gobiernos que tenemos las luchas reivindicativas van a seguir y los problemas van a tardar mucho en resolverse\u201d.<\/strong><\/em><\/p>\n<p>Es por eso que este martes a las 10hs las organizaciones sociales van a estar moviliz\u00e1ndose a las \u00a0diferentes dependencias de Anses y Desarrollo Social, para exigir por la emergencia alimentaria y los recortes en los programas de trabajo y obras de infraestructura.<\/p>\n<p><span style=\"color: #800000\"><strong>\u00a0<a href=\"https:\/\/radiocut.fm\/audiocut\/salimos-a-calle-porque-no-tenemos-alternativa-esta-politica-nos-obliga-a-vivir-al-intemperie\/\">Escucha la entrevista completa haciendo clic ac\u00e1<\/a><\/strong><\/span><\/p>\n","protected":false},"excerpt":{"rendered":"<p>[FM Riachuelo 21\/05\/2019]En el marco de la Jornada de lucha, que se va a estar realizando este martes en el Obelisco, en Rompe el Cerco Informativo conversamos con Esteban \u00abGringo\u00bb Castro, Secretario General \u00a0de la Confederaci\u00f3n de Trabajadores de la Econom\u00eda Popular (CTEP) para analizar el momento de emergencia alimentaria que viven lxs trabajadorxs de [&hellip;]<\/p>\n","protected":false},"author":5,"featured_media":6735,"comment_status":"open","ping_status":"open","sticky":false,"template":"","format":"standard","meta":{"_monsterinsights_skip_tracking":false,"_monsterinsights_sitenote_active":false,"_monsterinsights_sitenote_note":"","_monsterinsights_sitenote_category":0,"jnews-multi-image_gallery":[],"jnews_single_post":[],"jnews_primary_category":[],"_joinchat":[],"footnotes":""},"categories":[78,76,75],"tags":[],"class_list":["post-9808","post","type-post","status-publish","format-standard","has-post-thumbnail","hentry","category-economia-popular","category-salud-comunitaria","category-trabajo"],"_links":{"self":[{"href":"http:\/\/fmriachuelo.it10.com.ar\/index.php\/wp-json\/wp\/v2\/posts\/9808","targetHints":{"allow":["GET"]}}],"collection":[{"href":"http:\/\/fmriachuelo.it10.com.ar\/index.php\/wp-json\/wp\/v2\/posts"}],"about":[{"href":"http:\/\/fmriachuelo.it10.com.ar\/index.php\/wp-json\/wp\/v2\/types\/post"}],"author":[{"embeddable":true,"href":"http:\/\/fmriachuelo.it10.com.ar\/index.php\/wp-json\/wp\/v2\/users\/5"}],"replies":[{"embeddable":true,"href":"http:\/\/fmriachuelo.it10.com.ar\/index.php\/wp-json\/wp\/v2\/comments?post=9808"}],"version-history":[{"count":0,"href":"http:\/\/fmriachuelo.it10.com.ar\/index.php\/wp-json\/wp\/v2\/posts\/9808\/revisions"}],"wp:featuredmedia":[{"embeddable":true,"href":"http:\/\/fmriachuelo.it10.com.ar\/index.php\/wp-json\/wp\/v2\/media\/6735"}],"wp:attachment":[{"href":"http:\/\/fmriachuelo.it10.com.ar\/index.php\/wp-json\/wp\/v2\/media?parent=9808"}],"wp:term":[{"taxonomy":"category","embeddable":true,"href":"http:\/\/fmriachuelo.it10.com.ar\/index.php\/wp-json\/wp\/v2\/categories?post=9808"},{"taxonomy":"post_tag","embeddable":true,"href":"http:\/\/fmriachuelo.it10.com.ar\/index.php\/wp-json\/wp\/v2\/tags?post=9808"}],"curies":[{"name":"wp","href":"https:\/\/api.w.org\/{rel}","templated":true}]}}