{"id":9804,"date":"2019-05-20T23:25:01","date_gmt":"2019-05-20T23:25:01","guid":{"rendered":"http:\/\/fmriachuelo.com.ar\/?p=9804"},"modified":"2019-05-20T23:25:01","modified_gmt":"2019-05-20T23:25:01","slug":"convocan-a-un-tractorazo-y-verdurazo-por-el-asesinato-de-una-agricultora-del-mte","status":"publish","type":"post","link":"http:\/\/fmriachuelo.it10.com.ar\/index.php\/2019\/05\/20\/convocan-a-un-tractorazo-y-verdurazo-por-el-asesinato-de-una-agricultora-del-mte\/","title":{"rendered":"CONVOCAN A UN TRACTORAZO Y VERDURAZO POR EL ASESINATO DE UNA AGRICULTORA DEL MTE"},"content":{"rendered":"<p><strong>[FM RIACHUELO 20\/05\/2019] Hoy Rompe el Cerco Informativo (L a V 18 hs) entrevist\u00f3 a Dino Altamirano, integrante del Movimiento de trabajadores Excluidos- MTE RURAL por la p\u00e9rdida de Roxana Coro Le\u00f3n, que fue cruelmente asesinada el s\u00e1bado pasado en Varela. Los hechos de inseguridad se enmarcan en una crisis econ\u00f3mica que llevan a la miseria y hambre de nuestro pueblo.<\/strong><\/p>\n<p>En un comunicado, la MTE Rural- CTEP expres\u00f3 \u201cla muerte de Roxana, de 24 a\u00f1os, agricultora y madre de dos ni\u00f1xs es consecuencia del abandono y el desgobierno en el que vivimos las familias quinteras en las periferias de Varela, pese a que el intendente Andr\u00e9s Watson, ha expresado p\u00fablicamente un compromiso con el sector hort\u00edcola\u201d.\u00a0 Tambi\u00e9n responsabilizan al gobierno por la falta de pol\u00edticas p\u00fablicas y abandono en el que se encuentra el cintur\u00f3n verde productivo.<\/p>\n<p>Dino Altamirano denunci\u00f3: \u201cnos roban, nos discriminan, no hay alumbrado en la calle, ni asfalto, faltan pol\u00edticas p\u00fablicas\u201d. Y anunci\u00f3 que el mi\u00e9rcoles \u201cvamos a pedir justicia y a presentar nuestros reclamos, porque nuestro territorio esta desolado y somos productores que producimos alimentos para nuestra comunidad\u201d.<\/p>\n<p>El productor tambi\u00e9n sostuvo que el rol de los medios populares \u201ces importante para que se conozcan nuestras problem\u00e1ticas, muchas cosa que pasan en el campo no se ven. Necesitamos que visibilicen esta situaci\u00f3n dolorosa. No podemos ni llevar los chicos a la escuela por la inseguridad. Estamos dejando de trabajar para ir a buscar a los chicos a la escuela porque se los quieren llevar las combis\u201d.<\/p>\n<p>Desde la MTE Rural-CTEP llaman a toda la comunidad a solidarizarse con la movilizaci\u00f3n que realizar\u00e1n junto a la familia de Roxana el mi\u00e9rcoles 22\/05 a las 09hs. Har\u00e1n una caravana desde el lugar del hecho (Av. Hudson y 1328) hasta la fiscal\u00eda p\u00fablica (Av. Juan Domingo Per\u00f3n 485) para clamar justicia. Posteriormente realizar\u00e1n un verdurazo al municipio, donde exigir\u00e1n la presencia de las autoridades para entregar un pliego de demandas urgentes.<\/p>\n<p><a href=\"https:\/\/radiocut.fm\/audiocut\/miercoles-22-mayo-tractorazo-y-verdurazo-por-roxana-coro-leon-del-mte-rural-ctep\/\">Escucha la entrevista completa<\/a><\/p>\n","protected":false},"excerpt":{"rendered":"<p>[FM RIACHUELO 20\/05\/2019] Hoy Rompe el Cerco Informativo (L a V 18 hs) entrevist\u00f3 a Dino Altamirano, integrante del Movimiento de trabajadores Excluidos- MTE RURAL por la p\u00e9rdida de Roxana Coro Le\u00f3n, que fue cruelmente asesinada el s\u00e1bado pasado en Varela. Los hechos de inseguridad se enmarcan en una crisis econ\u00f3mica que llevan a la [&hellip;]<\/p>\n","protected":false},"author":5,"featured_media":9805,"comment_status":"open","ping_status":"open","sticky":false,"template":"","format":"standard","meta":{"_monsterinsights_skip_tracking":false,"_monsterinsights_sitenote_active":false,"_monsterinsights_sitenote_note":"","_monsterinsights_sitenote_category":0,"jnews-multi-image_gallery":[],"jnews_single_post":[],"jnews_primary_category":[],"_joinchat":[],"footnotes":""},"categories":[76],"tags":[],"class_list":["post-9804","post","type-post","status-publish","format-standard","has-post-thumbnail","hentry","category-salud-comunitaria"],"_links":{"self":[{"href":"http:\/\/fmriachuelo.it10.com.ar\/index.php\/wp-json\/wp\/v2\/posts\/9804","targetHints":{"allow":["GET"]}}],"collection":[{"href":"http:\/\/fmriachuelo.it10.com.ar\/index.php\/wp-json\/wp\/v2\/posts"}],"about":[{"href":"http:\/\/fmriachuelo.it10.com.ar\/index.php\/wp-json\/wp\/v2\/types\/post"}],"author":[{"embeddable":true,"href":"http:\/\/fmriachuelo.it10.com.ar\/index.php\/wp-json\/wp\/v2\/users\/5"}],"replies":[{"embeddable":true,"href":"http:\/\/fmriachuelo.it10.com.ar\/index.php\/wp-json\/wp\/v2\/comments?post=9804"}],"version-history":[{"count":0,"href":"http:\/\/fmriachuelo.it10.com.ar\/index.php\/wp-json\/wp\/v2\/posts\/9804\/revisions"}],"wp:featuredmedia":[{"embeddable":true,"href":"http:\/\/fmriachuelo.it10.com.ar\/index.php\/wp-json\/"}],"wp:attachment":[{"href":"http:\/\/fmriachuelo.it10.com.ar\/index.php\/wp-json\/wp\/v2\/media?parent=9804"}],"wp:term":[{"taxonomy":"category","embeddable":true,"href":"http:\/\/fmriachuelo.it10.com.ar\/index.php\/wp-json\/wp\/v2\/categories?post=9804"},{"taxonomy":"post_tag","embeddable":true,"href":"http:\/\/fmriachuelo.it10.com.ar\/index.php\/wp-json\/wp\/v2\/tags?post=9804"}],"curies":[{"name":"wp","href":"https:\/\/api.w.org\/{rel}","templated":true}]}}