{"id":9790,"date":"2019-05-19T01:22:11","date_gmt":"2019-05-19T01:22:11","guid":{"rendered":"http:\/\/fmriachuelo.com.ar\/?p=9790"},"modified":"2019-05-19T01:22:11","modified_gmt":"2019-05-19T01:22:11","slug":"marcha-en-repudio-a-monsantobayer-son-ellos-o-somos-nosotros","status":"publish","type":"post","link":"http:\/\/fmriachuelo.it10.com.ar\/index.php\/2019\/05\/19\/marcha-en-repudio-a-monsantobayer-son-ellos-o-somos-nosotros\/","title":{"rendered":"MARCHA EN REPUDIO A MONSANTO\/BAYER: \u00abSON ELLOS O SOMOS NOSOTROS\u00bb"},"content":{"rendered":"<p><strong>Fm Riachuelo, 18\/05\/2019] Hoy se realiz\u00f3 la marcha mundial en repudio a Monsanto, movilizaci\u00f3n que tiene lugar el mismo d\u00eda en 400 ciudades del mundo. En la Ciudad de Buenos Aires se march\u00f3 desde la Plaza San Martin (frente a las oficinas de la empresa de agrot\u00f3xicos) \u00a0hacia el Obelisco. La Riachuelo estuvo presente cubriendo la actividad.<\/strong><\/p>\n<p>El lugar de inicio del encuentro fue en la Plaza San Martin, en Retiro, frente a las oficinas de Monsanto. All\u00ed comenzaron desde las 15.30 a concentrar distintas organizaciones, junto con profesionales de la salud y familias que han visto su vida cotidiana afectada por la utilizaci\u00f3n de agrot\u00f3xicos en los territorios en los que viven.<\/p>\n<p>El repudio no fue s\u00f3lo a la empresa de agroqu\u00edmicos, sino tambi\u00e9n a Bayer, laboratorio que se ha unificado desde hace unos a\u00f1os y tambi\u00e9n se se\u00f1al\u00f3 la convivencia de estas empresas con el actual gobierno de Mauricio Macri, quien design\u00f3 en la Secretaria de Agroindustria al ex presidente de la Sociedad Rural Luis Miguel Etcheverre y en el Ministerio de Asuntos Agrarios de la Provincia de Buenos Aires al ex gerente de Monsanto Leonardo Sarquis.<\/p>\n<p>Tamara Borello de \u201cTodos los 25 hasta que se vaya Monsanto\u201d explic\u00f3 la importancia de esta actividad: <strong>\u201cson empresas que monopolizan la alimentaci\u00f3n del mundo, deciden qu\u00e9 comemos y a qu\u00e9 precio y modifican la cultura alimentaria de los pa\u00edses en que se insertan\u201d<\/strong> y destac\u00f3 lo importante que es para las organizaciones realizar un an\u00e1lisis profundo de esta problem\u00e1tica.<\/p>\n<p>La empresa lleg\u00f3 a nuestro pa\u00eds hace 23 a\u00f1os, cuando el gobierno de Menem firma el primer decreto que permite el ingreso y desarrollo de cultivos transg\u00e9nicos, desde ese momento hacia nuestros d\u00edas se ha consolidado un modelo de producci\u00f3n que va en detrimento de la salud del pueblo y del medio ambiente.<\/p>\n<p>La marcha recorri\u00f3 la Avenida Santa Fe hasta la 9 de Julio donde la polic\u00eda quiso impedir que se continuara, luego de ejercer presi\u00f3n durante casi media hora, las fuerzas de seguridad accedieron a que les manifestantes tomaran s\u00f3lo un carril para dirigirse hacia el Obelisco. Finalmente all\u00ed, se ley\u00f3 el documento, a pesar de que el operativo de seguridad no permit\u00eda que les manifestantes se colocaran en la plazoleta de 9 de Julio y Av. Corrientes.<\/p>\n<p><img loading=\"lazy\" decoding=\"async\" class=\"wp-image-9792 alignright\" src=\"http:\/\/fmriachuelo.com.ar\/wp-content\/uploads\/2019\/05\/db5dff4c-b8f1-45b2-a452-7551e35bc9fa.jpg\" alt=\"\" width=\"453\" height=\"367\" \/>Dicho texto detall\u00f3 las consecuencias de este modelo de agroproducci\u00f3n: los agroqu\u00edmicos no solo se utilizan en la producci\u00f3n de soja sino tambi\u00e9n en la de papa, algod\u00f3n y ma\u00edz. Provocan el desplazamiento de pueblos originarios y campesinos; consecuencias ambientales irreparables tales como sequ\u00edas e inundaciones; enferman a las poblaciones m\u00e1s vulneradas, destruyendo las econom\u00edas regionales y empujando al empleo casi nulo e insalubre. Por todo esto les firmantes del documento destacan la necesidad de entender que se trata de una \u201cemergencia sanitaria, alimentaria, ambiental, econ\u00f3mica, cultural y social\u201d y firman bajo la consigna \u201cson ellos o nosotros\u201d.<\/p>\n<p>Por otro lado, entre las organizaciones presentes, conversamos con Brian de Recicladores de La Boca, quien dijo con respecto a la uni\u00f3n entre Monsanto y Bayer: \u201cuno te enferma y el otro supuestamente te cura\u201d. Y agrego:<strong> \u201chay que concientizar a la gente sobre c\u00f3mo afecta su salud, yo que vengo de Entre R\u00edos, hace poco sali\u00f3 una ley que permite que se fumigue a 100 metros de las escuelas\u201d<\/strong>.<\/p>\n<p>La marcha finaliz\u00f3 cerca de las ocho de la noche, bajo la lluvia pero con la satisfacci\u00f3n que, a pesar del operativo de seguridad, se pudo leer el documento y concientizar a les vecines que se acercaron, sobre la urgencia de terminar con este modelo econ\u00f3mico y productivo y de apostar a la soberan\u00eda alimentaria como otra forma de producir y de alimentarse.<\/p>\n<p>&nbsp;<\/p>\n","protected":false},"excerpt":{"rendered":"<p>Fm Riachuelo, 18\/05\/2019] Hoy se realiz\u00f3 la marcha mundial en repudio a Monsanto, movilizaci\u00f3n que tiene lugar el mismo d\u00eda en 400 ciudades del mundo. En la Ciudad de Buenos Aires se march\u00f3 desde la Plaza San Martin (frente a las oficinas de la empresa de agrot\u00f3xicos) \u00a0hacia el Obelisco. La Riachuelo estuvo presente cubriendo [&hellip;]<\/p>\n","protected":false},"author":5,"featured_media":9791,"comment_status":"open","ping_status":"open","sticky":false,"template":"","format":"standard","meta":{"_monsterinsights_skip_tracking":false,"_monsterinsights_sitenote_active":false,"_monsterinsights_sitenote_note":"","_monsterinsights_sitenote_category":0,"jnews-multi-image_gallery":[],"jnews_single_post":[],"jnews_primary_category":[],"_joinchat":[],"footnotes":""},"categories":[76,126],"tags":[],"class_list":["post-9790","post","type-post","status-publish","format-standard","has-post-thumbnail","hentry","category-salud-comunitaria","category-soberania-alimentaria"],"_links":{"self":[{"href":"http:\/\/fmriachuelo.it10.com.ar\/index.php\/wp-json\/wp\/v2\/posts\/9790","targetHints":{"allow":["GET"]}}],"collection":[{"href":"http:\/\/fmriachuelo.it10.com.ar\/index.php\/wp-json\/wp\/v2\/posts"}],"about":[{"href":"http:\/\/fmriachuelo.it10.com.ar\/index.php\/wp-json\/wp\/v2\/types\/post"}],"author":[{"embeddable":true,"href":"http:\/\/fmriachuelo.it10.com.ar\/index.php\/wp-json\/wp\/v2\/users\/5"}],"replies":[{"embeddable":true,"href":"http:\/\/fmriachuelo.it10.com.ar\/index.php\/wp-json\/wp\/v2\/comments?post=9790"}],"version-history":[{"count":0,"href":"http:\/\/fmriachuelo.it10.com.ar\/index.php\/wp-json\/wp\/v2\/posts\/9790\/revisions"}],"wp:featuredmedia":[{"embeddable":true,"href":"http:\/\/fmriachuelo.it10.com.ar\/index.php\/wp-json\/"}],"wp:attachment":[{"href":"http:\/\/fmriachuelo.it10.com.ar\/index.php\/wp-json\/wp\/v2\/media?parent=9790"}],"wp:term":[{"taxonomy":"category","embeddable":true,"href":"http:\/\/fmriachuelo.it10.com.ar\/index.php\/wp-json\/wp\/v2\/categories?post=9790"},{"taxonomy":"post_tag","embeddable":true,"href":"http:\/\/fmriachuelo.it10.com.ar\/index.php\/wp-json\/wp\/v2\/tags?post=9790"}],"curies":[{"name":"wp","href":"https:\/\/api.w.org\/{rel}","templated":true}]}}