{"id":9771,"date":"2019-05-17T19:07:22","date_gmt":"2019-05-17T19:07:22","guid":{"rendered":"http:\/\/fmriachuelo.com.ar\/?p=9771"},"modified":"2019-05-17T19:07:22","modified_gmt":"2019-05-17T19:07:22","slug":"9771","status":"publish","type":"post","link":"http:\/\/fmriachuelo.it10.com.ar\/index.php\/2019\/05\/17\/9771\/","title":{"rendered":"MARCHA MUNDIAL CONTRA MONSANTO"},"content":{"rendered":"<p><strong>[17\/05\/2019] En medio de los preparativos que se est\u00e1n haciendo para este pr\u00f3ximo s\u00e1bado 18, en Rompe el Cerco Informativo entrevistamos a Juli\u00e1n Galeano, integrante de la asamblea organizativa de la Marcha Mundial contra Monsanto, que nos habl\u00f3 respecto de la importancia de la convocatoria a nivel internacional. Adem\u00e1s mencion\u00f3 que las miradas de muchos compa\u00f1eros en otros pa\u00edses apuntan particularmente a Argentina, ya que en ella se expresan de manera muy fuerte las problem\u00e1ticas que esta multinacional atrae, como los usos masivos de agro t\u00f3xicos, la producci\u00f3n transg\u00e9nica o los monocultivos.<\/strong><\/p>\n<p>Por otro lado, se caracteriz\u00f3 a Monsanto como una de las corporaciones que acciona un modelo de producci\u00f3n impuesto por organismos de comercio internacional, los pa\u00edses m\u00e1s poderosos y la hegemon\u00eda econ\u00f3mica mundial. Esta forma de agricultura depende del petr\u00f3leo, raz\u00f3n por la que el precio de los alimentos se encuentra atado al valor d\u00f3lar: <em>\u201cLos alimentos terminan cotizando en las bolsas de comercio de Chicago. Esta situaci\u00f3n que a nosotros nos pasa por encima, ya que de estos valores el pueblo no ve un solo centavo, todas las ganancias van para los terratenientes millonarios, las grandes corporaciones y los poolles de siembra.\u201d<\/em><\/p>\n<p>Ahora bien, Juli\u00e1n plantea que hay otra forma de producir distinta a la que imponen desde el poder mundial. Ella consta en que la modalidad productiva sea la agroecolog\u00eda<em>: \u201c(\u2026) una agricultura en la que no se utiliza veneno,\u00a0 no se requieran insumos del petr\u00f3leo y no est\u00e9 influida por las condiciones mundiales macroecon\u00f3micas. Se busca que los organizamos de poder internacional no puedan tener injerencia sobre los valores de los alimentos, como sucede en la actualidad. De esta manera el mercado no ser\u00e1 el que termine imponiendo el tipo de cultivos que hay que tener, los precios de los productos y lo que tenemos que comer.\u201d<\/em><\/p>\n<p><img loading=\"lazy\" decoding=\"async\" class=\"size-full wp-image-9775 aligncenter\" src=\"http:\/\/fmriachuelo.com.ar\/wp-content\/uploads\/2019\/05\/monsanto.jpg\" alt=\"\" width=\"300\" height=\"300\" \/><\/p>\n<p>Por otro lado, el entrevistado habl\u00f3 respecto del rol que las organizaciones populares deben tener en esta problem\u00e1tica: <em>\u201cEs muy importante que cada organizaci\u00f3n tenga su rama en la que se dedique a incentivar la agricultura; sobre todo esta agricultura agroecol\u00f3gica que es una fuente generadora de empleo en un pa\u00eds como argentina.\u201d<\/em><\/p>\n<p>Tambi\u00e9n se profundiz\u00f3 con respecto a la necesidad de poder desarrollar un proyecto nacional que garantice la log\u00edstica\u00a0 para los movimientos que produzcan en el marco de la l\u00f3gica agroecol\u00f3gica. \u201c<em>En la actualidad si un productor agroecol\u00f3gico quiere vender sus productos en la ciudad termina siendo decomisado porque las leyes est\u00e1n amoldadas a los intereses corporativistas. Uno no puede acceder a comprar esa producci\u00f3n y tampoco el otro puede producir porque no tiene a qui\u00e9n venderle; hay un freno al momento de la comercializaci\u00f3n\u201d<\/em><\/p>\n<p><img loading=\"lazy\" decoding=\"async\" class=\"size-full wp-image-9778 aligncenter\" src=\"http:\/\/fmriachuelo.com.ar\/wp-content\/uploads\/2019\/05\/monsanto_protesta_25.jpg\" alt=\"\" width=\"700\" height=\"467\" \/><\/p>\n<p>Para finalizar, Juli\u00e1n destac\u00f3 la responsabilidad que cada uno tiene en esta lucha por evitar que el poder econ\u00f3mico internacional expresado en corporaciones como Monsanto tengan el control sobre nuestros alimentos, y as\u00ed poder generar soberan\u00eda alimentaria: <em>\u201cHay que dejar de ir al supermercado, tanto a las grandes cadenas como al chino, porque son los que venden lo que nos envenena, nos empobrece y nos deja sin trabajo. Es un acto pol\u00edtico muy digno comprarle la producci\u00f3n a un productor agroecol\u00f3gico.\u201d<\/em><\/p>\n<p>La convocatoria a la Marcha Mundial en contra de Monsanto est\u00e1 fechada para el s\u00e1bado 18 de mayo a las 15 horas en Plaza San Mart\u00edn en Retiro, donde se encuentra la sede de la multinacional.<\/p>\n","protected":false},"excerpt":{"rendered":"<p>[17\/05\/2019] En medio de los preparativos que se est\u00e1n haciendo para este pr\u00f3ximo s\u00e1bado 18, en Rompe el Cerco Informativo entrevistamos a Juli\u00e1n Galeano, integrante de la asamblea organizativa de la Marcha Mundial contra Monsanto, que nos habl\u00f3 respecto de la importancia de la convocatoria a nivel internacional. Adem\u00e1s mencion\u00f3 que las miradas de muchos [&hellip;]<\/p>\n","protected":false},"author":5,"featured_media":9774,"comment_status":"open","ping_status":"open","sticky":false,"template":"","format":"standard","meta":{"_monsterinsights_skip_tracking":false,"_monsterinsights_sitenote_active":false,"_monsterinsights_sitenote_note":"","_monsterinsights_sitenote_category":0,"jnews-multi-image_gallery":[],"jnews_single_post":[],"jnews_primary_category":[],"_joinchat":[],"footnotes":""},"categories":[76],"tags":[],"class_list":["post-9771","post","type-post","status-publish","format-standard","has-post-thumbnail","hentry","category-salud-comunitaria"],"_links":{"self":[{"href":"http:\/\/fmriachuelo.it10.com.ar\/index.php\/wp-json\/wp\/v2\/posts\/9771","targetHints":{"allow":["GET"]}}],"collection":[{"href":"http:\/\/fmriachuelo.it10.com.ar\/index.php\/wp-json\/wp\/v2\/posts"}],"about":[{"href":"http:\/\/fmriachuelo.it10.com.ar\/index.php\/wp-json\/wp\/v2\/types\/post"}],"author":[{"embeddable":true,"href":"http:\/\/fmriachuelo.it10.com.ar\/index.php\/wp-json\/wp\/v2\/users\/5"}],"replies":[{"embeddable":true,"href":"http:\/\/fmriachuelo.it10.com.ar\/index.php\/wp-json\/wp\/v2\/comments?post=9771"}],"version-history":[{"count":0,"href":"http:\/\/fmriachuelo.it10.com.ar\/index.php\/wp-json\/wp\/v2\/posts\/9771\/revisions"}],"wp:featuredmedia":[{"embeddable":true,"href":"http:\/\/fmriachuelo.it10.com.ar\/index.php\/wp-json\/"}],"wp:attachment":[{"href":"http:\/\/fmriachuelo.it10.com.ar\/index.php\/wp-json\/wp\/v2\/media?parent=9771"}],"wp:term":[{"taxonomy":"category","embeddable":true,"href":"http:\/\/fmriachuelo.it10.com.ar\/index.php\/wp-json\/wp\/v2\/categories?post=9771"},{"taxonomy":"post_tag","embeddable":true,"href":"http:\/\/fmriachuelo.it10.com.ar\/index.php\/wp-json\/wp\/v2\/tags?post=9771"}],"curies":[{"name":"wp","href":"https:\/\/api.w.org\/{rel}","templated":true}]}}