{"id":977,"date":"2014-11-10T02:18:00","date_gmt":"2014-11-10T02:18:00","guid":{"rendered":"http:\/\/fmriachuelo.observatorioess.org.ar\/index.php\/2014\/11\/10\/la-caida-del-muro-de-berlin-y-la-geopolitica\/"},"modified":"2024-12-12T12:23:45","modified_gmt":"2024-12-12T15:23:45","slug":"la-caida-del-muro-de-berlin-y-la-geopolitica","status":"publish","type":"post","link":"http:\/\/fmriachuelo.it10.com.ar\/index.php\/2014\/11\/10\/la-caida-del-muro-de-berlin-y-la-geopolitica\/","title":{"rendered":"LA CA\u00cdDA DEL MURO DE BERL\u00cdN Y LA GEOPOL\u00cdTICA"},"content":{"rendered":"<p><span style=\"font-family: Verdana,sans-serif\"><span style=\"font-size: small\">UNA REFLEXION<\/span><\/span><br \/><span style=\"font-size: large\"><span style=\"font-family: Verdana,sans-serif\"><b><span style=\"color: red\">A 25 A\u00d1OS DE LA CAIDA DEL MURO DE BERLIN<\/span><\/b><\/span><\/span><\/p>\n<div style=\"clear: both;text-align: center\"><span style=\"font-family: Verdana,sans-serif\"><\/span><\/div>\n<div style=\"clear: both;text-align: center\"><span style=\"font-family: Verdana,sans-serif\"><\/span><\/div>\n<p><a href=\"https:\/\/images-blogger-opensocial.googleusercontent.com\/gadgets\/proxy?url=http%3A%2F%2F1.bp.blogspot.com%2F-6c7wR6Ky_oA%2FVGAn_ikf4BI%2FAAAAAAAABSA%2FaBRb8Hy5F5Q%2Fs1600%2F355f2c9271d60696e55ab17698a60c34.jpg&amp;container=blogger&amp;gadget=a&amp;rewriteMime=image%2F*\" style=\"clear: left;float: left;margin-bottom: 1em;margin-right: 1em\"><img loading=\"lazy\" decoding=\"async\" border=\"0\" src=\"http:\/\/1.bp.blogspot.com\/-6c7wR6Ky_oA\/VGAn_ikf4BI\/AAAAAAAABSA\/aBRb8Hy5F5Q\/s1600\/355f2c9271d60696e55ab17698a60c34.jpg\" height=\"213\" width=\"320\" \/><\/a><span style=\"font-family: Verdana,sans-serif\"><span style=\"font-size: small\">&#8230;las fuerzas de la derecha cantaron victoria, mostrando el derribamiento del Muro de Berl\u00edn como la ca\u00edda de las ideas socialistas. Dicho de otra manera: como est\u00e1n tan aterrorizados con la posibilidad que los trabajadores reaccionen alguna vez, se permitieron mostrar ese incidente como el fracaso inexorable de las ideas socialistas. Pero ello no es sino una demostraci\u00f3n del pavor que sienten a ser<span style=\"font-size: small\"> <\/span>expropiados. De ah\u00ed que lo presenten como un triunfo apote\u00f3sico y que cierra de una vez la historia.<br \/>No hay dudas que con la involuci\u00f3n que sufrieron las primeras experiencias socialistas del mundo (la Uni\u00f3n Sovi\u00e9tica se desintegr\u00f3, China se abri\u00f3 al mercado capitalista, Cuba qued\u00f3 flotando en el aire como pudo), el capitalismo internacional avanz\u00f3 groseramente sobre las conquistas de los trabajadores obtenidas a fuerza de sacrificio en d\u00e9cadas y d\u00e9cadas de lucha. Por eso ahora ese sistema, que se autopresenta como ganador y \u00fanica salida posible, se permite explotar m\u00e1s a\u00fan que hace un siglo atr\u00e1s. Hoy d\u00eda se perdieron conquistas sindicales, se hacen contratos sin prestaciones laborales, no se respeta la jornada laboral de ocho horas, se expolia sin la menor pudicia y se entroniza la figura del \u201cganador\u201d.<br \/>No hay dudas,&nbsp; que el sistema sabe que ya le va a llegar el turno, que su cabeza, igual que la del monarca franc\u00e9s en 1789, rodar\u00e1 por el polvo. Por eso festeja este triunfo parcial \u2013que, sin dudas, hizo retroceder mucho al campo popular en estos \u00faltimos a\u00f1os\u2013 como un triunfo absoluto, queriendo presentar las cosas como que con el Muro de Berl\u00edn derribado termin\u00f3 la explotaci\u00f3n, y por tanto el ideal revolucionario socialista de transformaci\u00f3n social.<\/span><\/span><br \/><a name='more'><\/a><span style=\"font-family: Verdana,sans-serif\"><span style=\"font-size: small\">Pero los trabajadores del mundo siguen siendo explotados,<\/span> m\u00e1s que antes incluso, apaleados, reprimidos. \u00bfPor qu\u00e9 no habr\u00edan de reaccionar? Tal vez hoy d\u00eda, hay que reconocerlo, los partidos comunistas est\u00e1n un tanto despistados. Mis ideas \u2013que, en realidad, no son m\u00edas, sino producto de una reflexi\u00f3n cient\u00edfica (\u00a1no digan \u201cmarxismo\u201d sino materialismo hist\u00f3rico!)\u2013 se han querido presentar como anticuadas, fracasadas, \u201cpasadas de moda\u201d. Nada m\u00e1s contrario a la verdad.<\/span><span style=\"font-family: Verdana,sans-serif\"><span style=\"font-size: small\">Mientras siga la explotaci\u00f3n en el mundo (y esa es la esencia del sistema capitalista) habr\u00e1 quien proteste, quien alce la voz, quien busque organizarse para cambiar la situaci\u00f3n. Que hoy d\u00eda esa organizaci\u00f3n y los programas pol\u00edticos al respecto est\u00e9n golpeados, es una cosa. Pero pretender que se esfumaron, que los explotados quedar\u00e1n contentos y felices con su condici\u00f3n de tales, que las injusticias cesaron porque el sistema gan\u00f3 esta batalla, es un craso error.<br \/>No hay que olvidar que el capitalismo, como proyecto econ\u00f3mico-pol\u00edtico, comenz\u00f3 a surgir en los siglos XII y XIII, all\u00e1 en la Liga de Hansen, y demor\u00f3 varias centurias hasta poder tomar mayor\u00eda de edad constituy\u00e9ndose en sistema dominante, casi a fines del siglo XVIII, tanto en Francia e Inglaterra como en los nacientes Estados Unidos de Am\u00e9rica. Las experiencias socialistas no tienen ni 100 a\u00f1os de vida. \u00a1No olvidarlo! Cantar victoria porque se gan\u00f3 una batalla es de mal guerrero. Lo \u00fanico que demuestra es que s\u00ed, efectivamente, ese Amo tiembla porque sabe que ya le va a llegar su guillotina\u2026, aunque en este momento se sienta ganador.<br \/>Los 25 a\u00f1os que ahora se pretenden festejar no son sino una demostraci\u00f3n que el sistema capitalista no tiene salida. Se festeja el triunfo de la explotaci\u00f3n y la injusticia. Si el sistema tuviera \u201cresponsabilidad social empresarial\u201d, como parece que ahora se puso de moda decir, deber\u00eda echarse a llorar por el descalabro absoluto que ha creado. Para decirlo s\u00f3lo con dos ejemplos, lapidarios y terminantes por cierto: en estos momentos \u2013cr\u00e9anme que sigo muy de cerca estos acontecimientos y estoy perfectamente informado\u2013 la humanidad produce un 45% m\u00e1s de los alimentos necesarios para nutrir a los 7.300 millones de almas que pueblan el mundo, y vergonzosamente la principal causa de muerte sigue siendo nada m\u00e1s y nada menos que \u00a1el hambre! \u00a1Infame!, no caben dudas. Y para terminar: la principal actividad de la especie humana, la que m\u00e1s ganancias genera desde el punto de vista capitalista, la vanguardia de la ciencia y de la t\u00e9cnica es la producci\u00f3n de armamentos. Es decir: la defensa a muerte de los privilegios de algunos. \u00a1M\u00e1s pat\u00e9tico todav\u00eda!<br \/>Por tanto, camaradas, los insto a que no nos dejemos confundir por estos cantos de sirena: la derecha no festeja un triunfo sino que sigue estando en guerra, y con miedo, porque sabe que los trabajadores, tarde o temprano, reaccionaremos.<br \/>Hoy, como hace un siglo y medio, la consigna no es lamentarse por la paliza recibida recientemente ni quedarse embobados viendo la televisi\u00f3n. Sigue siendo como escrib\u00ed con Federico en 1848: \u201cNo hay nada que perder m\u00e1s que las cadenas. Por tanto: \u00a1un\u00edos!\u201d<\/span><\/span><\/p>\n<div><span style=\"font-family: Verdana,sans-serif\"><span style=\"font-size: x-small\"><b><span style=\"color: #3d85c6\"><span>Fuente: extracto del art\u00edculo publicado en Granma \u201cMarx habla sobre los 25 a\u00f1os de la ca\u00edda del Muro de Berl\u00edn\u201d<\/span><span lang=\"ES-TRAD\"><\/span><\/span><\/b><\/span><\/span><\/div>\n","protected":false},"excerpt":{"rendered":"<p>UNA REFLEXIONA 25 A\u00d1OS DE LA CAIDA DEL MURO DE BERLIN &#8230;las fuerzas de la derecha cantaron victoria, mostrando el derribamiento del Muro de Berl\u00edn como la ca\u00edda de las ideas socialistas. Dicho de otra manera: como est\u00e1n tan aterrorizados con la posibilidad que los trabajadores reaccionen alguna vez, se permitieron mostrar ese incidente como [&hellip;]<\/p>\n","protected":false},"author":4,"featured_media":0,"comment_status":"open","ping_status":"open","sticky":false,"template":"","format":"standard","meta":{"_monsterinsights_skip_tracking":false,"_monsterinsights_sitenote_active":false,"_monsterinsights_sitenote_note":"","_monsterinsights_sitenote_category":0,"jnews-multi-image_gallery":[],"jnews_single_post":{"format":"standard"},"jnews_primary_category":[],"_joinchat":[],"footnotes":""},"categories":[60],"tags":[72],"class_list":["post-977","post","type-post","status-publish","format-standard","hentry","category-mirada-riachuelo","tag-historia-de-la-lucha-de-los-pueblos"],"_links":{"self":[{"href":"http:\/\/fmriachuelo.it10.com.ar\/index.php\/wp-json\/wp\/v2\/posts\/977","targetHints":{"allow":["GET"]}}],"collection":[{"href":"http:\/\/fmriachuelo.it10.com.ar\/index.php\/wp-json\/wp\/v2\/posts"}],"about":[{"href":"http:\/\/fmriachuelo.it10.com.ar\/index.php\/wp-json\/wp\/v2\/types\/post"}],"author":[{"embeddable":true,"href":"http:\/\/fmriachuelo.it10.com.ar\/index.php\/wp-json\/wp\/v2\/users\/4"}],"replies":[{"embeddable":true,"href":"http:\/\/fmriachuelo.it10.com.ar\/index.php\/wp-json\/wp\/v2\/comments?post=977"}],"version-history":[{"count":1,"href":"http:\/\/fmriachuelo.it10.com.ar\/index.php\/wp-json\/wp\/v2\/posts\/977\/revisions"}],"predecessor-version":[{"id":21925,"href":"http:\/\/fmriachuelo.it10.com.ar\/index.php\/wp-json\/wp\/v2\/posts\/977\/revisions\/21925"}],"wp:attachment":[{"href":"http:\/\/fmriachuelo.it10.com.ar\/index.php\/wp-json\/wp\/v2\/media?parent=977"}],"wp:term":[{"taxonomy":"category","embeddable":true,"href":"http:\/\/fmriachuelo.it10.com.ar\/index.php\/wp-json\/wp\/v2\/categories?post=977"},{"taxonomy":"post_tag","embeddable":true,"href":"http:\/\/fmriachuelo.it10.com.ar\/index.php\/wp-json\/wp\/v2\/tags?post=977"}],"curies":[{"name":"wp","href":"https:\/\/api.w.org\/{rel}","templated":true}]}}