{"id":9768,"date":"2019-05-17T02:21:24","date_gmt":"2019-05-17T02:21:24","guid":{"rendered":"http:\/\/fmriachuelo.com.ar\/?p=9768"},"modified":"2019-05-17T02:21:24","modified_gmt":"2019-05-17T02:21:24","slug":"persecucion-judicial-a-estudiantes-por-defender-la-educacion-publica","status":"publish","type":"post","link":"http:\/\/fmriachuelo.it10.com.ar\/index.php\/2019\/05\/17\/persecucion-judicial-a-estudiantes-por-defender-la-educacion-publica\/","title":{"rendered":"PERSECUCI\u00d2N JUDICIAL A ESTUDIANTES POR DEFENDER LA EDUCACI\u00d3N P\u00daBLICA"},"content":{"rendered":"<p><strong>[FM RIACHUELO 16\/05\/2019] El Gobierno de la Ciudad de Buenos Aires junto al Ministerio de Educaci\u00f3n imput\u00f3 penalmente a tres estudiantes del Normal N\u00ba 5, del barrio de Barracas, por la toma del Instituto en Octubre de 2018. Los estudiantes fueron notificados el jueves 9 de Mayo.\u00a0<\/strong><strong>Por este motivo el martes 14 se desarroll\u00f3 en el Normal 5 la asamblea abierta con m\u00e1s de 150 personas que convoc\u00f3 a toda la comunidad y organizaciones sociales y pol\u00edticas contra la imputaci\u00f3n a 3 estudiantes por pelear contra la UNICABA.<\/strong><\/p>\n<p>La conducci\u00f3n del centro de estudiantes, agrupaci\u00f3n Norita Corti\u00f1as, dio inicio a la asamblea leyendo un comunicado contando los hechos y expresando su opini\u00f3n sobre la causa. Luego tomaron la palabra los 2 imputados presentes, uno se encuentra fuera del pa\u00eds, expresando su visi\u00f3n y abriendo la lista a todos los presentes.<\/p>\n<p>En la asamblea se encontraba presente Nora Corti\u00f1as, Madres de Plaza de Mayo L\u00ednea Fundadora, Alejandrina Barry del Centro de profesionales por los derechos humanos (CeProDH) quien preside la comisi\u00f3n contra la violencia institucional de la Legislatura porte\u00f1a, Laura Marrone, legisladora por el Frente de Izquierda, representantes de UTE y de ADEMYS, de centro de estudiantes terciarios, secundarios, docentes de la instituci\u00f3n entre otros.<\/p>\n<p>Soledad Gonz\u00e1lez, estudiante del profesorado expres\u00f3: \u201cAgradecemos a todxs la presencia, acompa\u00f1amiento y solidaridad, resaltando la presencia de Norita que transmite mucha fuerza para seguir luchando\u201d.<\/p>\n<p>Fm Riachuelo convers\u00f3 con Santiago, referente del Centro de Estudiantes quien inform\u00f3 la decisi\u00f3n de la Asamblea, convocando, el pr\u00f3ximo martes 21 de Mayo en Paseo Col\u00f3n al 1300 a las 9hs, a la realizaci\u00f3n de clases p\u00fablicas, en el marco de apoyo a la presentaci\u00f3n legal de lxs compa\u00f1erxs imputadxs.<\/p>\n","protected":false},"excerpt":{"rendered":"<p>[FM RIACHUELO 16\/05\/2019] El Gobierno de la Ciudad de Buenos Aires junto al Ministerio de Educaci\u00f3n imput\u00f3 penalmente a tres estudiantes del Normal N\u00ba 5, del barrio de Barracas, por la toma del Instituto en Octubre de 2018. Los estudiantes fueron notificados el jueves 9 de Mayo.\u00a0Por este motivo el martes 14 se desarroll\u00f3 en [&hellip;]<\/p>\n","protected":false},"author":5,"featured_media":9769,"comment_status":"open","ping_status":"open","sticky":false,"template":"","format":"standard","meta":{"_monsterinsights_skip_tracking":false,"_monsterinsights_sitenote_active":false,"_monsterinsights_sitenote_note":"","_monsterinsights_sitenote_category":0,"jnews-multi-image_gallery":[],"jnews_single_post":[],"jnews_primary_category":[],"_joinchat":[],"footnotes":""},"categories":[78,76],"tags":[],"class_list":["post-9768","post","type-post","status-publish","format-standard","has-post-thumbnail","hentry","category-economia-popular","category-salud-comunitaria"],"_links":{"self":[{"href":"http:\/\/fmriachuelo.it10.com.ar\/index.php\/wp-json\/wp\/v2\/posts\/9768","targetHints":{"allow":["GET"]}}],"collection":[{"href":"http:\/\/fmriachuelo.it10.com.ar\/index.php\/wp-json\/wp\/v2\/posts"}],"about":[{"href":"http:\/\/fmriachuelo.it10.com.ar\/index.php\/wp-json\/wp\/v2\/types\/post"}],"author":[{"embeddable":true,"href":"http:\/\/fmriachuelo.it10.com.ar\/index.php\/wp-json\/wp\/v2\/users\/5"}],"replies":[{"embeddable":true,"href":"http:\/\/fmriachuelo.it10.com.ar\/index.php\/wp-json\/wp\/v2\/comments?post=9768"}],"version-history":[{"count":0,"href":"http:\/\/fmriachuelo.it10.com.ar\/index.php\/wp-json\/wp\/v2\/posts\/9768\/revisions"}],"wp:featuredmedia":[{"embeddable":true,"href":"http:\/\/fmriachuelo.it10.com.ar\/index.php\/wp-json\/"}],"wp:attachment":[{"href":"http:\/\/fmriachuelo.it10.com.ar\/index.php\/wp-json\/wp\/v2\/media?parent=9768"}],"wp:term":[{"taxonomy":"category","embeddable":true,"href":"http:\/\/fmriachuelo.it10.com.ar\/index.php\/wp-json\/wp\/v2\/categories?post=9768"},{"taxonomy":"post_tag","embeddable":true,"href":"http:\/\/fmriachuelo.it10.com.ar\/index.php\/wp-json\/wp\/v2\/tags?post=9768"}],"curies":[{"name":"wp","href":"https:\/\/api.w.org\/{rel}","templated":true}]}}