{"id":976,"date":"2014-11-10T02:37:00","date_gmt":"2014-11-10T02:37:00","guid":{"rendered":"http:\/\/fmriachuelo.observatorioess.org.ar\/index.php\/2014\/11\/10\/aniversario-de-la-caida-del-muro-de-berlin\/"},"modified":"2024-12-12T12:27:32","modified_gmt":"2024-12-12T15:27:32","slug":"aniversario-de-la-caida-del-muro-de-berlin","status":"publish","type":"post","link":"http:\/\/fmriachuelo.it10.com.ar\/index.php\/2014\/11\/10\/aniversario-de-la-caida-del-muro-de-berlin\/","title":{"rendered":"ANIVERSARIO DE LA CA\u00cdDA DEL MURO DE BERL\u00cdN"},"content":{"rendered":"<p><span style=\"font-family: Verdana,sans-serif\"><span style=\"color: red;font-size: large\"><b>A 25 A\u00d1OS DEL REVOL-CON<\/b><\/span><\/span><br \/><span style=\"font-family: Verdana,sans-serif\">En esta semana se cumplieron 25 a\u00f1os desde la ca\u00edda del Muro de Berl\u00edn, punto de inflexi\u00f3n de la historia. Tanto que el gran Eric Hobsbawm lo demarca con el fin del corto siglo XX, iniciado con la revoluci\u00f3n sovi\u00e9tica. Una era culmin\u00f3 con el desmoronamiento, que se generaba desde adentro del bloque comunista, que se corro\u00eda. Fue un gesto de libertad que sell\u00f3 el fin del socialismo real.<br \/>La derecha mundial atravesaba un gran momento, una ofensiva arrolladora que se coron\u00f3 en Berl\u00edn. Margaret Thatcher gobernaba desde tiempo record Gran Breta\u00f1a. Ronald Reagan hab\u00eda terminado a principios de 1989 su segundo mandato, lo suced\u00eda otro republicano, el primero de los dos George Bush. El Papa polaco, Juan Pablo II, popular e itinerante (Francisco no fue el primero), era un furibundo militante anticomunista. Fue el \u00fanico de esos tres grandes l\u00edderes reaccionarios que sigui\u00f3 en su sitial largos a\u00f1os para disfrutar lo sucedido. Pero todos contribuyeron al cambio de configuraci\u00f3n del poder mundial.<br \/>Se hablaba por entonces de \u201crevoluci\u00f3n conservadora\u201d, un ox\u00edmoron de aqu\u00e9llos. El historiador y ensayista Arturo Armada cre\u00f3 un ap\u00f3cope m\u00e1s expresiva y precisa: revol-con. Bruto revolc\u00f3n que dio por tierra con conquistas acumuladas durante m\u00e1s de cuarenta a\u00f1os, s\u00f3lo para empezar.<\/span><br \/><a name='more'><\/a><span style=\"font-family: Verdana,sans-serif\">La victoria pol\u00edtica y econ\u00f3mica era, c\u00f3mo no serlo, tambi\u00e9n cultural. El individualismo avanzaba contra la solidaridad, en el mundo de los valores y en el de las prestaciones del Estado. Hollywood no pod\u00eda privarse de asistir a la fiesta: Rambo iba por la tercera pel\u00edcula de su saga, estrenada en el \u201988. El h\u00e9roe interpretado por Sylvester Stallone se hab\u00eda mudado de Vietnam a Afganist\u00e1n para ayudar a los locales contra los sovi\u00e9ticos. Floja prospectiva de Rambo, acompa\u00f1ando a grandes enemigos del futuro. No hay c\u00f3mo culparlo: la mirada estrat\u00e9gica no era su especialidad y la fantas\u00eda de fin de los conflictos impregnaba pensamientos m\u00e1s sofisticados que el suyo.<\/span><span style=\"font-family: Verdana,sans-serif\">Hablamos, por ejemplo, de un libro can\u00f3nico de los tiempos de fronda: el de Francis Fukuyama. El intelectual org\u00e1nico dictamin\u00f3 el advenimiento del fin de la historia, tal y como hab\u00eda ocurrido. La democracia liberal y el capitalismo hab\u00edan ganado la batalla \u00faltima, que no tendr\u00eda revancha ni habilitar\u00eda nuevas contradicciones de similar tama\u00f1o. Optimismo c\u00e1ndido o avieso, vaya a saberse. Fukuyama negaba la dial\u00e9ctica, que siempre regresa: toda tesis genera sus ant\u00edtesis y la s\u00edntesis ulterior solo vale como una tesis que acompasar\u00e1 nuevos conflictos. Hegel y Marx sab\u00edan bastante, aunque no haya que seguir sus textos como a un misal.<br \/>La dial\u00e9ctica entre las potencias capitalistas y el bloque sovi\u00e9tico no hall\u00f3 su s\u00edntesis en el \u201cneoliberalismo\u201d rampante. Fue una victoria parcial, una goleada si se quiere, pero insostenible sin batalla dado su car\u00e1cter excluyente.<br \/>Por ah\u00ed los estados benefactores que eran socavados sin piedad ni respeto fueron, si no la s\u00edntesis, una buena resultante de la tensi\u00f3n entre los dos \u201cmodelos\u201d. El cuco comunista forz\u00f3 a los gobiernos occidentales a ampliar la protecci\u00f3n social, el intervencionismo estatal, la promoci\u00f3n del empleo, las pol\u00edticas p\u00fablicas amplias en materia de salud y jubilaciones.<br \/>El New Deal fue la versi\u00f3n norteamericana, las socialdemocracias fueron las europeas aunque los gobiernos de centroderecha tambi\u00e9n prestaron atenci\u00f3n a esas variables.<br \/>En la Argentina, el primer peronismo, en particular el primer mandato de Juan Domingo Per\u00f3n, comprendi\u00f3 el n\u00facleo de la cuesti\u00f3n. El mayor estado providencia de este Sur, uno de los m\u00e1s expandidos del planeta, protecci\u00f3n laboral jam\u00e1s vista, consumo y derechos para todos y todas.<br \/>Una fecha simplificadora, desde ya, fija en 1975 el fin de los treinta a\u00f1os gloriosos. Se erosionaron claves del capitalismo tutelar. Entre nosotros, el \u201975 fue el a\u00f1o de la hecatombe del mandato de Isabel Per\u00f3n, del Rodrigazo, el preludio del golpe militar de 1976.<br \/>En 1989 el peronismo volv\u00eda al poder: Carlos Menem presidente. Cuando el muro implot\u00f3, el riojano ya hab\u00eda mostrado su verdadero rostro pero su proyecto no hac\u00eda pie. Zigzags en la pol\u00edtica econ\u00f3mica, inflaciones e hiperinflaciones, ahorros confiscados. Su hora llegar\u00eda en 1991 con la Convertibilidad, que estabiliz\u00f3 la moneda y a su vera la econom\u00eda y la pol\u00edtica. Tambi\u00e9n fue el momento en que sac\u00f3 de la galera a Eduardo Duhalde, Ram\u00f3n Ortega y Carlos Reutemann como candidatos a gobernadores. La estabilidad y las pegadas pol\u00edticas (los tres ganaron en sus provincias, dos fueron reelectos luego y tallaron alto por m\u00e1s de una d\u00e9cada) consolidaron al adalid local del revolc\u00f3n. Diez a\u00f1os hubo, entonces, de gobernabilidad neoliberal. Muchos iban cay\u00e9ndose del mapa, pero tardaron en percatarse.<br \/>La Alianza que presidi\u00f3 Fernando de la R\u00faa no entendi\u00f3 que hab\u00eda que cambiar porque la inestabilidad y la desoladora injusticia creciente hab\u00edan limado la gobernabilidad.<br \/>En nuestro pa\u00eds, por ah\u00ed, el siglo XXI comenz\u00f3 cabalmente en diciembre de 2001.<\/span><\/p>\n<div><span style=\"font-family: Verdana,sans-serif\"><span style=\"color: #3d85c6\"><span style=\"font-size: x-small\"><b><span>Fuente: Fragmento de \u00abEl Muro y las construcciones\u00bb&nbsp;de&nbsp;Mario Wainfeld publicado en Pagina 12<\/span><\/b><\/span><\/span><span><\/span><\/span><\/div>\n","protected":false},"excerpt":{"rendered":"<p>A 25 A\u00d1OS DEL REVOL-CONEn esta semana se cumplieron 25 a\u00f1os desde la ca\u00edda del Muro de Berl\u00edn, punto de inflexi\u00f3n de la historia. Tanto que el gran Eric Hobsbawm lo demarca con el fin del corto siglo XX, iniciado con la revoluci\u00f3n sovi\u00e9tica. Una era culmin\u00f3 con el desmoronamiento, que se generaba desde adentro [&hellip;]<\/p>\n","protected":false},"author":4,"featured_media":0,"comment_status":"open","ping_status":"open","sticky":false,"template":"","format":"standard","meta":{"_monsterinsights_skip_tracking":false,"_monsterinsights_sitenote_active":false,"_monsterinsights_sitenote_note":"","_monsterinsights_sitenote_category":0,"jnews-multi-image_gallery":[],"jnews_single_post":{"format":"standard"},"jnews_primary_category":[],"_joinchat":[],"footnotes":""},"categories":[60],"tags":[72],"class_list":["post-976","post","type-post","status-publish","format-standard","hentry","category-mirada-riachuelo","tag-historia-de-la-lucha-de-los-pueblos"],"_links":{"self":[{"href":"http:\/\/fmriachuelo.it10.com.ar\/index.php\/wp-json\/wp\/v2\/posts\/976","targetHints":{"allow":["GET"]}}],"collection":[{"href":"http:\/\/fmriachuelo.it10.com.ar\/index.php\/wp-json\/wp\/v2\/posts"}],"about":[{"href":"http:\/\/fmriachuelo.it10.com.ar\/index.php\/wp-json\/wp\/v2\/types\/post"}],"author":[{"embeddable":true,"href":"http:\/\/fmriachuelo.it10.com.ar\/index.php\/wp-json\/wp\/v2\/users\/4"}],"replies":[{"embeddable":true,"href":"http:\/\/fmriachuelo.it10.com.ar\/index.php\/wp-json\/wp\/v2\/comments?post=976"}],"version-history":[{"count":1,"href":"http:\/\/fmriachuelo.it10.com.ar\/index.php\/wp-json\/wp\/v2\/posts\/976\/revisions"}],"predecessor-version":[{"id":21927,"href":"http:\/\/fmriachuelo.it10.com.ar\/index.php\/wp-json\/wp\/v2\/posts\/976\/revisions\/21927"}],"wp:attachment":[{"href":"http:\/\/fmriachuelo.it10.com.ar\/index.php\/wp-json\/wp\/v2\/media?parent=976"}],"wp:term":[{"taxonomy":"category","embeddable":true,"href":"http:\/\/fmriachuelo.it10.com.ar\/index.php\/wp-json\/wp\/v2\/categories?post=976"},{"taxonomy":"post_tag","embeddable":true,"href":"http:\/\/fmriachuelo.it10.com.ar\/index.php\/wp-json\/wp\/v2\/tags?post=976"}],"curies":[{"name":"wp","href":"https:\/\/api.w.org\/{rel}","templated":true}]}}