{"id":975,"date":"2014-11-10T02:45:00","date_gmt":"2014-11-10T02:45:00","guid":{"rendered":"http:\/\/fmriachuelo.observatorioess.org.ar\/index.php\/2014\/11\/10\/reflexiones-de-emir-sader\/"},"modified":"2024-12-12T12:28:21","modified_gmt":"2024-12-12T15:28:21","slug":"reflexiones-de-emir-sader","status":"publish","type":"post","link":"http:\/\/fmriachuelo.it10.com.ar\/index.php\/2014\/11\/10\/reflexiones-de-emir-sader\/","title":{"rendered":"REFLEXIONES DE EMIR SADER"},"content":{"rendered":"<p><\/p>\n<div><span style=\"font-size: small\"><span style=\"font-family: Verdana,sans-serif\"><span style=\"color: black\">No es suficiente con resistir al neoliberalismo, es necesario un modelo superador<\/span><\/span><\/span><\/div>\n<p><span style=\"font-size: large\"><span style=\"font-family: Verdana,sans-serif\"><span style=\"color: red\"><b>HEGEMONIA POSNEOLIBERAL<\/b><\/span><\/span><\/span><br \/><span style=\"font-size: small\"><span style=\"font-family: Verdana,sans-serif\"><i>Por Emir Sader<\/i><br \/>Am\u00e9rica latina fue una v\u00edctima privilegiada del neoliberalismo. Nuestra regi\u00f3n fue la que tuvo m\u00e1s gobiernos neoliberales y en sus modalidades m\u00e1s radicales.<br \/>Basta pensar en lo que era el Estado social chileno, de los m\u00e1s avanzados del continente y c\u00f3mo esos avances fueron destruidos por procesos de mercantilizaci\u00f3n de derechos conquistados por los chilenos a lo largo de d\u00e9cadas. Como Argentina, tuvo autosuficiencia energ\u00e9tica, pero vio a su empresa estatal privatizada y entregada a corporaciones multinacionales.<br \/>Justamente por eso Am\u00e9rica latina se erigi\u00f3 como el continente donde han surgido y se han desarrollado gobiernos que buscan la superaci\u00f3n del neoliberalismo, fen\u00f3meno \u00fanico en el mundo actual. Nadie puede negar que esos gobiernos fueron la forma m\u00e1s efectiva de responder a la crisis del neoliberalismo. Basta ver c\u00f3mo han reaccionado esos gobiernos y los resultados que han tenido y mirar hacia pa\u00edses del continente que no lo han hecho \u2013como M\u00e9xico\u2013 o hacia Europa, que insiste en respuestas neoliberales a la crisis neoliberal, tirando alcohol al fuego y ahondando una crisis que todav\u00eda no tiene horizonte de salida.<br \/>Los gobiernos antineoliberales de Am\u00e9rica latina \u2013Venezuela, Brasil, Argentina, Uruguay, Bolivia, Ecuador, por orden de aparici\u00f3n\u2013 han resistido al neoliberalismo y han dado inicio al proceso de construcci\u00f3n de alternativas, con gobiernos que llamamos de posneoliberales. Atacan a tres ejes fundamentales del neoliberalismo: la prioridad del ajuste fiscal, por medio de la prioridad de las pol\u00edticas sociales; la prioridad de tratados de Libre Comercio con los Estados Unidos, por la prioridad de los procesos de integraci\u00f3n regional y por los intercambios Sur-Sur; y la centralidad del mercado, por el rescate del rol activo del Estado como inductor del crecimiento econ\u00f3mico y la distribuci\u00f3n de renta.<\/span><\/span><br \/><a name='more'><\/a><span style=\"font-size: small\"><span style=\"font-family: Verdana,sans-serif\">Son formas de resistencia al neoliberalismo, pero que no constituyen todav\u00eda un modelo de su superaci\u00f3n. Porque el modelo neoliberal fracas\u00f3, fue derrotado pol\u00edticamente en esos pa\u00edses, pero dej\u00f3 su pesada herencia. Y es a partir de ella, de las debilidades producidas por el neoliberalismo, que esos gobiernos tienen que resistir y construir alternativas.<\/span><\/span><br \/><span style=\"font-size: small\"><span style=\"font-family: Verdana,sans-serif\">Estados debilitados, econom\u00edas abiertas al mercado internacional, desindustrializadas, dependiendo de la exportaci\u00f3n de productos primarios, hegemon\u00eda del capital financiero bajo su forma especulativa, predominio del agronegocio en la agricultura de exportaci\u00f3n, monopolio privado de los medios de comunicaci\u00f3n, dominio de la ideolog\u00eda mercantil, entre otros.<br \/>Hubo un primer per\u00edodo en el que las pol\u00edticas de redistribuci\u00f3n de renta, m\u00e1s los precios altos de los productos de exportaci\u00f3n y las demandas de China, fueron factores de recuperaci\u00f3n para las econom\u00edas de esos pa\u00edses, que a su vez han generado un apoyo extenso de amplias capas de la poblaci\u00f3n. Esa fase ha transformado la fisonom\u00eda social de esas sociedades, disminuyendo la desigualdad, la pobreza, la miseria y la exclusi\u00f3n social, mientras en el mundo todos esos aspectos negativos siguen creciendo. Ha permitido que, congregados, esos pa\u00edses hayan de-sarrollado pol\u00edticas externas soberanas y solidarias, mientras recuperaban la capacidad del Estado para actuar frente a la crisis recesiva internacional.<br \/>Pero ello no es suficiente para dise\u00f1ar un modelo de superaci\u00f3n del neoliberalismo. Se han desarrollado estrategias defensivas frente a un contexto internacional. Por una parte, el modelo de desarrollo econ\u00f3mico con distribuci\u00f3n de renta es una conquista irreversible. Pero, por otro lado, mantienen niveles de crecimiento econ\u00f3mico que dependen de la exportaci\u00f3n de productos primarios, en medio de la prolongada recesi\u00f3n internacional, asediados por los capitales especulativos locales e internacionales, lo que coloca l\u00edmites claros a un nuevo ciclo expansivo de nuestras econom\u00edas.<br \/>Un modelo superador del neoliberalismo supone la construcci\u00f3n de una fuerza regional, en la que se pueda definir nuevos nichos para un proceso de rescate de la industrializaci\u00f3n, vali\u00e9ndose de los recursos naturales de que disponemos, de la capacidad tecnol\u00f3gica acumulada, de los recursos propios de financiamiento, para no s\u00f3lo resistir al neoliberalismo, sino construir una hegemon\u00eda posneoliberal en el conjunto de nuestros pa\u00edses. Esto implica una decisi\u00f3n pol\u00edtica fuerte para establecer la prioridad de los mecanismos de integraci\u00f3n regional \u2013especialmente el Mercosur, por su grado de homogeneidad\u2013 de parte de los gobiernos que se proponen construir un mundo m\u00e1s all\u00e1 del neoliberalismo.<\/span><\/span><\/p>\n","protected":false},"excerpt":{"rendered":"<p>No es suficiente con resistir al neoliberalismo, es necesario un modelo superador HEGEMONIA POSNEOLIBERALPor Emir SaderAm\u00e9rica latina fue una v\u00edctima privilegiada del neoliberalismo. Nuestra regi\u00f3n fue la que tuvo m\u00e1s gobiernos neoliberales y en sus modalidades m\u00e1s radicales.Basta pensar en lo que era el Estado social chileno, de los m\u00e1s avanzados del continente y c\u00f3mo [&hellip;]<\/p>\n","protected":false},"author":4,"featured_media":0,"comment_status":"open","ping_status":"open","sticky":false,"template":"","format":"standard","meta":{"_monsterinsights_skip_tracking":false,"_monsterinsights_sitenote_active":false,"_monsterinsights_sitenote_note":"","_monsterinsights_sitenote_category":0,"jnews-multi-image_gallery":[],"jnews_single_post":{"format":"standard"},"jnews_primary_category":[],"_joinchat":[],"footnotes":""},"categories":[58],"tags":[87],"class_list":["post-975","post","type-post","status-publish","format-standard","hentry","category-noticiariachuelo","tag-analizar-y-debatir"],"_links":{"self":[{"href":"http:\/\/fmriachuelo.it10.com.ar\/index.php\/wp-json\/wp\/v2\/posts\/975","targetHints":{"allow":["GET"]}}],"collection":[{"href":"http:\/\/fmriachuelo.it10.com.ar\/index.php\/wp-json\/wp\/v2\/posts"}],"about":[{"href":"http:\/\/fmriachuelo.it10.com.ar\/index.php\/wp-json\/wp\/v2\/types\/post"}],"author":[{"embeddable":true,"href":"http:\/\/fmriachuelo.it10.com.ar\/index.php\/wp-json\/wp\/v2\/users\/4"}],"replies":[{"embeddable":true,"href":"http:\/\/fmriachuelo.it10.com.ar\/index.php\/wp-json\/wp\/v2\/comments?post=975"}],"version-history":[{"count":1,"href":"http:\/\/fmriachuelo.it10.com.ar\/index.php\/wp-json\/wp\/v2\/posts\/975\/revisions"}],"predecessor-version":[{"id":21928,"href":"http:\/\/fmriachuelo.it10.com.ar\/index.php\/wp-json\/wp\/v2\/posts\/975\/revisions\/21928"}],"wp:attachment":[{"href":"http:\/\/fmriachuelo.it10.com.ar\/index.php\/wp-json\/wp\/v2\/media?parent=975"}],"wp:term":[{"taxonomy":"category","embeddable":true,"href":"http:\/\/fmriachuelo.it10.com.ar\/index.php\/wp-json\/wp\/v2\/categories?post=975"},{"taxonomy":"post_tag","embeddable":true,"href":"http:\/\/fmriachuelo.it10.com.ar\/index.php\/wp-json\/wp\/v2\/tags?post=975"}],"curies":[{"name":"wp","href":"https:\/\/api.w.org\/{rel}","templated":true}]}}