{"id":974,"date":"2014-11-12T02:17:00","date_gmt":"2014-11-12T02:17:00","guid":{"rendered":"http:\/\/fmriachuelo.observatorioess.org.ar\/index.php\/2014\/11\/12\/media-sancion-a-la-ley-de-cartoneros-en-la-provincia-de-buenos-aires\/"},"modified":"2025-03-11T13:56:42","modified_gmt":"2025-03-11T16:56:42","slug":"media-sancion-a-la-ley-de-cartoneros-en-la-provincia-de-buenos-aires","status":"publish","type":"post","link":"http:\/\/fmriachuelo.it10.com.ar\/index.php\/2014\/11\/12\/media-sancion-a-la-ley-de-cartoneros-en-la-provincia-de-buenos-aires\/","title":{"rendered":"MEDIA SANCI\u00d3N A LA \u00abLEY DE CARTONEROS\u00bb EN LA PROVINCIA DE BUENOS AIRES"},"content":{"rendered":"<div style=\"clear: both;text-align: center\"><a href=\"https:\/\/1.bp.blogspot.com\/-gk3lA0wKhCY\/VGLC17ygueI\/AAAAAAAABS0\/O4PtyPgaHbc\/s1600\/315958_258891770813927_100000793184215_653247_731960630_n.jpg\" style=\"clear: left;float: left;margin-bottom: 1em;margin-right: 1em\"><img decoding=\"async\" border=\"0\" src=\"https:\/\/1.bp.blogspot.com\/-gk3lA0wKhCY\/VGLC17ygueI\/AAAAAAAABS0\/O4PtyPgaHbc\/s320\/315958_258891770813927_100000793184215_653247_731960630_n.jpg\" \/><\/a><\/div>\n<p><span style=\"font-family: Verdana,sans-serif\"><span style=\"color: red\"><b><span style=\"font-size: large\">UN PASO ADELANTE<\/span><\/b><\/span><\/span><span style=\"font-family: Verdana,sans-serif\"><span style=\"font-family: Verdana,sans-serif\">LA CONQUISTA DE LA LUCHA<\/span><\/span><br \/><span style=\"font-family: Verdana,sans-serif\"><b>El pasado viernes, la C\u00e1mara de Diputados de la Provincia de Buenos Aires aprob\u00f3 el proyecto de ley de \u201cGesti\u00f3n Social para la Recolecci\u00f3n Diferenciada\u201d (expte. D-1331\/13-14), norma que declara como Servicio P\u00fablico a la actividad y prev\u00e9 la creaci\u00f3n de un registro de Recicladores donde los cartoneros deber\u00e1n inscribirse de forma gratuita.<\/b><\/span><br \/><span style=\"font-family: Verdana,sans-serif\">Adem\u00e1s, el texto aprobado ordena la implementaci\u00f3n de pol\u00edticas p\u00fablicas para eliminar el trabajo no registrado, insalubre e infantil.<\/span><br \/><a name='more'><\/a><span style=\"font-family: Verdana,sans-serif\">Desde la Federaci\u00f3n de Cartoneros y Recicladores (FACyR- CTEP), a trav\u00e9s de un comunicado, expresaron: \u201cMiles de compa\u00f1eros realizan su trabajo de reciclador sin ning\u00fan tipo de reconocimiento ni derechos. Con la sanci\u00f3n de esta ley pasar\u00edan a estar reconocidos. Consideramos que la sanci\u00f3n de una ley de estas caracter\u00edsticas constituye un importante paso adelante para el sector. Los cartoneros pasar\u00e1n de la informalidad absoluta y la invisibilidad por parte de la sociedad a ser servidores p\u00fablicos\u201d.<br \/>En tanto que agregaron \u201cesperamos que la c\u00e1mara de Senadores pueda tratarla y aprobarla lo antes posible\u201d.<\/span><\/p>\n","protected":false},"excerpt":{"rendered":"<p>UN PASO ADELANTELA CONQUISTA DE LA LUCHAEl pasado viernes, la C\u00e1mara de Diputados de la Provincia de Buenos Aires aprob\u00f3 el proyecto de ley de \u201cGesti\u00f3n Social para la Recolecci\u00f3n Diferenciada\u201d (expte. D-1331\/13-14), norma que declara como Servicio P\u00fablico a la actividad y prev\u00e9 la creaci\u00f3n de un registro de Recicladores donde los cartoneros deber\u00e1n [&hellip;]<\/p>\n","protected":false},"author":4,"featured_media":0,"comment_status":"open","ping_status":"open","sticky":false,"template":"","format":"standard","meta":{"_monsterinsights_skip_tracking":false,"_monsterinsights_sitenote_active":false,"_monsterinsights_sitenote_note":"","_monsterinsights_sitenote_category":0,"jnews-multi-image_gallery":[],"jnews_single_post":{"format":"standard"},"jnews_primary_category":[],"_joinchat":[],"footnotes":""},"categories":[58],"tags":[64,86,148],"class_list":["post-974","post","type-post","status-publish","format-standard","hentry","category-noticiariachuelo","tag-economia-popular","tag-noti-ctep","tag-trabajo"],"_links":{"self":[{"href":"http:\/\/fmriachuelo.it10.com.ar\/index.php\/wp-json\/wp\/v2\/posts\/974","targetHints":{"allow":["GET"]}}],"collection":[{"href":"http:\/\/fmriachuelo.it10.com.ar\/index.php\/wp-json\/wp\/v2\/posts"}],"about":[{"href":"http:\/\/fmriachuelo.it10.com.ar\/index.php\/wp-json\/wp\/v2\/types\/post"}],"author":[{"embeddable":true,"href":"http:\/\/fmriachuelo.it10.com.ar\/index.php\/wp-json\/wp\/v2\/users\/4"}],"replies":[{"embeddable":true,"href":"http:\/\/fmriachuelo.it10.com.ar\/index.php\/wp-json\/wp\/v2\/comments?post=974"}],"version-history":[{"count":1,"href":"http:\/\/fmriachuelo.it10.com.ar\/index.php\/wp-json\/wp\/v2\/posts\/974\/revisions"}],"predecessor-version":[{"id":21929,"href":"http:\/\/fmriachuelo.it10.com.ar\/index.php\/wp-json\/wp\/v2\/posts\/974\/revisions\/21929"}],"wp:attachment":[{"href":"http:\/\/fmriachuelo.it10.com.ar\/index.php\/wp-json\/wp\/v2\/media?parent=974"}],"wp:term":[{"taxonomy":"category","embeddable":true,"href":"http:\/\/fmriachuelo.it10.com.ar\/index.php\/wp-json\/wp\/v2\/categories?post=974"},{"taxonomy":"post_tag","embeddable":true,"href":"http:\/\/fmriachuelo.it10.com.ar\/index.php\/wp-json\/wp\/v2\/tags?post=974"}],"curies":[{"name":"wp","href":"https:\/\/api.w.org\/{rel}","templated":true}]}}