{"id":973,"date":"2014-11-12T12:23:00","date_gmt":"2014-11-12T12:23:00","guid":{"rendered":"http:\/\/fmriachuelo.observatorioess.org.ar\/index.php\/2014\/11\/12\/resultados-del-equipo-argentino-de-antropologia-forense\/"},"modified":"2025-03-11T14:44:08","modified_gmt":"2025-03-11T17:44:08","slug":"resultados-del-equipo-argentino-de-antropologia-forense","status":"publish","type":"post","link":"http:\/\/fmriachuelo.it10.com.ar\/index.php\/2014\/11\/12\/resultados-del-equipo-argentino-de-antropologia-forense\/","title":{"rendered":"RESULTADOS DEL EQUIPO ARGENTINO DE ANTROPOLOG\u00cdA FORENSE"},"content":{"rendered":"<div style=\"text-align: justify\">\n<div style=\"text-align: left\"><span style=\"font-size: large\"><span style=\"font-family: Verdana,sans-serif\"><span style=\"color: black\"><b><span style=\"color: red\">ACTUALIZAMOS<\/span><\/b> <\/span><\/span><\/span><\/div>\n<div style=\"text-align: left\"><\/p>\n<div><span><span style=\"font-family: Verdana\">M\u00e9xico: equipo forense argentino confirma que cuerpos encontrados en fosas no son de los estudiantes<\/span><\/span><span><\/span><\/div>\n<\/div>\n<div style=\"text-align: left\"><span style=\"font-size: small\"><span style=\"font-family: Verdana,sans-serif\">El Equipo Argentino de Antropolog\u00eda Forense (EAAF), el cual acompa\u00f1a con estudios independientes las investigaciones sobre los 43 estudiantes de la Normal de Ayotzinapa desaparecidos en Iguala, confirm\u00f3 que tras finalizar el an\u00e1lisis de 24 cuerpos hallados en las fosas de Pueblo Viejo ninguno de ellos coincide con familiares de los desaparecidos, aunque a\u00fan espera el resultado de seis cuerpos m\u00e1s.Este comunicado responde a declaraciones de Jes\u00fas Murillo Karam, titular de la Procuradur\u00eda General de la Rep\u00fablica (PGR), quien afirm\u00f3 que los estudios de la dependencia tampoco encontraron coincidencias entre los cuerpos que ha analizado y familiares de los normalistas. Las fosas de Pueblo Viejo fueron las primeras en ser encontradas en la b\u00fasqueda de los normalistas<span style=\"color: black\"><span style=\"font-size: small\">.<\/span><\/span><\/span><\/span><\/p>\n<table cellpadding=\"0\" cellspacing=\"0\" style=\"float: left;margin-right: 1em;text-align: left\">\n<tbody>\n<tr>\n<td style=\"text-align: center\"><a href=\"https:\/\/1.bp.blogspot.com\/-UD4KEFvZMPk\/VGRB_6TIgoI\/AAAAAAAABVI\/iTpZl-4qqY8\/s1600\/COOP%2BRIACHIUELO%2BPRODUCCIONES.jpg\" style=\"clear: left;margin-bottom: 1em;margin-left: auto;margin-right: auto\"><img loading=\"lazy\" decoding=\"async\" border=\"0\" height=\"58\" src=\"https:\/\/1.bp.blogspot.com\/-UD4KEFvZMPk\/VGRB_6TIgoI\/AAAAAAAABVI\/iTpZl-4qqY8\/s200\/COOP%2BRIACHIUELO%2BPRODUCCIONES.jpg\" width=\"200\" \/><\/a><\/td>\n<\/tr>\n<tr>\n<td style=\"text-align: center\"><b><span style=\"color: #4f81bd;font-family: Verdana\">Fuente: Nodal&nbsp;&nbsp;&nbsp;&nbsp;&nbsp;&nbsp;&nbsp;&nbsp;&nbsp;&nbsp;&nbsp;&nbsp;&nbsp;&nbsp;&nbsp;&nbsp;&nbsp; <\/span><\/b><\/td>\n<\/tr>\n<\/tbody>\n<\/table>\n<div style=\"text-align: left\"><\/div>\n<\/div>\n<div style=\"text-align: left\">\n<p><span style=\"font-size: small\"><span style=\"font-family: Verdana,sans-serif\"><span style=\"color: black\">RELACIONES PELIGROSAS: ESTRUCTURAS POL\u00cdTICAS, JUDICIALES Y FINANCIERAS EN ALIANZA CON LOS CARTELES<\/span><\/span><\/span><\/p>\n<\/div>\n<\/div>\n<p><span style=\"font-size: large\"><span style=\"font-family: Verdana,sans-serif\"><span style=\"color: red\"><b>AYOTZINAPA Y LA MOVILIZACION POPULAR<\/b><\/span><\/span><\/span><br \/><span style=\"font-size: small\"><span style=\"font-family: Verdana,sans-serif\"><b><span>\u00a1\u00a1VIVOS SE FUERON, VIVOS LOS QUEREMOS!!<\/span><\/b><\/span><\/span><\/p>\n<div style=\"clear: both;text-align: center\"><span style=\"font-size: small\"><span style=\"font-family: Verdana,sans-serif\"><a href=\"https:\/\/images-blogger-opensocial.googleusercontent.com\/gadgets\/proxy?url=http%3A%2F%2F1.bp.blogspot.com%2F-HPhnclsMNUw%2FVFtmmou0BJI%2FAAAAAAAABRQ%2FFvZHhlDEMzs%2Fs1600%2FEs%2520mas%2520peligroso%2520ser%2520estudiante%2520que%2520delincuente(2).jpg&amp;container=blogger&amp;gadget=a&amp;rewriteMime=image%2F*\" style=\"clear: left;float: left;margin-bottom: 1em;margin-right: 1em\"><img loading=\"lazy\" decoding=\"async\" border=\"0\" src=\"http:\/\/1.bp.blogspot.com\/-HPhnclsMNUw\/VFtmmou0BJI\/AAAAAAAABRQ\/FvZHhlDEMzs\/s1600\/Es%20mas%20peligroso%20ser%20estudiante%20que%20delincuente(2).jpg\" height=\"214\" width=\"320\" \/><\/a><\/span><\/span><\/div>\n<p><span style=\"font-size: small\"><span style=\"font-family: Verdana,sans-serif\">Vastos sectores del pueblo mexicano han desatado grandes y rebeldes movilizaciones a ra\u00edz de la masacre de Ayotzinapa. Padres de familia , el campesinado y grupos ind\u00edgenas, el estudiantado, el movimiento obrero y el magisterio cr\u00edtico y no corporativo, as\u00ed como sectores de acad\u00e9micos en las universidades y en centros e institutos de educaci\u00f3n superior y de posgrado son los protagonistas para que el crimen de lesa humanidad perpetrado por el Estado mexicano en su secci\u00f3n estatal y municipal no quede impune, y adem\u00e1s, para convocar a una gran movilizaci\u00f3n popular que plantee la refundaci\u00f3n del Estado mexicano.<\/span><\/span><\/p>\n<div><span style=\"font-size: small\"><b><span style=\"color: black;font-family: Verdana\">Escuch\u00e1 a&nbsp;<\/span><\/b><b><span style=\"color: #4f81bd;font-family: Verdana\">STELLA CALONI<\/span><\/b><b><span style=\"color: black;font-family: Verdana\">&nbsp;y lo que nos cont\u00f3 sobre la noticia en <\/span><\/b><b><span style=\"color: red;font-family: Verdana\">Romp\u00e9 el Cerco<\/span><\/b><b><span style=\"color: black;font-family: Verdana\">.<\/span><\/b><\/span><\/div>\n<p><a name='more'><\/a><span style=\"font-size: small\"><span style=\"font-family: Verdana,sans-serif\">Las principales universidades de M\u00e9xico cumplen desde este mi\u00e9rcoles 5 de noviembre,  un paro de 72 horas en todo el pa\u00eds como parte de la jornada global de acci\u00f3n por Ayotzinapa, estado de Guerrero (sur) mediante la cual se exige la aparici\u00f3n de los 43 estudiantes normalistas desaparecidos desde el 26 de septiembre.   Una multitudinaria marcha recorrer\u00e1 Los Pinos hasta el Z\u00f3calo del Distrito Federal mexicano, como muestra de repudio de la sociedad.<\/span><\/span><br \/><span style=\"font-size: small\"><span style=\"font-family: Verdana,sans-serif\">Al tiempo,  organizaciones religiosas mantienen una jornada de ayuno por la aparici\u00f3n de los estudiantes desaparecidos. En la actividad participan el Centro de Derechos Humanos Fray Francisco de Vitoria; el Centro de Estudios Ecum\u00e9micos; el Colectivo de Defensores de Migrantes y Refugiados; la Conferencia de Superiores Religiosos de M\u00e9xico, Proyecto Cruces; el Instituto de Formaci\u00f3n Teol\u00f3gica Intercongregacional de M\u00e9xico; Iglesias por la Paz; Movimiento por la Paz con Justicia y Dignidad; y el Observatorio Eclesial as\u00ed como el Servicio y Asesor\u00eda para la Paz<\/span><\/span><\/p>\n<div style=\"clear: both;text-align: center\"><span style=\"font-size: small\"><span style=\"font-family: Verdana,sans-serif\"><a href=\"http:\/\/3.bp.blogspot.com\/-6ZOHSo6N4ZI\/VFtnC6VdFyI\/AAAAAAAABRY\/eXxcWilepd8\/s1600\/normalistas_estudiantes_pupitres_jpg_1718483346.jpg\" style=\"clear: left;float: left;margin-bottom: 1em;margin-right: 1em\"><img loading=\"lazy\" decoding=\"async\" border=\"0\" src=\"http:\/\/3.bp.blogspot.com\/-6ZOHSo6N4ZI\/VFtnC6VdFyI\/AAAAAAAABRY\/eXxcWilepd8\/s1600\/normalistas_estudiantes_pupitres_jpg_1718483346.jpg\" height=\"181\" width=\"320\" \/><\/a><\/span><\/span><\/div>\n<p><span style=\"font-size: small\"><span style=\"font-family: Verdana,sans-serif\">La desaparici\u00f3n de los 43 normalistas ha conmocionado al mundo, pues devolvi\u00f3 a la palestra p\u00fablica el tema de la violencia policial en M\u00e9xico. Varios pa\u00edses llevan a cabo acciones de calle para exigir la aparici\u00f3n con vida de los j\u00f3venes. A medida que la b\u00fasqueda fue avanzado se fueron encontrando una enorme cantidad de fosas comunes con cientos de cuerpos enterrados, en lugares desconocidos, que puso al descubierto la magnitud de una masacre silenciada que viene produci\u00e9ndose en las sombras  y que parece tener ra\u00edces comunes.  Una gran conmoci\u00f3n social se ha producido que develan el n\u00famero de m\u00e1s de 20.000 desapariciones en los \u00faltimos cuatro a\u00f1os, que pone a la luz la violencia que padece el pueblo mexicano.<\/span><\/span><br \/><span style=\"font-size: small\"><span style=\"font-family: Verdana,sans-serif\">El obispo Vera destaca la \u00edntima relaci\u00f3n entre los c\u00e1rteles  las estructuras pol\u00edtica, judicial y financiera del estado, al punto que es imposible saber donde comienza uno y acaba el otro. Su reflexi\u00f3n destaca que \u201cel crimen organizado ha ayudado al control de la sociedad y por eso es socio de la clase pol\u00edtica. Ellos han conseguido que el pueblo no se organice, no crezca\u201d<\/span><\/span><br \/><span style=\"font-size: small\"><span style=\"font-family: Verdana,sans-serif\">La Polic\u00eda Federal de M\u00e9xico detuvo este martes al exalcalde de Iguala, Jos\u00e9 Luis Abarca, y su esposa en una casa en Iztapalapa, en el Distrito Federal por su presunta implicaci\u00f3n en la desaparici\u00f3n de los j\u00f3venes.<\/p>\n<p><b>LA TR\u00c1GICA NOTICIA<\/b><br \/>El 26 de septiembre de 2014, en Iguala, un grupo de estudiantes de Ayotzinapa, que realizaba una labor de reunir fondos con la finalidad de obtener recursos para su manutenci\u00f3n, as\u00ed como para su traslado a la marcha del 2 de octubre en la Ciudad de M\u00e9xico, fueron atacados por fuerzas municipales, con el pretexto de que hab\u00edan intentado boicotear un baile del DIF (Desarrollo Integral de la Familia) local, que se realizaba en la plaza de armas de esa ciudad. La brutalidad polic\u00edaca dej\u00f3 una cifra preliminar de cuatro fallecidos, n\u00famero que aument\u00f3 a seis.<br \/> En esa acci\u00f3n estuvo presente un batall\u00f3n del ej\u00e9rcito mexicano, que seg\u00fan versiones se mantuvo al margen. La realidad es que la historia de represi\u00f3n continua que se ha llevado a cabo durante decenios contra la poblaci\u00f3n guerrerense, lleva a pensar que los estudiantes desaparecidos fueron entregados a fuerzas militares.<br \/> Ayotzinapa pertenece al estado de Guerrero, que entre otras cosas  es reconocido por el p\u00fablico, en general,  porque all\u00ed se halla enclavado el famoso destino tur\u00edstico \u201cAcapulco\u201d.<\/p>\n<p><b>El relato<\/b><br \/>M\u00e9xico padece la crisis m\u00e1s profunda en materia de desapariciones forzadas que se haya producido en Am\u00e9rica Latina en las \u00faltimas d\u00e9cadas, seg\u00fan el informe de una organizaci\u00f3n defensora de los derechos humanos citada por el diario El Pa\u00eds.<br \/>El informe se\u00f1ala que \u201cmiembros de las fuerzas de seguridad de M\u00e9xico han participado en numerosos casos de desaparici\u00f3n forzada\u201d y que, pr\u00e1cticamente, en ning\u00fan caso las v\u00edctimas fueron halladas, ni se llev\u00f3 a los responsables ante la justicia.<br \/>En noviembre de 2012, se filtr\u00f3 a los medios una lista provisoria elaborada por la Procuradur\u00eda General de la Rep\u00fablica (PGR) y la Secretar\u00eda de Gobernaci\u00f3n sobre m\u00e1s de 25 mil personas desaparecidas o que se denunciaron como extraviadas desde 2006.<br \/>En agosto, la PRG revel\u00f3 un informe donde se\u00f1alaron que 22 mil 322 personas se encuentran actualmente en el estatus de \u201cno localizadas\u201d.<br \/>Organizaciones sociales se\u00f1alan que la mayor\u00eda de las desapariciones han tenido lugar en estados donde ha habido elevados \u00edndices de violencia delictiva y se ha intensificado la presencia de la polic\u00eda y las fuerzas de seguridad.<br \/>Entre estos estados destacan: Tamaulipas, Chihuahua, Nuevo Le\u00f3n, Coahuila, Michoac\u00e1n y Guerrero. El primer estado mexicano que encabeza la lista de personas desaparecidas es Tamaulipas, seguido de Jalisco.  Adem\u00e1s, cualquier persona puede ser v\u00edctima de desaparici\u00f3n o desaparici\u00f3n forzada en M\u00e9xico.<br \/>Adem\u00e1s de ser un lugar de tr\u00e1nsito y generaci\u00f3n de droga, Guerrero posee alguno de los centros de consumo m\u00e1s grande en todo el pa\u00eds.<br \/>Con la llamada Guerra contra las drogas ordenada por el expresidente Felipe Calder\u00f3n se desataron salvajes enfrentamientos entre distintos carteles y un sangriento choque con las fuerzas de seguridad.<br \/>En ese momento, casi todo Guerrero estaba controlado por los Beltr\u00e1n Leiva. En 2009 con la muerte de Arturo Beltran Leyva, el jefe de jefes, se producir\u00e1 una fragmentaci\u00f3n de la que saldr\u00e1n hasta 17 peque\u00f1as c\u00e9lulas criminales.<br \/>El 26 de septiembre de 2014, polic\u00edas municipales atacaron a 43 estudiantes en Iguala. La orden vino del alcalde de la ciudad Jos\u00e9 Luis Abarca que celebraba en ese momento una fiesta que anticipaba el lanzamiento de su esposa Mar\u00eda de los Angeles Pineda, como futura alcaldesa.<\/p>\n<p><b>Un poco de historia<\/b><br \/>En Ayotzinapa se encuentra localizada la Escuela Normal Rural. Las escuelas normales rurales fueron el resultado de una \u00e9poca de cambios sociales, conocida como Revoluci\u00f3n Mexicana (1910-1940). Tiene su origen en un sistema de educaci\u00f3n masivo creado en los a\u00f1os 20, que surgi\u00f3 como alternativa para los hijos de los campesinos de escasos recursos. Fue el presidente L\u00e1zaro C\u00e1rdenas que reivindic\u00f3 a los campesinos e ind\u00edgenas mediante el impulso de la reforma agraria y la creaci\u00f3n de muchas escuelas normales rurales en todo el pa\u00eds.<br \/>El primer d\u00eda del gobierno de L\u00e1zaro C\u00e1rdenas entr\u00f3 en vigor el nuevo texto del art\u00edculo tercero constitucional. Su orientaci\u00f3n socialista cre\u00f3 urgentes necesidades; entre ellas destac\u00f3 el requerimiento de grandes contingentes de profesores, decididos a llevar la nueva orientaci\u00f3n ideol\u00f3gica del r\u00e9gimen a los m\u00e1s lejanos confines de la naci\u00f3n. En esa coyuntura favorable a la proliferaci\u00f3n de escuelas de ense\u00f1anza b\u00e1sica, los normalistas desempe\u00f1aron un papel protag\u00f3nico de primer orden. La implantaci\u00f3n de la \u201ceducaci\u00f3n socialista\u201d increment\u00f3 sustantivamente el n\u00famero de escuelas de educaci\u00f3n b\u00e1sica.<br \/>Despu\u00e9s del gobierno de C\u00e1rdenas surgi\u00f3 un gobierno que redujo el presupuesto y cerro la mayor\u00eda de estas escuelas que hab\u00eda en el pa\u00eds.  En 2008 durante la gesti\u00f3n de Felipe Calder\u00f3n fue cerrada la \u00faltima escuela rural ubicada en Mexe.&nbsp;&nbsp; <br \/>Calder\u00f3n explic\u00f3 que las escuelas normales se han convertido en una amenaza para el sistema capitalista que gobierna en Mexico debido a la formaci\u00f3n cr\u00edtica de sus estudiantes, quienes se oponen a la privatizaci\u00f3n de la educaci\u00f3n y por este motivo muchas veces son criminalizados sus estudiantes para que no hagan sus observaciones contra el Estado.<br \/>La Escuela Norma Rural de Ayotzinapa  \u201cRaul Isidro Burgos\u201d se fund\u00f3 en 1926. De ella han surgido diversos movimientos sociales y es un s\u00edmbolo de resistencia revolucionaria y transformaci\u00f3n social.&nbsp; <br \/>Esta escuela es una de las pocas que se reh\u00fasa a cerrar sus puertas por el acoso del Gobierno. Sus 520 alumnos siguen form\u00e1ndose para ser maestros y luchan para no ser desaparecidos como sus 43 compa\u00f1eros.<br \/>No es remoto pensar que con el apoyo de las fuerzas federales (polic\u00eda y ej\u00e9rcito) se est\u00e9 tratando de ocultar un crimen de lesa humanidad en contra de los normalistas desaparecidos, y dar un \u201cescarmiento\u201d a todos aquellos grupos que se organizan al margen de las instancias gubernamentales. Las polic\u00edas comunitarias surgidas en ese estado tienen como principal objetivo detener la ola de violencia contra los pobladores m\u00e1s humildes, pero que han dado un ejemplo de dignidad ante el embate de las fuerzas represivas estatales y no estatales.<\/span><\/span><br \/><span style=\"font-size: small\"><span style=\"font-family: Verdana,sans-serif\">Los analista se\u00f1alan que una macabra pol\u00edtica gubernamental est\u00e1 implicada de manera directa la c\u00fapula del Partido de la Revoluci\u00f3n Democr\u00e1tica (PRD), quienes con criterios<br \/>\n pragm\u00e1ticos y mercantilistas, ofrecen sus candidaturas al mejor postor, sin importar su ideolog\u00eda y mucho menos su concepci\u00f3n de la praxis pol\u00edtica, lo \u00fanico que les interesa es la ganancia como organizaci\u00f3n usurera medieval.<\/span><\/span><\/p>\n<div style=\"text-align: left\"><a href=\"https:\/\/1.bp.blogspot.com\/-UD4KEFvZMPk\/VGRB_6TIgoI\/AAAAAAAABVI\/iTpZl-4qqY8\/s1600\/COOP%2BRIACHIUELO%2BPRODUCCIONES.jpg\" style=\"clear: left;float: left;margin-bottom: 1em;margin-right: 1em\"><img loading=\"lazy\" decoding=\"async\" border=\"0\" height=\"58\" src=\"https:\/\/1.bp.blogspot.com\/-UD4KEFvZMPk\/VGRB_6TIgoI\/AAAAAAAABVI\/iTpZl-4qqY8\/s200\/COOP%2BRIACHIUELO%2BPRODUCCIONES.jpg\" width=\"200\" \/><\/a><\/div>\n<p><span style=\"font-size: x-small\"><span style=\"font-family: Verdana,sans-serif\"><br \/><\/span><\/span><span style=\"font-size: x-small\"><span style=\"font-family: Verdana,sans-serif\"><br \/><\/span><\/span><span style=\"font-size: x-small\"><span style=\"font-family: Verdana,sans-serif\"><br \/><\/span><\/span><span style=\"font-size: x-small\"><span style=\"font-family: Verdana,sans-serif\"><b><span style=\"color: #3d85c6\">&nbsp;<\/span><\/b><\/span><\/span><\/p>\n<p><span style=\"font-size: x-small\"><span style=\"font-family: Verdana,sans-serif\"><b><span style=\"color: #3d85c6\">FUENTES: NODAL, TELESUR, REBELI\u00d3N, ALAINET<\/span><\/b><\/span><\/span><\/p>\n","protected":false},"excerpt":{"rendered":"<p>ACTUALIZAMOS M\u00e9xico: equipo forense argentino confirma que cuerpos encontrados en fosas no son de los estudiantes El Equipo Argentino de Antropolog\u00eda Forense (EAAF), el cual acompa\u00f1a con estudios independientes las investigaciones sobre los 43 estudiantes de la Normal de Ayotzinapa desaparecidos en Iguala, confirm\u00f3 que tras finalizar el an\u00e1lisis de 24 cuerpos hallados en las [&hellip;]<\/p>\n","protected":false},"author":4,"featured_media":0,"comment_status":"open","ping_status":"open","sticky":false,"template":"","format":"standard","meta":{"_monsterinsights_skip_tracking":false,"_monsterinsights_sitenote_active":false,"_monsterinsights_sitenote_note":"","_monsterinsights_sitenote_category":0,"jnews-multi-image_gallery":[],"jnews_single_post":{"format":"standard"},"jnews_primary_category":[],"_joinchat":[],"footnotes":""},"categories":[58],"tags":[70],"class_list":["post-973","post","type-post","status-publish","format-standard","hentry","category-noticiariachuelo","tag-de-la-patria-grande"],"_links":{"self":[{"href":"http:\/\/fmriachuelo.it10.com.ar\/index.php\/wp-json\/wp\/v2\/posts\/973","targetHints":{"allow":["GET"]}}],"collection":[{"href":"http:\/\/fmriachuelo.it10.com.ar\/index.php\/wp-json\/wp\/v2\/posts"}],"about":[{"href":"http:\/\/fmriachuelo.it10.com.ar\/index.php\/wp-json\/wp\/v2\/types\/post"}],"author":[{"embeddable":true,"href":"http:\/\/fmriachuelo.it10.com.ar\/index.php\/wp-json\/wp\/v2\/users\/4"}],"replies":[{"embeddable":true,"href":"http:\/\/fmriachuelo.it10.com.ar\/index.php\/wp-json\/wp\/v2\/comments?post=973"}],"version-history":[{"count":1,"href":"http:\/\/fmriachuelo.it10.com.ar\/index.php\/wp-json\/wp\/v2\/posts\/973\/revisions"}],"predecessor-version":[{"id":21930,"href":"http:\/\/fmriachuelo.it10.com.ar\/index.php\/wp-json\/wp\/v2\/posts\/973\/revisions\/21930"}],"wp:attachment":[{"href":"http:\/\/fmriachuelo.it10.com.ar\/index.php\/wp-json\/wp\/v2\/media?parent=973"}],"wp:term":[{"taxonomy":"category","embeddable":true,"href":"http:\/\/fmriachuelo.it10.com.ar\/index.php\/wp-json\/wp\/v2\/categories?post=973"},{"taxonomy":"post_tag","embeddable":true,"href":"http:\/\/fmriachuelo.it10.com.ar\/index.php\/wp-json\/wp\/v2\/tags?post=973"}],"curies":[{"name":"wp","href":"https:\/\/api.w.org\/{rel}","templated":true}]}}