{"id":970,"date":"2014-11-12T21:00:00","date_gmt":"2014-11-12T21:00:00","guid":{"rendered":"http:\/\/fmriachuelo.observatorioess.org.ar\/index.php\/2014\/11\/12\/audiencia-del-miercoles-12-de-noviembre\/"},"modified":"2025-03-11T14:48:56","modified_gmt":"2025-03-11T17:48:56","slug":"audiencia-del-miercoles-12-de-noviembre","status":"publish","type":"post","link":"http:\/\/fmriachuelo.it10.com.ar\/index.php\/2014\/11\/12\/audiencia-del-miercoles-12-de-noviembre\/","title":{"rendered":"AUDIENCIA DEL MI\u00c9RCOLES 12 DE NOVIEMBRE"},"content":{"rendered":"<p><\/p>\n<div><span style=\"font-size: small\"><span style=\"font-family: Verdana,sans-serif\">REPRODUCIMOS<\/span><\/span><\/div>\n<div><span style=\"font-size: large\"><span style=\"font-family: Verdana,sans-serif\"><b><span style=\"color: red\">Juicio por Cristian Ferreyra<\/span><\/b><\/span><\/span><\/div>\n<div style=\"clear: both;text-align: center\"><span style=\"font-size: small\"><span style=\"font-family: Verdana,sans-serif\"><b><a href=\"https:\/\/1.bp.blogspot.com\/-zewwkYOiewE\/VGRKKyWl5sI\/AAAAAAAABVU\/b7K0GnElerg\/s1600\/justicia-campesina_afiche.jpg\" style=\"clear: left;float: left;margin-bottom: 1em;margin-right: 1em\"><img loading=\"lazy\" decoding=\"async\" border=\"0\" height=\"145\" src=\"https:\/\/1.bp.blogspot.com\/-zewwkYOiewE\/VGRKKyWl5sI\/AAAAAAAABVU\/b7K0GnElerg\/s640\/justicia-campesina_afiche.jpg\" width=\"640\" \/><\/a><\/b><\/span><\/span><\/div>\n<p><span style=\"font-size: small\"><span style=\"font-family: Verdana,sans-serif\">En el d\u00eda de hoy suceder\u00e1n dos declaraciones Angel&nbsp;Strappazon, dirigente hist\u00f3rico del MOCASE VC y la V\u00eda Campesina, a su vez representante en la FAO en sociedad civil. Luego har\u00e1 declaraci\u00f3n&nbsp; Caril\u00f3 Olaiz, tambi\u00e9n integrante del MOCASE VC, que realiz\u00f3 seguimiento a las denuncias por desmontes ilegales en la provincia.<\/span><\/span> <\/p>\n<div><span style=\"font-size: small\"><span style=\"font-family: Verdana,sans-serif\">Debido a que en el pueblo de Monte Quemado no hay se\u00f1al de internet, todos los materiales (AUDIOS, FOTOS, VIDEOS) est\u00e1n teniendo demora en difundirse, hecho que tiene que ver sin duda al repentino cambio en la sede del Juicio, entendemos a fin de obstruir nuestras voces.<\/span><\/span><\/div>\n<div><span style=\"font-size: small\"><span style=\"font-family: Verdana,sans-serif\">Por lo que sugerimos a los medios intentar realizar notas telef\u00f3nicas en el horario de corte de la audiencia, aproximadamente a las 12, a los n\u00fameros:<\/span><\/span><\/div>\n<div><span style=\"font-size: small\"><span style=\"font-family: Verdana,sans-serif\"><b><span style=\"color: red\">03843-15-577620, Margarita-MOCASE VC.<\/span><\/b><\/span><\/span><\/div>\n<div><span style=\"font-size: small\"><span style=\"font-family: Verdana,sans-serif\"><b><span style=\"color: red\">03855-15-965087 Ricardo- MOCASE VC.<\/span><\/b><\/span><\/span><\/div>\n<div><span style=\"font-size: small\"><span style=\"font-family: Verdana,sans-serif\"><br \/><\/span><\/span><\/div>\n<div><span style=\"font-size: small\"><span style=\"font-family: Verdana,sans-serif\"><b>SPOTS DE DIFUSI\u00d3N:<\/b><\/span><\/span><\/div>\n<div><span style=\"font-size: small\"><span style=\"font-family: Verdana,sans-serif\"><b><span style=\"color: red\"><a href=\"https:\/\/go.madmimi.com\/redirects\/1415629592-42ca7a0e7fdbcc056c8ba1c7d0f626c6-4d6f457?pa=26168379326\"><span style=\"color: red;text-decoration: none\">https:\/\/www.youtube.com\/watch?v=kTSxtbPNO4Y<\/span><\/a><\/span><\/b><b><span style=\"color: red\">&nbsp;<\/span><\/b><\/span><\/span><\/div>\n<div><span style=\"font-size: small\"><span style=\"font-family: Verdana,sans-serif\"><b><span style=\"color: red\"><a href=\"https:\/\/go.madmimi.com\/redirects\/1415629592-9da1bdcfd08d44ce446bb067d6b75781-4d6f457?pa=26168379326\"><span style=\"color: red;text-decoration: none\">https:\/\/www.youtube.com\/watch?v=7eoBmR44Fpo<\/span><\/a><\/span><\/b><\/span><\/span><\/div>\n<div><span style=\"font-size: small\"><span style=\"font-family: Verdana,sans-serif\"><br \/><\/span><\/span><\/div>\n<div><span style=\"font-size: small\"><span style=\"font-family: Verdana,sans-serif\"><b>PARA M\u00c1S INFORMACI\u00d3N:<\/b><\/span><\/span><\/div>\n<div><span style=\"font-size: small\"><span style=\"font-family: Verdana,sans-serif\">Comunicaci\u00f3n del MOCASE-MNCI: Margarita G\u00f3mez 03843577620, Deolinda Carrizo 03844 15408668 \/01133489316, Santiago Uriate 1166465136.<\/span><\/span><\/div>\n<div><span style=\"font-size: small\"><span style=\"font-family: Verdana,sans-serif\">Instituto de Investigaci\u00f3n y Experimentaci\u00f3n Pol\u00edtica: Mario Santucho 01165488027<\/span><\/span><\/div>\n<div><span style=\"font-size: small\"><span style=\"font-family: Verdana,sans-serif\">CELS (Centro de Estudios Legales y Sociales): 43344200 int 109\/118<\/span><\/span><\/div>\n","protected":false},"excerpt":{"rendered":"<p>REPRODUCIMOS Juicio por Cristian Ferreyra En el d\u00eda de hoy suceder\u00e1n dos declaraciones Angel&nbsp;Strappazon, dirigente hist\u00f3rico del MOCASE VC y la V\u00eda Campesina, a su vez representante en la FAO en sociedad civil. Luego har\u00e1 declaraci\u00f3n&nbsp; Caril\u00f3 Olaiz, tambi\u00e9n integrante del MOCASE VC, que realiz\u00f3 seguimiento a las denuncias por desmontes ilegales en la provincia. [&hellip;]<\/p>\n","protected":false},"author":4,"featured_media":0,"comment_status":"open","ping_status":"open","sticky":false,"template":"","format":"standard","meta":{"_monsterinsights_skip_tracking":false,"_monsterinsights_sitenote_active":false,"_monsterinsights_sitenote_note":"","_monsterinsights_sitenote_category":0,"jnews-multi-image_gallery":[],"jnews_single_post":{"format":"standard"},"jnews_primary_category":[],"_joinchat":[],"footnotes":""},"categories":[58],"tags":[71],"class_list":["post-970","post","type-post","status-publish","format-standard","hentry","category-noticiariachuelo","tag-de-la-tierra"],"_links":{"self":[{"href":"http:\/\/fmriachuelo.it10.com.ar\/index.php\/wp-json\/wp\/v2\/posts\/970","targetHints":{"allow":["GET"]}}],"collection":[{"href":"http:\/\/fmriachuelo.it10.com.ar\/index.php\/wp-json\/wp\/v2\/posts"}],"about":[{"href":"http:\/\/fmriachuelo.it10.com.ar\/index.php\/wp-json\/wp\/v2\/types\/post"}],"author":[{"embeddable":true,"href":"http:\/\/fmriachuelo.it10.com.ar\/index.php\/wp-json\/wp\/v2\/users\/4"}],"replies":[{"embeddable":true,"href":"http:\/\/fmriachuelo.it10.com.ar\/index.php\/wp-json\/wp\/v2\/comments?post=970"}],"version-history":[{"count":1,"href":"http:\/\/fmriachuelo.it10.com.ar\/index.php\/wp-json\/wp\/v2\/posts\/970\/revisions"}],"predecessor-version":[{"id":21933,"href":"http:\/\/fmriachuelo.it10.com.ar\/index.php\/wp-json\/wp\/v2\/posts\/970\/revisions\/21933"}],"wp:attachment":[{"href":"http:\/\/fmriachuelo.it10.com.ar\/index.php\/wp-json\/wp\/v2\/media?parent=970"}],"wp:term":[{"taxonomy":"category","embeddable":true,"href":"http:\/\/fmriachuelo.it10.com.ar\/index.php\/wp-json\/wp\/v2\/categories?post=970"},{"taxonomy":"post_tag","embeddable":true,"href":"http:\/\/fmriachuelo.it10.com.ar\/index.php\/wp-json\/wp\/v2\/tags?post=970"}],"curies":[{"name":"wp","href":"https:\/\/api.w.org\/{rel}","templated":true}]}}