{"id":966,"date":"2014-11-16T03:29:00","date_gmt":"2014-11-16T03:29:00","guid":{"rendered":"http:\/\/fmriachuelo.observatorioess.org.ar\/index.php\/2014\/11\/16\/juicio-por-el-asesinato-de-cristian-ferreyra\/"},"modified":"2025-03-11T14:53:22","modified_gmt":"2025-03-11T17:53:22","slug":"juicio-por-el-asesinato-de-cristian-ferreyra","status":"publish","type":"post","link":"http:\/\/fmriachuelo.it10.com.ar\/index.php\/2014\/11\/16\/juicio-por-el-asesinato-de-cristian-ferreyra\/","title":{"rendered":"JUICIO POR EL ASESINATO DE CRISTIAN FERREYRA"},"content":{"rendered":"<p><\/p>\n<div><span style=\"font-size: small\"><span lang=\"ES\" style=\"font-family: Verdana\"><span style=\"font-family: Verdana,sans-serif\"><span style=\"color: red\"><span style=\"font-size: large\"><b>ESCUCHA EL TESTIMONIO DE <\/b><a href=\"http:\/\/www.mediafire.com\/listen\/rg1vpmhgz9d1j33\/DEOLINDA_CARRIZO.-_MOCASE-_EN_ReC.mp3\"><b>DEOLINDA CARRIZO MOCASE VC<\/b><\/a><b>&nbsp;EN ROMPE EL CERCO<\/b><\/span><\/span><\/span><\/span><\/span><br \/><span style=\"font-size: small\"><span lang=\"ES\" style=\"font-family: Verdana\">Cr\u00f3nica de la 5ta jornada Mi\u00e9rcoles 12 de noviembre <\/span><\/span><br \/><span style=\"font-size: small\"><span lang=\"ES\" style=\"font-family: Verdana\">EN Monte Quemado<\/span><\/span><\/div>\n<p><span style=\"font-family: Verdana,sans-serif\"><a href=\"http:\/\/4.bp.blogspot.com\/-un5AYEXQWN0\/VGgYNFDYNLI\/AAAAAAAABWQ\/-UKzEyZ3kEI\/s1600\/stencil.jpg\" style=\"clear: left;float: left;margin-bottom: 1em;margin-right: 1em\"><img decoding=\"async\" border=\"0\" src=\"http:\/\/4.bp.blogspot.com\/-un5AYEXQWN0\/VGgYNFDYNLI\/AAAAAAAABWQ\/-UKzEyZ3kEI\/s1600\/stencil.jpg\" \/><\/a><\/span><\/p>\n<div style=\"text-align: left\"><span style=\"font-size: small\"><span style=\"font-family: Verdana,sans-serif\"><b>El diario del Juicio va relatando el primer&nbsp;proceso judicial&nbsp;en el que est\u00e1 imputado un terrateniente por el asesinato a un habitante de la tierra en donde se disputa la concentraci\u00f3n de la tierra y el derecho al territorio, que puede llegar hasta el ajusticiamiento.<\/b><\/span><\/span><\/div>\n<div style=\"text-align: justify\"><a name='more'><\/a><span style=\"font-family: Verdana,sans-serif\"><b>La situaci\u00f3n previa al asesinato de Cristian: denuncias por amenazas y falta de respuestas<\/b>La audiencia estuvo dedicada a diversos testimonios propuestos por la querella. Se destacaron las intervenciones de Angel Strapazz\u00f3n y Caril\u00f3 Olaiz, referentes del MOCASE, quienes brindaron elementos para comprender el contexto en el que sucedi\u00f3 la muerte de Cristian Ferreyra y dar cuenta de la forma en que el Movimiento Campesino se articula con las comunidades, con distintos actores sociales y con el Estado.<br \/>V\u00edctor Hugo Puebla (43) no conoce a ninguno de los imputados, tampoco a las v\u00edctimas. En su condici\u00f3n de trabajador metal\u00fargico prest\u00f3 servicios al MoCaSe para la construcci\u00f3n de receptores de agua, con quienes ha compartido ya m\u00e1s de veinte proyectos. Su testimonio dej\u00f3 en claro que nunca tuvo altercados o inconvenientes con ellos.<br \/>\u00c1ngel Strapazon (58) desarroll\u00f3 una larga exposici\u00f3n sobre el funcionamiento y alcance del Movimiento Campesino desde sus inicios hasta la fecha. Miembro del Mocase desde su fundaci\u00f3n, Strapazon asegur\u00f3 que las comunidades que forman parte del movimiento tienen formas de organizaci\u00f3n muy diversas y que tres veces al a\u00f1o realizan asambleas generales para decidir las directrices a seguir. En las asambleas se discute todo, no hay una estructura jer\u00e1rquica del poder, no hay una voz por encima de otra, se debaten todos los problemas, de g\u00e9nero, de salud, de educaci\u00f3n, econ\u00f3micos. Gracias a la lucha de los campesinos, entre otras causas, en la provincia de Santiago del Estero hay un reconocimiento de los pueblos ind\u00edgenas y de las comunidades campesinas. En su locuci\u00f3n detall\u00f3 algunos proyectos desplegados por el Mocase, entre ellos seis radios FM (una de las cuales est\u00e1 \u00edntegramente alimentada con energ\u00eda solar), cinco carnicer\u00edas, dos f\u00e1bricas de queso, adem\u00e1s de f\u00e1bricas de dulces y productos en escabeche. Tambi\u00e9n se han dedicado a conseguir recursos y generar tecnolog\u00edas (colectores de agua, biog\u00e1s). Existen otros proyectos como la Universidad Campesina de ojo de Agua (UNICAM), que est\u00e1 en proceso de construcci\u00f3n. Y las escuelas Agroecol\u00f3gicas (en Quimil\u00ed).<br \/>Seg\u00fan Strapazon, la inteligencia popular es cada vez m\u00e1s necesaria y para hacer andar un modelo que incluya este saber es necesario el dialogo, con el Estado, con los empresarios, con la sociedad civil. Se\u00f1al\u00f3 la participaci\u00f3n activa del MoCaSe en la Coordinadora Latinoamericana de Organizaciones Campesinas (CLOC), en la V\u00eda Campesina, y en las asambleas de la FAO que se celebran tres veces al a\u00f1o. Por otra parte, muchas familias campesinas venden sus productos hacia el exterior. En Ojo de Agua hay m\u00e1s de 1800 familias que producen cuero y se los venden a los alemanes. Tambi\u00e9n se refiri\u00f3 a un reciente encuentro que tuvo con el Papa Francisco, quien se mostr\u00f3 muy preocupado por la muerte de Cristian. Para Strapazon, la muerte de Cristian no es un hecho aislado: \u00abCon el Juicio se est\u00e1 poniendo en discusi\u00f3n tambi\u00e9n el tema del hambre, es decir: c\u00f3mo se producen alimentos y la cuesti\u00f3n de la soberan\u00eda alimentaria\u00bb.<br \/>Luego, declar\u00f3 Caril\u00f3 Olaiz (37), ingeniero agr\u00f3nomo por la Universidad de Buenos Aires. Conoci\u00f3 a Cristian Ferreyra cuando construyeron los aljibes en su comunidad, en el a\u00f1o 2007. Olaiz explic\u00f3 que ya en el a\u00f1o 2009 el empresario tucumano Luque cerca el territorio de San Bernardo y se gestan una seguidilla de conflictos con los campesinos de la regi\u00f3n, dado que el alambrado corta caminos vecinales. Apoyado en im\u00e1genes satelitales (que la Jueza no acept\u00f3 como evidencia), mostr\u00f3 c\u00f3mo se han ido desplazando los alambrados y los desmontes durante los \u00faltimos a\u00f1os. En el 2011 la conflictividad en la zona se agudiza porque comienzan a desmontar un territorio de mil hect\u00e1reas. El 8 de abril de ese mismo a\u00f1o se presenta la primera denuncia por una topadora que hab\u00eda en el lugar. El propio Olaiz denunci\u00f3 la situaci\u00f3n en reiteradas ocasiones ante la Comisi\u00f3n de Bosques. Sin embargo, el plan de desmonte solo fue detenido hasta seis meses despu\u00e9s del asesinato de Cristian Ferreyra, momento en el que se suspenden en toda la provincia. \u00abEl Estado tuvo que esperar a que muera alguien para tomar una medida\u00bb, dijo Olaiz .<br \/>Terminada su exposici\u00f3n, la defensa pregunt\u00f3 si reconoce que Campo de Mayo y San Bernardo son dos propiedades distintas, a lo que Caril\u00f3 respondi\u00f3 que \u00e9l hab\u00eda hablado de 2 parajes y no de 2 propiedades. El paraje es un caser\u00edo donde hay viviendas y tiene alrededor un campo (monte) donde es posible extraer madera y alimentar el ganado. El paraje no tiene t\u00edtulo de dominio. La defensa vuelve sobre la distinci\u00f3n de las propiedades y Caril\u00f3 insiste que no se puede hacer esa distinci\u00f3n.<br \/>La \u00faltima declaraci\u00f3n de la jornada matutina fue la de Lorena del Valle Ju\u00e1rez (38), la psic\u00f3loga que atendi\u00f3 a las v\u00edctimas. En un principio comenz\u00f3 a trabajar con Godoy y su esposa, a quienes se acerc\u00f3 cuando \u00e9ste fue internado en el hospital debido a la herida de bala que recibi\u00f3 de parte de Francisco Javier Ju\u00e1rez. Ambos presentaban un cuadro de estr\u00e9s post traum\u00e1tico. Luego conoci\u00f3 al resto de las victimas en quienes tambi\u00e9n observ\u00f3 los mismos s\u00edntomas de estr\u00e9s. Ju\u00e1rez cont\u00f3 que el caso m\u00e1s complejo es el de Sergio Ferreyra, el m\u00e1s afectado, quien ha desarrollado un cuadro depresivo y s\u00f3lo puede mantenerse estable estando fuera de la zona del conflicto. Se\u00f1al\u00f3 que hay un c\u00famulo de sucesos que fueron provocando estr\u00e9s en las victimas y que se ven\u00edan dando con las sucesivas amenazas a las que estaban sometidos, estallando con el crimen de Cristian.<br \/><b>Denuncias por hostigamiento previas al asesinato de Cristian<\/b>Claudia R\u00edos (37) conoci\u00f3 a Cristian Ferreyra como coordinadora del Comit\u00e9 de Emergencia para la Resoluci\u00f3n de Conflictos de Tierra de la provincia de Santiago del Estero (Jefatura de gabinete provincial) organismo encargado, entre otras cosas, de recepcionar las denuncias por conflictos de tierras. En este contexto es que recibi\u00f3 el llamado de Jos\u00e9 Cuellar, quien le pidi\u00f3 intervenci\u00f3n por el conflicto que estaban teniendo en su comunidad. En agosto del 2011 se apersonan en el lugar, cuando van arribando al paraje de San Bernardo ven maquinarias fuera de la casa de Palomo. Cuando llegan a la casa de Cristian Ferreyra los recibe Mirta Salto, despu\u00e9s de unos minutos sale Cristian con su hijo en brazos y comienzan a llegar los vecinos de la comunidad para<br \/>\n reunirse con ellos. Durante la reuni\u00f3n relatan el hostigamiento y las amenazas que han sufrido por parte de los hermanos Ju\u00e1rez. Cuentan que sus hijos ya no est\u00e1n asistiendo al colegio debido estas amenazas y denuncian tambi\u00e9n la presencia de topadoras en el lugar. El Comit\u00e9 de Emergencia da aviso del conflicto a la Direcci\u00f3n de Bosques, remiti\u00e9ndole un informe t\u00e9cnico sobre la situaci\u00f3n.<br \/>Los abogados querellantes se sorprendieron de la existencia de dicho informe y pidieron incluirlo como prueba mediante un recurso de reposici\u00f3n. Por su parte, tanto la Fiscal\u00eda como la defensa afirmaron que el informe no es relevante, por tanto estiman que no es conveniente incluirlo como prueba. La defensa adujo que la parte querellante conoc\u00eda el informe, pues las propias v\u00edctimas hab\u00edan participado de la confecci\u00f3n del mismo, y pidi\u00f3 que la petici\u00f3n fuera rechazada. El tribunal rechaz\u00f3 el recurso de reposici\u00f3n por considerarlo improcedente y extempor\u00e1neo.<br \/>Luego comenzaron las preguntas de la defensa centradas en los sucesos posteriores a la entrega del informe t\u00e9cnico a la Direcci\u00f3n de Bosques. R\u00edos relat\u00f3 que el accionar del Comit\u00e9 de Emergencia depende de las condiciones de cada caso, seg\u00fan el tipo de denuncia. R\u00edos relata que la Direcci\u00f3n de Bosques le contest\u00f3 al Comit\u00e9 que el titular registral del terreno en disputa era Ciccioli y que autorizaban al empresario un plan de desmonte y que el Comit\u00e9 no inform\u00f3 a la comunidad pues \u201cno le corresponde al comit\u00e9 dar aviso de las resoluciones y la titularidad registral de los terrenos, sino a la Direcci\u00f3n de Bosques\u201d.<br \/>Testimonios finales, escuetos y difusos<br \/>Los \u00faltimos en prestar declaraci\u00f3n fueron Alfonso Salazar (75), Antonio Cesar Galv\u00e1n (29) y Ren\u00e9 Galv\u00e1n (47). Los testimonios fueron muy escuetos y difusos, particularmente el de Galv\u00e1n, que se situ\u00f3 como testigo presencial de la muerte de Cristian, sorprendiendo a todo el auditorio. En un primer momento la defensa hizo la petici\u00f3n para que Galv\u00e1n fuera careado con los dem\u00e1s testigos presenciales, pues su versi\u00f3n de los hechos no coincide con lo planteado por los dem\u00e1s testimonios. Sin embargo, hacia el cierre de la jornada desistieron de la petici\u00f3n de careo por considerar que extender\u00eda en demas\u00eda el proceso<\/span><\/div>\n","protected":false},"excerpt":{"rendered":"<p>ESCUCHA EL TESTIMONIO DE DEOLINDA CARRIZO MOCASE VC&nbsp;EN ROMPE EL CERCOCr\u00f3nica de la 5ta jornada Mi\u00e9rcoles 12 de noviembre EN Monte Quemado El diario del Juicio va relatando el primer&nbsp;proceso judicial&nbsp;en el que est\u00e1 imputado un terrateniente por el asesinato a un habitante de la tierra en donde se disputa la concentraci\u00f3n de la tierra [&hellip;]<\/p>\n","protected":false},"author":4,"featured_media":0,"comment_status":"open","ping_status":"open","sticky":false,"template":"","format":"standard","meta":{"_monsterinsights_skip_tracking":false,"_monsterinsights_sitenote_active":false,"_monsterinsights_sitenote_note":"","_monsterinsights_sitenote_category":0,"jnews-multi-image_gallery":[],"jnews_single_post":{"format":"standard"},"jnews_primary_category":[],"_joinchat":[],"footnotes":""},"categories":[58],"tags":[71,119],"class_list":["post-966","post","type-post","status-publish","format-standard","hentry","category-noticiariachuelo","tag-de-la-tierra","tag-derechos-humanos"],"_links":{"self":[{"href":"http:\/\/fmriachuelo.it10.com.ar\/index.php\/wp-json\/wp\/v2\/posts\/966","targetHints":{"allow":["GET"]}}],"collection":[{"href":"http:\/\/fmriachuelo.it10.com.ar\/index.php\/wp-json\/wp\/v2\/posts"}],"about":[{"href":"http:\/\/fmriachuelo.it10.com.ar\/index.php\/wp-json\/wp\/v2\/types\/post"}],"author":[{"embeddable":true,"href":"http:\/\/fmriachuelo.it10.com.ar\/index.php\/wp-json\/wp\/v2\/users\/4"}],"replies":[{"embeddable":true,"href":"http:\/\/fmriachuelo.it10.com.ar\/index.php\/wp-json\/wp\/v2\/comments?post=966"}],"version-history":[{"count":1,"href":"http:\/\/fmriachuelo.it10.com.ar\/index.php\/wp-json\/wp\/v2\/posts\/966\/revisions"}],"predecessor-version":[{"id":21940,"href":"http:\/\/fmriachuelo.it10.com.ar\/index.php\/wp-json\/wp\/v2\/posts\/966\/revisions\/21940"}],"wp:attachment":[{"href":"http:\/\/fmriachuelo.it10.com.ar\/index.php\/wp-json\/wp\/v2\/media?parent=966"}],"wp:term":[{"taxonomy":"category","embeddable":true,"href":"http:\/\/fmriachuelo.it10.com.ar\/index.php\/wp-json\/wp\/v2\/categories?post=966"},{"taxonomy":"post_tag","embeddable":true,"href":"http:\/\/fmriachuelo.it10.com.ar\/index.php\/wp-json\/wp\/v2\/tags?post=966"}],"curies":[{"name":"wp","href":"https:\/\/api.w.org\/{rel}","templated":true}]}}