{"id":963,"date":"2014-11-17T01:41:00","date_gmt":"2014-11-17T01:41:00","guid":{"rendered":"http:\/\/fmriachuelo.observatorioess.org.ar\/index.php\/2014\/11\/17\/la-metropolitana-persigue-las-ferias-populares\/"},"modified":"2025-03-11T14:56:08","modified_gmt":"2025-03-11T17:56:08","slug":"la-metropolitana-persigue-las-ferias-populares","status":"publish","type":"post","link":"http:\/\/fmriachuelo.it10.com.ar\/index.php\/2014\/11\/17\/la-metropolitana-persigue-las-ferias-populares\/","title":{"rendered":"LA METROPOLITANA PERSIGUE LAS FERIAS POPULARES"},"content":{"rendered":"<div style=\"text-align: left\">                <\/div>\n<div><span style=\"font-family: Verdana,sans-serif\"><span><span style=\"color: red;font-size: large\"><b>LOS MERCADOS POPULARES EN LA CIUDAD<\/b><\/span><span style=\"color: black\"> <\/span><\/span><\/span><\/div>\n<div><span style=\"font-family: Verdana,sans-serif\"><span><span style=\"color: black\">Las experiencias de la econom\u00eda popular y el hostigamiento de las fuerzas de la Ciudad<\/span><\/span><span><\/span><\/span><\/div>\n<div style=\"clear: both;text-align: left\"><span style=\"font-family: Verdana,sans-serif\"><a href=\"http:\/\/4.bp.blogspot.com\/-7ebX4se4V3A\/VGlSMqQvRBI\/AAAAAAAABXI\/U0vxekzNT6U\/s1600\/Mercados-Populares-CTEP-Capital-1.jpg\" style=\"clear: left;float: left;margin-bottom: 1em;margin-right: 1em\"><img loading=\"lazy\" decoding=\"async\" border=\"0\" src=\"http:\/\/4.bp.blogspot.com\/-7ebX4se4V3A\/VGlSMqQvRBI\/AAAAAAAABXI\/U0vxekzNT6U\/s1600\/Mercados-Populares-CTEP-Capital-1.jpg\" height=\"214\" width=\"320\" \/><\/a><\/span><\/div>\n<div style=\"text-align: left\"><span style=\"font-family: Verdana,sans-serif\"><br \/><\/span><span style=\"font-family: Verdana,sans-serif\"><b>En los diferentes barrios se est\u00e1n llevando adelante las experiencias de la Econom\u00eda Social. La CTEP, Confederaci\u00f3n de Trabajadores de la Econom\u00eda Popular, estuvo presente en&nbsp; las diferentes ferias y mercados populares con el objetivo de intercambiar experiencias sobre la realidad del sector y la importancia de la unidad de los trabajadores<\/b>.<\/span><br \/><a name='more'><\/a><span style=\"font-family: Verdana,sans-serif\">El s\u00e1bado 8 de noviembre&nbsp;&nbsp;diferentes experiencias relacionadas con la econom\u00eda popular se expusieron como en la Comuna 1,con la feria itinerante de Monserrat (San Jos\u00e9 y M\u00e9xico); en la Comuna 4&nbsp;&nbsp;el Mercado Popular organizado por la Mesa de Econom\u00eda del Sur en Plaza Malvinas (barrio Catalinas)&nbsp;y la feria itinerante de Plaza Che Guevara (Falc\u00f3n y Benedetti) ubicada en la Comuna 10.Tambi\u00e9n en La Boca,&nbsp; &nbsp;se llev\u00f3 adelante el Mercado Popular en el Paseo Mart\u00edn Oso Cisneros.<br \/>En Catalinas, barrio de La Boca, ocurri\u00f3 un hecho no extra\u00f1o para los trabajadores: la Polic\u00eda Metropolitana se hizo presente con una denuncia an\u00f3nima por ruidos molestos, por lo cual solicitaron los permisos para la utilizaci\u00f3n del espacio p\u00fablico, el mismo que el macrismo busca privatizar y por el cual nosotros resistimos para poder trabajar dignamente. Debido al hecho, de forma espont\u00e1nea los trabajadores realizaron una asamblea en la plaza. Sobre esta situaci\u00f3n que se repite frecuentemente, Gabriela Olguin, integrante de la Cooperativa \u201cEl Adoqu\u00edn y militante de la CTEP, expres\u00f3: \u201cEs un problema que se repite en toda la Ciudad, y termina como ya sabemos con la represi\u00f3n y los desalojos. Por eso es que planteamos la necesidad de discutir y pelear por nuestros derechos porque nos reconocemos como trabajadores\u201d.<br \/>Las ferias y los mercados populares se realizan con la finalidad de cambiar la l\u00f3gica de comercializaci\u00f3n actual. Pretenden que haya una relaci\u00f3n m\u00e1s directa entre el productor y el consumidor, sin los intermediarios que encarecen los precios y generan inflaci\u00f3n. \u201cNosotros vendemos productos de calidad y a muy bajo precio, y se nota que eso molesta y mucho a algunos sectores de poder\u201d, dijo una compa\u00f1era que comercializa productos artesanales en la Feria ubicada en Plaza Malvinas, Barrio de La Boca.<br \/>La CTEP que nuclea a estos emprendimientos productivos y a los trabajadores de la econom\u00eda&nbsp;popular est\u00e1 organizando el 1\u00b0 Encuentro Nacional de Productores y Comercializadores de la Econom\u00eda Popular que se realizara los d\u00edas 28 y 29 de noviembre en la Ciudad Aut\u00f3noma de Buenos Aires. Con&nbsp; &nbsp;el objetivo es compartir experiencias y problem\u00e1ticas alrededor de los distintos \u00e1mbitos de producci\u00f3n y comercializaci\u00f3n.&nbsp; <\/span><\/div>\n","protected":false},"excerpt":{"rendered":"<p>LOS MERCADOS POPULARES EN LA CIUDAD Las experiencias de la econom\u00eda popular y el hostigamiento de las fuerzas de la Ciudad En los diferentes barrios se est\u00e1n llevando adelante las experiencias de la Econom\u00eda Social. La CTEP, Confederaci\u00f3n de Trabajadores de la Econom\u00eda Popular, estuvo presente en&nbsp; las diferentes ferias y mercados populares con el [&hellip;]<\/p>\n","protected":false},"author":4,"featured_media":0,"comment_status":"open","ping_status":"open","sticky":false,"template":"","format":"standard","meta":{"_monsterinsights_skip_tracking":false,"_monsterinsights_sitenote_active":false,"_monsterinsights_sitenote_note":"","_monsterinsights_sitenote_category":0,"jnews-multi-image_gallery":[],"jnews_single_post":{"format":"standard"},"jnews_primary_category":[],"_joinchat":[],"footnotes":""},"categories":[58],"tags":[64,86],"class_list":["post-963","post","type-post","status-publish","format-standard","hentry","category-noticiariachuelo","tag-economia-popular","tag-noti-ctep"],"_links":{"self":[{"href":"http:\/\/fmriachuelo.it10.com.ar\/index.php\/wp-json\/wp\/v2\/posts\/963","targetHints":{"allow":["GET"]}}],"collection":[{"href":"http:\/\/fmriachuelo.it10.com.ar\/index.php\/wp-json\/wp\/v2\/posts"}],"about":[{"href":"http:\/\/fmriachuelo.it10.com.ar\/index.php\/wp-json\/wp\/v2\/types\/post"}],"author":[{"embeddable":true,"href":"http:\/\/fmriachuelo.it10.com.ar\/index.php\/wp-json\/wp\/v2\/users\/4"}],"replies":[{"embeddable":true,"href":"http:\/\/fmriachuelo.it10.com.ar\/index.php\/wp-json\/wp\/v2\/comments?post=963"}],"version-history":[{"count":1,"href":"http:\/\/fmriachuelo.it10.com.ar\/index.php\/wp-json\/wp\/v2\/posts\/963\/revisions"}],"predecessor-version":[{"id":21943,"href":"http:\/\/fmriachuelo.it10.com.ar\/index.php\/wp-json\/wp\/v2\/posts\/963\/revisions\/21943"}],"wp:attachment":[{"href":"http:\/\/fmriachuelo.it10.com.ar\/index.php\/wp-json\/wp\/v2\/media?parent=963"}],"wp:term":[{"taxonomy":"category","embeddable":true,"href":"http:\/\/fmriachuelo.it10.com.ar\/index.php\/wp-json\/wp\/v2\/categories?post=963"},{"taxonomy":"post_tag","embeddable":true,"href":"http:\/\/fmriachuelo.it10.com.ar\/index.php\/wp-json\/wp\/v2\/tags?post=963"}],"curies":[{"name":"wp","href":"https:\/\/api.w.org\/{rel}","templated":true}]}}