{"id":962,"date":"2014-11-17T01:56:00","date_gmt":"2014-11-17T01:56:00","guid":{"rendered":"http:\/\/fmriachuelo.observatorioess.org.ar\/index.php\/2014\/11\/17\/produccion-y-comercializacion-en-la-economia-popular\/"},"modified":"2025-03-14T13:37:21","modified_gmt":"2025-03-14T16:37:21","slug":"produccion-y-comercializacion-en-la-economia-popular","status":"publish","type":"post","link":"http:\/\/fmriachuelo.it10.com.ar\/index.php\/2014\/11\/17\/produccion-y-comercializacion-en-la-economia-popular\/","title":{"rendered":"PRODUCCI\u00d3N Y COMERCIALIZACI\u00d3N EN LA ECONOM\u00cdA POPULAR"},"content":{"rendered":"<div style=\"clear: both;text-align: left\"><span style=\"font-size: small\"><span style=\"font-family: Verdana,sans-serif\"><span>ENCUENTRO DE TRABAJADORES DE LA ECONOMIA POPULAR, CTEP<\/span><\/span><\/span><\/div>\n<div style=\"text-align: left\"><\/p>\n<div style=\"margin: 0.1pt 0cm\"><span style=\"font-size: large\"><b><span style=\"color: red;font-family: Verdana\">Primer encuentro de producci\u00f3n y comercializaci\u00f3n<\/span><\/b><span><\/span><\/span><\/div>\n<\/div>\n<div style=\"text-align: left\"><span style=\"font-size: small\"><span style=\"font-family: Verdana,sans-serif\">La Secretar\u00eda de Producci\u00f3n y Comercializaci\u00f3n de la Confederaci\u00f3n de Trabajadores de la Econom\u00eda Popular (CTEP) organizar\u00e1 el 1\u00b0 Encuentro Nacional de Productores y Comercializadores que se realizara los d\u00edas 28 y 29 de noviembre en la Ciudad Aut\u00f3noma de Buenos Aires.<\/span><\/span><\/div>\n<div style=\"text-align: left\"><\/div>\n<div style=\"clear: both;text-align: left\"><span style=\"font-size: small\"><span style=\"font-family: Verdana,sans-serif\"><a href=\"http:\/\/2.bp.blogspot.com\/-G-2FgvfXKfY\/VGlWUtZBm9I\/AAAAAAAABXg\/yYYT4atm6C8\/s1600\/safe_image.jpg\" style=\"clear: left;float: left;margin-bottom: 1em;margin-right: 1em\"><img loading=\"lazy\" decoding=\"async\" border=\"0\" src=\"http:\/\/2.bp.blogspot.com\/-G-2FgvfXKfY\/VGlWUtZBm9I\/AAAAAAAABXg\/yYYT4atm6C8\/s1600\/safe_image.jpg\" height=\"166\" width=\"320\" \/><\/a><\/span><\/span><\/div>\n<p><a name='more'><\/a><\/p>\n<div style=\"text-align: left\"><span style=\"font-size: small\"><span style=\"font-family: Verdana,sans-serif\">Con la presencia de m\u00e1s mil trabajadores de todo el pa\u00eds, el objetivo es compartir experiencias y problem\u00e1ticas alrededor de los distintos \u00e1mbitos de producci\u00f3n y comercializaci\u00f3n. En ese sentido, en la Sede Nacional de la CTEP, ubicada en Pedro Echague 1265, el d\u00eda 28 se realizar\u00e1 una jornada de debate e integraci\u00f3n de los trabajadores, productores, artesanos, vendedores ambulantes, feriantes, cartoneros, motoqueros, integrantes de Cooperativas de Trabajo, empresas recuperadas, campesinos y pescadores. Por otra parte, el d\u00eda 29 de noviembre en la Plaza de los Dos Congresos se realizar\u00e1n varios paneles,  se montar\u00e1 una Feria de la Econom\u00eda Popular con m\u00e1s de cien puestos en donde los trabajadores de la econom\u00eda popular expondr\u00e1n los productos que comercializan.<\/span><\/span><br \/><span style=\"font-size: small\"><span style=\"font-family: Verdana,sans-serif\">Los paneles de cierre contar\u00e1n con la participaci\u00f3n de compa\u00f1eros y compa\u00f1eras que expondr\u00e1n respecto de las realidades que encuentran a la hora de la producci\u00f3n y comercializaci\u00f3n de sus productos. Otro panel abordara la realidad de los derechos laborales y la importancia de la sindicalizaci\u00f3n de los Trabajadores de la Econom\u00eda Popular en la CTEP. Y por \u00faltimo un panel con compa\u00f1eros de organizaciones sociales de Am\u00e9rica latina compartiendo sus experiencias.<\/span><\/span><br \/><span style=\"font-size: small\"><span style=\"font-family: Verdana,sans-serif\">                <\/span><\/span><\/p>\n<div><span style=\"color: #3d85c6\"><span style=\"font-size: x-small\"><b><span style=\"font-family: Verdana\">Fuente: Ctep<\/span><\/b><\/span><\/span><\/div>\n<div style=\"clear: both;text-align: center\"><a href=\"http:\/\/4.bp.blogspot.com\/-CrWa-jeV_gY\/VGlnInQpO6I\/AAAAAAAABYM\/20x_4abU7uE\/s1600\/COOP%2BRIACHIUELO%2BPRODUCCIONES.jpg\" style=\"clear: left;float: left;margin-bottom: 1em;margin-right: 1em\"><img loading=\"lazy\" decoding=\"async\" border=\"0\" src=\"http:\/\/4.bp.blogspot.com\/-CrWa-jeV_gY\/VGlnInQpO6I\/AAAAAAAABYM\/20x_4abU7uE\/s1600\/COOP%2BRIACHIUELO%2BPRODUCCIONES.jpg\" height=\"58\" width=\"200\" \/><\/a><\/div>\n<\/div>\n<div style=\"text-align: left\"><\/div>\n","protected":false},"excerpt":{"rendered":"<p>ENCUENTRO DE TRABAJADORES DE LA ECONOMIA POPULAR, CTEP Primer encuentro de producci\u00f3n y comercializaci\u00f3n La Secretar\u00eda de Producci\u00f3n y Comercializaci\u00f3n de la Confederaci\u00f3n de Trabajadores de la Econom\u00eda Popular (CTEP) organizar\u00e1 el 1\u00b0 Encuentro Nacional de Productores y Comercializadores que se realizara los d\u00edas 28 y 29 de noviembre en la Ciudad Aut\u00f3noma de Buenos [&hellip;]<\/p>\n","protected":false},"author":4,"featured_media":0,"comment_status":"open","ping_status":"open","sticky":false,"template":"","format":"standard","meta":{"_monsterinsights_skip_tracking":false,"_monsterinsights_sitenote_active":false,"_monsterinsights_sitenote_note":"","_monsterinsights_sitenote_category":0,"jnews-multi-image_gallery":[],"jnews_single_post":{"format":"standard"},"jnews_primary_category":[],"_joinchat":[],"footnotes":""},"categories":[58],"tags":[64,86],"class_list":["post-962","post","type-post","status-publish","format-standard","hentry","category-noticiariachuelo","tag-economia-popular","tag-noti-ctep"],"_links":{"self":[{"href":"http:\/\/fmriachuelo.it10.com.ar\/index.php\/wp-json\/wp\/v2\/posts\/962","targetHints":{"allow":["GET"]}}],"collection":[{"href":"http:\/\/fmriachuelo.it10.com.ar\/index.php\/wp-json\/wp\/v2\/posts"}],"about":[{"href":"http:\/\/fmriachuelo.it10.com.ar\/index.php\/wp-json\/wp\/v2\/types\/post"}],"author":[{"embeddable":true,"href":"http:\/\/fmriachuelo.it10.com.ar\/index.php\/wp-json\/wp\/v2\/users\/4"}],"replies":[{"embeddable":true,"href":"http:\/\/fmriachuelo.it10.com.ar\/index.php\/wp-json\/wp\/v2\/comments?post=962"}],"version-history":[{"count":1,"href":"http:\/\/fmriachuelo.it10.com.ar\/index.php\/wp-json\/wp\/v2\/posts\/962\/revisions"}],"predecessor-version":[{"id":21944,"href":"http:\/\/fmriachuelo.it10.com.ar\/index.php\/wp-json\/wp\/v2\/posts\/962\/revisions\/21944"}],"wp:attachment":[{"href":"http:\/\/fmriachuelo.it10.com.ar\/index.php\/wp-json\/wp\/v2\/media?parent=962"}],"wp:term":[{"taxonomy":"category","embeddable":true,"href":"http:\/\/fmriachuelo.it10.com.ar\/index.php\/wp-json\/wp\/v2\/categories?post=962"},{"taxonomy":"post_tag","embeddable":true,"href":"http:\/\/fmriachuelo.it10.com.ar\/index.php\/wp-json\/wp\/v2\/tags?post=962"}],"curies":[{"name":"wp","href":"https:\/\/api.w.org\/{rel}","templated":true}]}}