{"id":9614,"date":"2019-05-07T14:08:55","date_gmt":"2019-05-07T14:08:55","guid":{"rendered":"http:\/\/fmriachuelo.com.ar\/?p=9614"},"modified":"2019-05-07T14:08:55","modified_gmt":"2019-05-07T14:08:55","slug":"organizaciones-juntas-por-un-programa-agrario-popular","status":"publish","type":"post","link":"http:\/\/fmriachuelo.it10.com.ar\/index.php\/2019\/05\/07\/organizaciones-juntas-por-un-programa-agrario-popular\/","title":{"rendered":"ORGANIZACIONES JUNTAS POR  UN PROGRAMA AGRARIO POPULAR"},"content":{"rendered":"<p><strong>[FM Riachuelo 7 \/05\/2019] De cara al Primer Foro por un Programa Agrario Soberano y Popular, en \u201cAl gran Pueblo Salud\u201d(lunes de 19 a 21) conformamos una mesa de debate con compa\u00f1eros y compa\u00f1eras abocados a la construcci\u00f3n cotidiana de la Soberan\u00eda Alimentaria desde su trabajo en la agricultura familiar y campesina. Nicol\u00e1s Bilbao del Movimiento Nacional Campesino Indigena (MNCI), Fernando Gonzalez de la Rama Agraria del Movimiento de Trabajadores Excluidos (MTE), Andrea Figueroa del Frente Agrario Evita y Mariana Moricz de la Organizaci\u00f3n Social y Pol\u00edtica Los Pibes, compartieron miradas y experiencias en un contexto marcado por la emergencia alimentaria empujada por la crisis, pero tambi\u00e9n por crecientes niveles de experimentaci\u00f3n popular, organizaci\u00f3n y lucha hacia la Soberan\u00eda Alimentaria.<\/strong><\/p>\n<p>Al inicio de la Mesa, Fernando Gonzalez (MTE) destac\u00f3 la relevancia del Encuentro del martes y mi\u00e9rcoles: \u201cEste encuentro es de car\u00e1cter hist\u00f3rico. Son m\u00e1s de setenta organizaciones campesinas y de trabajadorxs rurales e ind\u00edgenas, que se van a estar juntando para discutir un programa en com\u00fan\u201d.<\/p>\n<p>Por su parte, Mariana Moricz, desde el trabajo de la Organizaci\u00f3n Los Pibes que viene intentando articular el Derecho a la Alimentaci\u00f3n de los trabajadores de la econom\u00eda popular en la ciudad con el trabajo de las organizaciones de la agricultura familiar, se\u00f1al\u00f3 la potencialidad pol\u00edtica de esta vinculaci\u00f3n: <em><strong>\u201cCreemos que la soberan\u00eda alimentaria la construimos tambi\u00e9n desde las ciudades, porque somos lxs destinatarixs finales del alimento. Es muy interesante participar [del Foro], que nuestrxs\u00a0 compa\u00f1erxs puedan estar all\u00ed, compartiendo las visiones de lo que ser\u00eda un programa para el sector, y tambi\u00e9n pensar c\u00f3mo desde lxs trabajadorxs de la ciudad, desde los pueblos en general nos unimos juntxs para emprender esa lucha, porque creemos que sin lucha no hay programa que se sostenga\u201d<\/strong><\/em>. En el mismo sentido, Fernando reforz\u00f3:<em><strong> \u201cTenemos que\u00a0 establecer m\u00e1s puentes entre trabajadorxs del campo y todxs lxs que vivimos en las ciudades. La soberan\u00eda alimentaria no es solamente algo que tengan que disputar y luchar todos los d\u00edas quienes trabajan en el campo, sino que es un problema de toda la sociedad\u201d.<\/strong><\/em><img loading=\"lazy\" decoding=\"async\" class=\"alignnone size-full wp-image-9616\" src=\"http:\/\/fmriachuelo.com.ar\/wp-content\/uploads\/2019\/05\/WhatsApp-Image-2019-05-06-at-8.56.21-PM.jpeg\" alt=\"\" width=\"1280\" height=\"960\" \/>A su turno, Nicol\u00e1s Bilbao del Movimiento Nacional Campesino Ind\u00edgena (MNCI), reflexion\u00f3 sobre el contexto de emergencia alimentaria y de crisis econ\u00f3mica expres\u00f3: <em><strong>\u201cArgentina es uno de los pa\u00edses en el mundo que tiene uno de los mayores excedentes productivos mundialmente, entonces que hoy por hoy se est\u00e9 en esta situaci\u00f3n, llama mucho la atenci\u00f3n, pensando en la cantidad de tierra que tenemos el agua potable que tenemos. Me parece que la sociedad entera se tiene que replantear como puede ser que est\u00e9 pasando esto, y como nos vamos encaminando a algo que nos sirva a todxs\u201d.<\/strong><\/em><\/p>\n<p>Andrea Figueroa del Frente Agrario del Movimiento Evita, puso en valor el proceso de preparaci\u00f3n de la jornada que se va a estar desarrollando entre hoy y ma\u00f1ana en el Microestadio de Ferro en la Ciudad de Buenos Aires:<em><strong> \u201cDesde la rama rural de la Confederaci\u00f3n de Trabajadorxs de la Econom\u00eda Popular (CTEP), que nuclea a las organizaciones que hoy estamos ac\u00e1, se llevaron reuniones planteando objetivos para llegar a presentar veinticuatro documentos que se van a estar presentando en distintas comisiones\u201d<\/strong><\/em>.<\/p>\n<p>El foro que comienza hoy en Ferro en el barrio de Caballito, parece parido desde una pr\u00e1ctica y una preocupaci\u00f3n que el movimiento popular viene encarando con creatividad y cada vez m\u00e1s organizaci\u00f3n frente a una guerra econ\u00f3mica que, desde la concentraci\u00f3n de la producci\u00f3n y distribuci\u00f3n de alimentos, amenaza la salud y vida de los Pueblos. El de la soberan\u00eda alimentaria aparece como un tema ineludible a la hora de pensar un programa pol\u00edtico que, hacia adelante, pretenda, de una vez y para siempre, desarmar un sistema estructural de injusticias que hoy por hoy busca una Argentina y un continente para pocxs.<\/p>\n<p><span style=\"color: #ff0000\">Escucha el programa completo:\u00a0<\/span><\/p>\n<p><iframe loading=\"lazy\" title=\"6 - 05 - 2019 AGPS S - TANDA by FMR\" width=\"500\" height=\"400\" scrolling=\"no\" frameborder=\"no\" src=\"https:\/\/w.soundcloud.com\/player\/?visual=true&#038;url=https%3A%2F%2Fapi.soundcloud.com%2Ftracks%2F616998408&#038;show_artwork=true&#038;maxheight=750&#038;maxwidth=500\"><\/iframe><\/p>\n<p>&nbsp;<\/p>\n","protected":false},"excerpt":{"rendered":"<p>[FM Riachuelo 7 \/05\/2019] De cara al Primer Foro por un Programa Agrario Soberano y Popular, en \u201cAl gran Pueblo Salud\u201d(lunes de 19 a 21) conformamos una mesa de debate con compa\u00f1eros y compa\u00f1eras abocados a la construcci\u00f3n cotidiana de la Soberan\u00eda Alimentaria desde su trabajo en la agricultura familiar y campesina. Nicol\u00e1s Bilbao del [&hellip;]<\/p>\n","protected":false},"author":5,"featured_media":9615,"comment_status":"open","ping_status":"open","sticky":false,"template":"","format":"standard","meta":{"_monsterinsights_skip_tracking":false,"_monsterinsights_sitenote_active":false,"_monsterinsights_sitenote_note":"","_monsterinsights_sitenote_category":0,"jnews-multi-image_gallery":[],"jnews_single_post":[],"jnews_primary_category":[],"_joinchat":[],"footnotes":""},"categories":[78,76,126],"tags":[],"class_list":["post-9614","post","type-post","status-publish","format-standard","has-post-thumbnail","hentry","category-economia-popular","category-salud-comunitaria","category-soberania-alimentaria"],"_links":{"self":[{"href":"http:\/\/fmriachuelo.it10.com.ar\/index.php\/wp-json\/wp\/v2\/posts\/9614","targetHints":{"allow":["GET"]}}],"collection":[{"href":"http:\/\/fmriachuelo.it10.com.ar\/index.php\/wp-json\/wp\/v2\/posts"}],"about":[{"href":"http:\/\/fmriachuelo.it10.com.ar\/index.php\/wp-json\/wp\/v2\/types\/post"}],"author":[{"embeddable":true,"href":"http:\/\/fmriachuelo.it10.com.ar\/index.php\/wp-json\/wp\/v2\/users\/5"}],"replies":[{"embeddable":true,"href":"http:\/\/fmriachuelo.it10.com.ar\/index.php\/wp-json\/wp\/v2\/comments?post=9614"}],"version-history":[{"count":0,"href":"http:\/\/fmriachuelo.it10.com.ar\/index.php\/wp-json\/wp\/v2\/posts\/9614\/revisions"}],"wp:featuredmedia":[{"embeddable":true,"href":"http:\/\/fmriachuelo.it10.com.ar\/index.php\/wp-json\/"}],"wp:attachment":[{"href":"http:\/\/fmriachuelo.it10.com.ar\/index.php\/wp-json\/wp\/v2\/media?parent=9614"}],"wp:term":[{"taxonomy":"category","embeddable":true,"href":"http:\/\/fmriachuelo.it10.com.ar\/index.php\/wp-json\/wp\/v2\/categories?post=9614"},{"taxonomy":"post_tag","embeddable":true,"href":"http:\/\/fmriachuelo.it10.com.ar\/index.php\/wp-json\/wp\/v2\/tags?post=9614"}],"curies":[{"name":"wp","href":"https:\/\/api.w.org\/{rel}","templated":true}]}}