{"id":961,"date":"2014-11-17T02:59:00","date_gmt":"2014-11-17T02:59:00","guid":{"rendered":"http:\/\/fmriachuelo.observatorioess.org.ar\/index.php\/2014\/11\/17\/el-pueblo-mexicano-exige\/"},"modified":"2025-03-14T13:39:13","modified_gmt":"2025-03-14T16:39:13","slug":"el-pueblo-mexicano-exige","status":"publish","type":"post","link":"http:\/\/fmriachuelo.it10.com.ar\/index.php\/2014\/11\/17\/el-pueblo-mexicano-exige\/","title":{"rendered":"EL PUEBLO MEXICANO EXIGE"},"content":{"rendered":"<p><span style=\"font-size: small\"><span style=\"font-family: Verdana,sans-serif\">MEXICO: UN REGERO DE POLVORA<\/span><\/span><br \/><span style=\"font-size: large\"><span style=\"font-family: Verdana,sans-serif\"><span style=\"color: red\"><b>LA LUCHA DEL PUEBLO ORGANIZADO FRENTE A LA INDIFERENCIA DEL ESTADO<\/b><\/span><\/span><\/span><br \/><span style=\"font-size: small\"><span style=\"font-family: Verdana,sans-serif\"><a href=\"http:\/\/1.bp.blogspot.com\/-K6PaHQwfgdw\/VGlkzng40FI\/AAAAAAAABXw\/qJiBCdzmNiI\/s1600\/ayotzinapa_caravana_jpg_1718483346.jpg\" style=\"clear: left;float: left;margin-bottom: 1em;margin-right: 1em\"><img loading=\"lazy\" decoding=\"async\" border=\"0\" src=\"http:\/\/1.bp.blogspot.com\/-K6PaHQwfgdw\/VGlkzng40FI\/AAAAAAAABXw\/qJiBCdzmNiI\/s1600\/ayotzinapa_caravana_jpg_1718483346.jpg\" height=\"181\" width=\"320\" \/><\/a><b>Caravanas de padres y estudiantes de Ayotzinapa siguen su rumbo. El Ejercito Zapatista tambi\u00e9n hace propio el dolor del pueblo mejicano.<\/b>El prop\u00f3sito de las caravanas que marchar\u00e1n por todo M\u00e9xico es informar sobre el caso de los 43 estudiantes desaparecidos frente al desinter\u00e9s de las autoridades por esclarecer la situaci\u00f3n.<br \/>Mientras tanto la polic\u00eda judicial dispar\u00f3 con armas de fuego a estudiantes de la Universidad Aut\u00f3noma de M\u00e9xico (UNAM), hiriendo a dos de ellos y asesinando a una mascota. El hecho ocurri\u00f3 en la tarde de ayer, cuando efectivos comenzaron a fotografiar a los alumnos que se encontraban debatiendo una movilizaci\u00f3n por los 43 normalistas desaparecidos de Ayotzinapa, cuando comenz\u00f3 la balacera. Se habr\u00eda logrado identificar a uno de los agresores, ya que en la huida extravi\u00f3 su identificaci\u00f3n, ser\u00eda un oficial de la Procuradur\u00eda General de Justicia del Distrito Federal.<br \/>Las dos caravanas de estudiantes de la Normal Rural de Ayotzinapa y padres de los 43 desaparecidos siguen su camino hacia Chihuahua y Chiapas con la intenci\u00f3n de difundir la tragedia que actualmente enfrentan.<br \/>La primera estuvo integrada por tres autobuses con 150 alumnos del plantel, solamente seis padres acompa\u00f1aron al grupo y partieron rumbo a Chihuahua, pasando por Michoac\u00e1n, Jalisco y Zacatecas. Todav\u00eda no tienen claro a qui\u00e9nes ver\u00e1n ni los espacios en que dar\u00e1n a conocer las causas de su movimiento.<br \/>El segundo grupo ir\u00e1 hasta Chiapas, pasando por Morelos, Tlaxcala y Oaxaca, para que, finalmente, el s\u00e1bado salga la tercer y \u00faltima brigada informativa que recorrer\u00e1 cinco municipios de Guerrero.<br \/>Todos se encontrar\u00e1n en la Ciudad de M\u00e9xico el pr\u00f3ximo 20 de noviembre para hacer un balance de los resultados obtenidos.<br \/><b>Entre tanto tambi\u00e9n el Ej\u00e9rcito Zapatista se re\u00fane con padres de los 43 normalistas y hace propia esta causa.<\/b><\/span><\/span><br \/><a name='more'><\/a><span style=\"font-size: small\"><span style=\"font-family: Verdana,sans-serif\">Los padres de los 43 normalistas desaparecidos fueron recibidos por miembros del Ej\u00e9rcito Zapatista de Liberaci\u00f3n Nacional (EZLN) en Chiapas, que se unieron al clamor de justicia y la aparici\u00f3n con vida de los j\u00f3venes.<br \/>Los padres expresaron en el encuentro: \u201cEstamos aqu\u00ed para pedir su apoyo porque el gobierno no nos hace caso\u00bb. <br \/>\u00abNosotros el Ej\u00e9rcito Zapatista de Liberaci\u00f3n Nacional queremos escuchar su dolor y su rabia que tambi\u00e9n son nuestras\u00bb, se dirigi\u00f3 el Comandante Tacho en el acto de bienvenida a los familiares de los normalistas.<br \/>El EZLN agreg\u00f3 que \u00abLas y los zapatistas les hemos acompa\u00f1ado en las movilizaciones que se han realizado en M\u00e9xico y el mundo, aunque no aparezcamos en los medios de paga, queremos decirles que les hemos acompa\u00f1ado con hechos reales\u00bb, expres\u00f3 el grupo.\u201cA cincuenta d\u00edas de que desaparecieron a nuestros hijos, el gobierno nos trae con puros enga\u00f1os y tal parece que quiere evitar que los encontremos, desde un principio quisieron entregarnos a nuestros hijos muertos, primero en fosas, ahora quemados, pero nosotros no creemos nada de eso porque no tienen pruebas de lo que dicen\u00bb. \u00abMi hijo no est\u00e1 desaparecido, se lo llev\u00f3 el gobierno y ellos saben d\u00f3nde los tienen\u00bb, dijo Carmelita Cruz, madre de uno de los j\u00f3venes<br \/>Distintos representantes de la cultura como la escritora mexicana y Premio Cervantes 2013, Elena Poniatowska, record\u00f3 el viernes a los 43 estudiantes desaparecidos de Ayotzinapa en la presentaci\u00f3n de su libro \u201cEl ni\u00f1o estrellero\u201d, que tuvo lugar en el Centro Nacional de las Artes en M\u00e9xico donde se desarrolla la 34 Feria Internacional del Libro Infantil y Juvenil (Filij).<\/span><\/span><br \/><span style=\"font-size: small\"><span style=\"font-family: Verdana,sans-serif\">                <\/span><\/span><br \/><span style=\"font-size: small\"><span style=\"font-family: Verdana,sans-serif\"><span style=\"font-size: x-small\"><span style=\"color: #3d85c6\"><b><span style=\"font-family: Verdana\">Fuente: Telesur<\/span><\/b><\/span><\/span><\/span><\/span><br \/><a href=\"http:\/\/2.bp.blogspot.com\/-GI2Oni4Trow\/VGloYc3jjzI\/AAAAAAAABYY\/E4Jt1mcuNvY\/s1600\/COOP%2BRIACHIUELO%2BPRODUCCIONES.jpg\" style=\"clear: left;float: left;margin-bottom: 1em;margin-right: 1em\"><img loading=\"lazy\" decoding=\"async\" border=\"0\" src=\"http:\/\/2.bp.blogspot.com\/-GI2Oni4Trow\/VGloYc3jjzI\/AAAAAAAABYY\/E4Jt1mcuNvY\/s1600\/COOP%2BRIACHIUELO%2BPRODUCCIONES.jpg\" height=\"58\" width=\"200\" \/><\/a><span style=\"font-size: small\"><span style=\"font-family: Verdana,sans-serif\"><span style=\"font-size: x-small\"><span style=\"color: #3d85c6\"><b><span style=\"font-family: Verdana\">&nbsp;<\/span><\/b><\/span><\/span><\/span><\/span><\/p>\n","protected":false},"excerpt":{"rendered":"<p>MEXICO: UN REGERO DE POLVORALA LUCHA DEL PUEBLO ORGANIZADO FRENTE A LA INDIFERENCIA DEL ESTADOCaravanas de padres y estudiantes de Ayotzinapa siguen su rumbo. El Ejercito Zapatista tambi\u00e9n hace propio el dolor del pueblo mejicano.El prop\u00f3sito de las caravanas que marchar\u00e1n por todo M\u00e9xico es informar sobre el caso de los 43 estudiantes desaparecidos frente [&hellip;]<\/p>\n","protected":false},"author":4,"featured_media":0,"comment_status":"open","ping_status":"open","sticky":false,"template":"","format":"standard","meta":{"_monsterinsights_skip_tracking":false,"_monsterinsights_sitenote_active":false,"_monsterinsights_sitenote_note":"","_monsterinsights_sitenote_category":0,"jnews-multi-image_gallery":[],"jnews_single_post":{"format":"standard"},"jnews_primary_category":[],"_joinchat":[],"footnotes":""},"categories":[58],"tags":[70,72],"class_list":["post-961","post","type-post","status-publish","format-standard","hentry","category-noticiariachuelo","tag-de-la-patria-grande","tag-historia-de-la-lucha-de-los-pueblos"],"_links":{"self":[{"href":"http:\/\/fmriachuelo.it10.com.ar\/index.php\/wp-json\/wp\/v2\/posts\/961","targetHints":{"allow":["GET"]}}],"collection":[{"href":"http:\/\/fmriachuelo.it10.com.ar\/index.php\/wp-json\/wp\/v2\/posts"}],"about":[{"href":"http:\/\/fmriachuelo.it10.com.ar\/index.php\/wp-json\/wp\/v2\/types\/post"}],"author":[{"embeddable":true,"href":"http:\/\/fmriachuelo.it10.com.ar\/index.php\/wp-json\/wp\/v2\/users\/4"}],"replies":[{"embeddable":true,"href":"http:\/\/fmriachuelo.it10.com.ar\/index.php\/wp-json\/wp\/v2\/comments?post=961"}],"version-history":[{"count":1,"href":"http:\/\/fmriachuelo.it10.com.ar\/index.php\/wp-json\/wp\/v2\/posts\/961\/revisions"}],"predecessor-version":[{"id":21945,"href":"http:\/\/fmriachuelo.it10.com.ar\/index.php\/wp-json\/wp\/v2\/posts\/961\/revisions\/21945"}],"wp:attachment":[{"href":"http:\/\/fmriachuelo.it10.com.ar\/index.php\/wp-json\/wp\/v2\/media?parent=961"}],"wp:term":[{"taxonomy":"category","embeddable":true,"href":"http:\/\/fmriachuelo.it10.com.ar\/index.php\/wp-json\/wp\/v2\/categories?post=961"},{"taxonomy":"post_tag","embeddable":true,"href":"http:\/\/fmriachuelo.it10.com.ar\/index.php\/wp-json\/wp\/v2\/tags?post=961"}],"curies":[{"name":"wp","href":"https:\/\/api.w.org\/{rel}","templated":true}]}}