{"id":960,"date":"2014-11-17T03:10:00","date_gmt":"2014-11-17T03:10:00","guid":{"rendered":"http:\/\/fmriachuelo.observatorioess.org.ar\/index.php\/2014\/11\/17\/la-lucha-de-los-campesinos-en-paraguay\/"},"modified":"2025-03-14T13:39:34","modified_gmt":"2025-03-14T16:39:34","slug":"la-lucha-de-los-campesinos-en-paraguay","status":"publish","type":"post","link":"http:\/\/fmriachuelo.it10.com.ar\/index.php\/2014\/11\/17\/la-lucha-de-los-campesinos-en-paraguay\/","title":{"rendered":"LA LUCHA DE LOS CAMPESINOS EN PARAGUAY"},"content":{"rendered":"<p><\/p>\n<div style=\"margin: 0.1pt 0cm\"><span style=\"font-size: small\"><span style=\"font-family: Verdana,sans-serif\"><span style=\"color: black\">Una protesta silenciada<\/span><\/span><\/span><\/div>\n<div><span style=\"font-size: small\"><span style=\"font-family: Verdana,sans-serif\"><span style=\"font-size: large\"><b><span style=\"color: red\">Campesinos paraguayos cortan una ruta y a\u00edslan el norte del pa\u00eds<\/span><\/b><\/span><span><\/span><\/span><\/span><\/div>\n<p><span style=\"font-size: small\"><span style=\"font-family: Verdana,sans-serif\"><a href=\"http:\/\/4.bp.blogspot.com\/-vxTXHaX67Xk\/VGlmlDaZFCI\/AAAAAAAABYE\/0UgA43styfc\/s1600\/Campesinos-paraguayos-corte-ruta-680x365-620x365.jpg\" style=\"clear: left;float: left;margin-bottom: 1em;margin-right: 1em\"><img loading=\"lazy\" decoding=\"async\" border=\"0\" src=\"http:\/\/4.bp.blogspot.com\/-vxTXHaX67Xk\/VGlmlDaZFCI\/AAAAAAAABYE\/0UgA43styfc\/s1600\/Campesinos-paraguayos-corte-ruta-680x365-620x365.jpg\" height=\"188\" width=\"320\" \/><\/a><b>Desde hace cuatro d\u00edas que unos siete mil campesinos del norte de Paraguay protestan exigiendo una ayuda por parte del gobierno ante las malas cosechas producto de la sequ\u00eda. Temen que bancos y empresas acreedoras quieran apoderarse de sus tierras ante la imposibilidad de pagar sus deudas.<\/b><\/span><\/span><br \/><span style=\"font-size: small\"><span style=\"font-family: Verdana,sans-serif\">El mi\u00e9rcoles 12 de noviembre se interrumpieron las negociaciones entre los campesinos con el ministro de Agricultura, Jorge Gattini, y delegados del Banco Nacional de Fomento y Cr\u00e9dito Agr\u00edcola. Estos \u00faltimos se opusieron a condonar la deuda de las familias campesinas y brindar alg\u00fan tipo de ayuda estatal para afrontar la dif\u00edcil situaci\u00f3n de la cosecha.<br \/>La oferta del ministro hab\u00eda sido simplemente reestructurar la deuda pero no condonarla ya que, seg\u00fan argument\u00f3, de hacerlo deber\u00eda extenderlo a todos los campesinos del pa\u00eds. Los dirigentes campesinos, sin embargo, recordaron que el gobierno acaba de hacerse cargo de deudas de una azucarera privada con sus trabajadores. Igualmente, remarcaron que el Ejecutivo entregar\u00e1 unos 15 millones de d\u00f3lares no reembolsables a empresarios del transporte urbano para la renovaci\u00f3n de su flota \u201csin tener igual generosidad con los campesinos\u201d.<br \/>Frente a la falta de respuesta, los campesinos reforzaron el corte de la importante ruta III en Santa Rosa del Aguaray (a 250 kil\u00f3metros de Asunci\u00f3n) aislando pr\u00e1cticamente el norte del pa\u00eds. Desde entonces se mantienen all\u00ed \u201chasta que se cumplan nuestras demandas\u201d.<br \/>Entre los reclamos de los trabajadores rurales se incluy\u00f3 el pedido de un decreto de subsidio para productores imposibilitados de comercializar sus cosechas, un seguro agr\u00edcola y la creaci\u00f3n de una instituci\u00f3n encargada de ayudar a la agricultura familiar.<br \/>El jueves el ministro Gattini reafirm\u00f3 en declaraciones a la prensa que el gobierno no acceder\u00e1 a las demandas y s\u00f3lo ofreci\u00f3 un refinanciamiento de las deudas adem\u00e1s de acusar a los dirigentes del movimiento a quienes culp\u00f3 del conflicto y asegur\u00f3 que poseen antecedentes judiciales.<br \/>Uno de los l\u00edderes campesinos, en declaraciones a un canal televisivo, neg\u00f3 esa acusaci\u00f3n aunque y asegur\u00f3 que los antecedentes judiciales no impidieron al presidente Horacio Cartes ser electo y asumir su actual cargo.<br \/>Este viernes, por otra parte, se sum\u00f3 a la protesta, aunque con sus propias demandas, la Asociaci\u00f3n de Peque\u00f1os Productores del departamento de Misiones a unos 195 kil\u00f3metros de Asunci\u00f3n pero en el \u00e1rea oriental del pa\u00eds.<br \/>Como medida de protesta est\u00e1n bloqueando, de forma intermitente, la ruta internacional n\u00famero 1 denunciando tambi\u00e9n al ministro Gattini y la administraci\u00f3n paraguaya de la hidroel\u00e9ctrica binacional Yaciret\u00e1.<br \/>El presidente de la Asociaci\u00f3n, Sa\u00fal Rotela, plante\u00f3 que reclaman unos 250 d\u00f3lares de subsidio para 5415 familias como compensaci\u00f3n por las p\u00e9rdidas sufridas debido al desborde de las aguas de la represa durante las ultimas tormentas. Tambi\u00e9n piden la entrega de alimentos y la instalaci\u00f3n de un equipo t\u00e9cnico para la implementaci\u00f3n de programas productivos que permitan la subsistencia de los distintos asentamientos.<br \/>Hasta el momento, tanto en el norte, como en la zona oriental, no se han registrado incidentes y las protestas contin\u00faan.<\/span><\/span><\/p>\n<div style=\"margin: 0.1pt 0cm\"><span style=\"font-size: x-small\"><b><span style=\"color: #3d85c6\"><span style=\"font-family: Verdana\">Fuente: Resumen Latinoamericano<\/span><\/span><\/b><\/span><\/div>\n<div style=\"clear: both;text-align: center\"><a href=\"http:\/\/2.bp.blogspot.com\/-GI2Oni4Trow\/VGloYc3jjzI\/AAAAAAAABYY\/E4Jt1mcuNvY\/s1600\/COOP%2BRIACHIUELO%2BPRODUCCIONES.jpg\" style=\"clear: left;float: left;margin-bottom: 1em;margin-right: 1em\"><img loading=\"lazy\" decoding=\"async\" border=\"0\" src=\"http:\/\/2.bp.blogspot.com\/-GI2Oni4Trow\/VGloYc3jjzI\/AAAAAAAABYY\/E4Jt1mcuNvY\/s1600\/COOP%2BRIACHIUELO%2BPRODUCCIONES.jpg\" height=\"58\" width=\"200\" \/><\/a><\/div>\n","protected":false},"excerpt":{"rendered":"<p>Una protesta silenciada Campesinos paraguayos cortan una ruta y a\u00edslan el norte del pa\u00eds Desde hace cuatro d\u00edas que unos siete mil campesinos del norte de Paraguay protestan exigiendo una ayuda por parte del gobierno ante las malas cosechas producto de la sequ\u00eda. Temen que bancos y empresas acreedoras quieran apoderarse de sus tierras ante [&hellip;]<\/p>\n","protected":false},"author":4,"featured_media":0,"comment_status":"open","ping_status":"open","sticky":false,"template":"","format":"standard","meta":{"_monsterinsights_skip_tracking":false,"_monsterinsights_sitenote_active":false,"_monsterinsights_sitenote_note":"","_monsterinsights_sitenote_category":0,"jnews-multi-image_gallery":[],"jnews_single_post":{"format":"standard"},"jnews_primary_category":[],"_joinchat":[],"footnotes":""},"categories":[58],"tags":[70],"class_list":["post-960","post","type-post","status-publish","format-standard","hentry","category-noticiariachuelo","tag-de-la-patria-grande"],"_links":{"self":[{"href":"http:\/\/fmriachuelo.it10.com.ar\/index.php\/wp-json\/wp\/v2\/posts\/960","targetHints":{"allow":["GET"]}}],"collection":[{"href":"http:\/\/fmriachuelo.it10.com.ar\/index.php\/wp-json\/wp\/v2\/posts"}],"about":[{"href":"http:\/\/fmriachuelo.it10.com.ar\/index.php\/wp-json\/wp\/v2\/types\/post"}],"author":[{"embeddable":true,"href":"http:\/\/fmriachuelo.it10.com.ar\/index.php\/wp-json\/wp\/v2\/users\/4"}],"replies":[{"embeddable":true,"href":"http:\/\/fmriachuelo.it10.com.ar\/index.php\/wp-json\/wp\/v2\/comments?post=960"}],"version-history":[{"count":1,"href":"http:\/\/fmriachuelo.it10.com.ar\/index.php\/wp-json\/wp\/v2\/posts\/960\/revisions"}],"predecessor-version":[{"id":21946,"href":"http:\/\/fmriachuelo.it10.com.ar\/index.php\/wp-json\/wp\/v2\/posts\/960\/revisions\/21946"}],"wp:attachment":[{"href":"http:\/\/fmriachuelo.it10.com.ar\/index.php\/wp-json\/wp\/v2\/media?parent=960"}],"wp:term":[{"taxonomy":"category","embeddable":true,"href":"http:\/\/fmriachuelo.it10.com.ar\/index.php\/wp-json\/wp\/v2\/categories?post=960"},{"taxonomy":"post_tag","embeddable":true,"href":"http:\/\/fmriachuelo.it10.com.ar\/index.php\/wp-json\/wp\/v2\/tags?post=960"}],"curies":[{"name":"wp","href":"https:\/\/api.w.org\/{rel}","templated":true}]}}