{"id":9598,"date":"2019-05-04T23:36:43","date_gmt":"2019-05-04T23:36:43","guid":{"rendered":"http:\/\/fmriachuelo.com.ar\/?p=9598"},"modified":"2019-05-04T23:36:43","modified_gmt":"2019-05-04T23:36:43","slug":"debate-para-la-construccion-de-una-nueva-sociedad","status":"publish","type":"post","link":"http:\/\/fmriachuelo.it10.com.ar\/index.php\/2019\/05\/04\/debate-para-la-construccion-de-una-nueva-sociedad\/","title":{"rendered":"DEBATE PARA LA CONSTRUCCI\u00d3N DE UNA NUEVA SOCIEDAD"},"content":{"rendered":"<p><strong>[04\/05\/2019] El d\u00eda de ayer en el Sal\u00f3n de la FM Riachuelo se realiz\u00f3 una actividad de reflexi\u00f3n y debate pol\u00edtico en la cual se present\u00f3 la pel\u00edcula \u00abPatriavibora mutando piel\u00bb de Jorge \u00abChiqui\u00bb Falcone y el libro \u00abPrisioneros de esta Democracia\u00bb de Roberto Perd\u00eda. Luego de la proyecci\u00f3n de la pel\u00edcula y la presentaci\u00f3n del libro pudimos debatir con los autores junto a compa\u00f1eros de otras organizaciones y medios comunitarios cuales son los desaf\u00edos que nos esperan frente a la crisis del capitalismo. Fue una jornada en que tanto la pel\u00edcula como el libro se tomaron como un disparador para pensar el hacer militante en la construcci\u00f3n de un nuevo mundo posible.<\/strong><\/p>\n<p><img loading=\"lazy\" decoding=\"async\" class=\"aligncenter wp-image-9602 size-full\" src=\"http:\/\/fmriachuelo.com.ar\/wp-content\/uploads\/2019\/05\/WhatsApp-Image-2019-05-04-at-6.13.30-PM-1.jpeg\" alt=\"\" width=\"1280\" height=\"853\" \/><\/p>\n<p>La actividad empez\u00f3 con un c\u00e1lido y emocionante aplauso para uno de los compa\u00f1eros que fue detenido durante la represi\u00f3n del 30 de abril que se produjo a distintas organizaciones populares de argentina cuando lograron evitar que se tome la Embajada de Venezuela, quienes fueron parte de una batalla m\u00e1s en esta guerra que el imperialismo quiere instalar en el territorio de Nuestra Am\u00e9rica. Mart\u00edn Vel\u00e1zquez uno de los dos detenidos que forma parte de \u00a0la Organizaci\u00f3n Social y Pol\u00edtica Los Pibes \u00a0estuvo presente en la actividad y expres\u00f3 agradecimiento y una fuerte convicci\u00f3n de sus ideales ante el efusivo aplauso de los presentes.<\/p>\n<p>\u201c<em><strong>Que estemos nosotros en este momento reunidos intelectual, f\u00edsica y emocionalmente cat\u00e1rticos tratando que esa agenda no nos pase por encima de pensar en largo aliento, es una micro victoria que tenemos que valorar como tal\u201d<\/strong><\/em>, \u00a0de esta manera se refiri\u00f3 Chiqui Falcone a la situaci\u00f3n que atravesaron los militantes de la Organizaci\u00f3n Los Pibes ante las detenciones arbitrarias que sufrieron dos de sus integrantes.<\/p>\n<p><img loading=\"lazy\" decoding=\"async\" class=\"alignnone wp-image-9599 size-full\" src=\"http:\/\/fmriachuelo.com.ar\/wp-content\/uploads\/2019\/05\/59410057_2239647839423752_3804619937901707264_n.jpg\" alt=\"\" width=\"960\" height=\"640\" \/><\/p>\n<p>En el intenso debate que se gener\u00f3 luego de ver el documental <strong>\u201cPatriav\u00edbora mutando piel\u201d<\/strong> hubo \u00a0todo tipo de comentarios: algunos trataban de poder plasmar los conceptos desarrollados en el relato de su trabajo cotidiano en el territorio, otros buscando alg\u00fan tipo de respuestas respecto de c\u00f3mo seguir construyendo poder popular: <em><strong>\u201cla militancia tiene la enorme \u00a0responsabilidad de hacer visible las peque\u00f1as micro victorias cotidianas que a veces pasan desapercibidas\u201d<\/strong> <\/em>expres\u00f3 Falcone.<\/p>\n<p>En una de las intervenciones Roberto Perd\u00eda dijo <strong><em>\u201dEstamos construidos sobre una base falsa, hay un autor que dice que nuestra constituci\u00f3n es hija del genocidio, entonces lo que tenemos que cuestionar es ese origen tambi\u00e9n\u201d.\u00a0<\/em><\/strong>Ante la pregunta de c\u00f3mo hacemos para tener optimismo en un mundo que nos ofrece muerte y hambre Perd\u00eda respondi\u00f3 <strong><em>\u201cCon respecto a la gran mayor\u00eda de la poblaci\u00f3n tenemos la responsabilidad de transmitirle este optimismo \u00a0que sabemos que este sistema no va m\u00e1s y que vamos a discutir nuevas ideas, y esto es profundamente optimista\u201d.<\/em><\/strong><\/p>\n<p>Sin dudas fue una jornada de debate y an\u00e1lisis pol\u00edtico en un contexto marcado por lo electoral y por la profundizaci\u00f3n de un modelo econ\u00f3mico que est\u00e1 llevando a nuestro pueblo a la desesperanza y angustia.\u00a0 Es importante para el Campo Popular y para la comunicaci\u00f3n crear estos espacios de reflexi\u00f3n donde podamos escucharnos, intercambiar ideas y construir un mapa de esos otros mundos posibles. Fue un debate que dej\u00f3 definitivamente un saldo positivo y esperamos sea el comienzo de otras experiencias de ese tipo.<\/p>\n<p><a href=\"https:\/\/www.facebook.com\/media\/set\/?set=ms.c.eJxFkduRAzAIAzu6wTxF~%3B41lDoLyuwOsZKtap1e4VtR78adfkAvsQNoASYJY4Ack2tVgcqDkH1TyaCGlxZUrmKMCHpXVJrXoneDRHks5gWx0WiAyK9kEu8JgEOzE4w2bYH0r9WIA6oDqAmp16zu7aM5EsYvpvIdcF7yxGBjsYYK9s2At9rNYzgSDQecJrU4Ls5kQJdhyduXgkyObObzmRvBfXKeLMkdsUud7~_Fqalth~%3BeUzq2wX1AYx~%3BeP0~-.bps.a.2239646736090529&amp;type=1&amp;__xts__[0]=68.ARAhvQcYcGlMKN_VIIl48z_audiKjawf3tdMVH8bbVYoc9Snn22dcRrMgEFkWW1v9N_ur8VVQAkAie-qBYjYyB6YRyYGjh1o5uHqalQXQCVh8n44mg0KCllhX-Pt-DLTg0lyPN6lVRI6T3zLybJbQjXKtyW63t_vPUnkH_RMDq907nwGGkXZrOkWuPXbyqBE6e8SNB_ByrlPU0JkCEdbbuniFm2CNFV6oDd9yNxaWopyEYOpV_MgweICQfAesdMimDiCigfFAsSSVG7Tb9NVBzl193iFXcfnwzjRi38QUEb5owOan0psY_nzT61_YkcmOs008BhHqjXMqebpYN_s6XYcU2vi05_LEtG-Cs87abKr-_8Fpj1RQ16vOUosoj27NzPZwZtHKKtVM1SXg_gbm1dh-scE2PemKJkYGkPWVUOQ0BdgsJ5M3uFCeU2SNOhi87UKYPidZwCWoTY4yDjO&amp;__tn__=HH-R\"><strong>GALER\u00cdA DE IM\u00c1GENES<\/strong><\/a><\/p>\n","protected":false},"excerpt":{"rendered":"<p>[04\/05\/2019] El d\u00eda de ayer en el Sal\u00f3n de la FM Riachuelo se realiz\u00f3 una actividad de reflexi\u00f3n y debate pol\u00edtico en la cual se present\u00f3 la pel\u00edcula \u00abPatriavibora mutando piel\u00bb de Jorge \u00abChiqui\u00bb Falcone y el libro \u00abPrisioneros de esta Democracia\u00bb de Roberto Perd\u00eda. Luego de la proyecci\u00f3n de la pel\u00edcula y la presentaci\u00f3n [&hellip;]<\/p>\n","protected":false},"author":5,"featured_media":9600,"comment_status":"open","ping_status":"open","sticky":false,"template":"","format":"standard","meta":{"_monsterinsights_skip_tracking":false,"_monsterinsights_sitenote_active":false,"_monsterinsights_sitenote_note":"","_monsterinsights_sitenote_category":0,"jnews-multi-image_gallery":[],"jnews_single_post":[],"jnews_primary_category":[],"_joinchat":[],"footnotes":""},"categories":[80,76],"tags":[],"class_list":["post-9598","post","type-post","status-publish","format-standard","has-post-thumbnail","hentry","category-educacion","category-salud-comunitaria"],"_links":{"self":[{"href":"http:\/\/fmriachuelo.it10.com.ar\/index.php\/wp-json\/wp\/v2\/posts\/9598","targetHints":{"allow":["GET"]}}],"collection":[{"href":"http:\/\/fmriachuelo.it10.com.ar\/index.php\/wp-json\/wp\/v2\/posts"}],"about":[{"href":"http:\/\/fmriachuelo.it10.com.ar\/index.php\/wp-json\/wp\/v2\/types\/post"}],"author":[{"embeddable":true,"href":"http:\/\/fmriachuelo.it10.com.ar\/index.php\/wp-json\/wp\/v2\/users\/5"}],"replies":[{"embeddable":true,"href":"http:\/\/fmriachuelo.it10.com.ar\/index.php\/wp-json\/wp\/v2\/comments?post=9598"}],"version-history":[{"count":0,"href":"http:\/\/fmriachuelo.it10.com.ar\/index.php\/wp-json\/wp\/v2\/posts\/9598\/revisions"}],"wp:featuredmedia":[{"embeddable":true,"href":"http:\/\/fmriachuelo.it10.com.ar\/index.php\/wp-json\/"}],"wp:attachment":[{"href":"http:\/\/fmriachuelo.it10.com.ar\/index.php\/wp-json\/wp\/v2\/media?parent=9598"}],"wp:term":[{"taxonomy":"category","embeddable":true,"href":"http:\/\/fmriachuelo.it10.com.ar\/index.php\/wp-json\/wp\/v2\/categories?post=9598"},{"taxonomy":"post_tag","embeddable":true,"href":"http:\/\/fmriachuelo.it10.com.ar\/index.php\/wp-json\/wp\/v2\/tags?post=9598"}],"curies":[{"name":"wp","href":"https:\/\/api.w.org\/{rel}","templated":true}]}}