{"id":9593,"date":"2019-05-03T21:13:10","date_gmt":"2019-05-03T21:13:10","guid":{"rendered":"http:\/\/fmriachuelo.com.ar\/?p=9593"},"modified":"2019-05-03T21:13:10","modified_gmt":"2019-05-03T21:13:10","slug":"por-la-defensa-de-la-soberania-de-nuestramerica","status":"publish","type":"post","link":"http:\/\/fmriachuelo.it10.com.ar\/index.php\/2019\/05\/03\/por-la-defensa-de-la-soberania-de-nuestramerica\/","title":{"rendered":"POR LA DEFENSA DE LA SOBERAN\u00cdA DE NUESTRAM\u00c9RICA"},"content":{"rendered":"<p><strong>[03\/05\/2019] La regi\u00f3n Nuestramericana est\u00e1 siendo escenario de un conflicto geopol\u00edtico mundial donde el imperialismo busca quedarse con nuestros recursos que resultan estrat\u00e9gicos. Venezuela es el pa\u00eds m\u00e1s afectado por ello y desde principios de a\u00f1o ha podido sortear muchos intentos de golpe de estado comandados por Estados Unidos para poder amedrentar al Pueblo y tomar el control. Distintas acciones fueron parte de esos embates, entre ellas la del pasado 30 de abril en el que se intent\u00f3 la toma del cuartel La Carlota. Paralelamente y como parte de un plan estrat\u00e9gico orquestado por el poder se intent\u00f3 la toma de la embajada de Venezuela en Argentina por parte de la derecha. Las organizaciones populares lograron evitarlo, pero como saldo del conflicto hubo 5 detenidos, uno de ellos hospitalizado.<\/strong><\/p>\n<p>En Rompe El Cerco Informativo dialogamos con 2 de esos compa\u00f1eros detenidos: Mart\u00edn Vel\u00e1squez y Luciano \u00c1lvarez, militantes de la Organizaci\u00f3n Social y Pol\u00edtica Los Pibes que describieron c\u00f3mo vivieron ese hecho. \u00a0Mart\u00edn nos contaba que se dieron cuenta de que se trataba de una operaci\u00f3n pol\u00edtica: \u201cDe ser unas pocas personas escu\u00e1lidas reclamando en contra de Maduro, en pocos minutos pas\u00f3 a ser un mal\u00f3n de gente que intentaba sacarnos del lugar.\u201d<\/p>\n<p>Desde una visi\u00f3n distinta \u00a0a la que mostraron los medios de comunicaci\u00f3n hegem\u00f3nicos, nos dijo: \u201chab\u00eda una l\u00ednea de contenci\u00f3n de infanter\u00eda que divid\u00eda a las organizaciones populares de los manifestantes de derecha (&#8230;) En un momento un chico, que llevaba la caja de Globo fue enviado espec\u00edficamente para provocar a las organizaciones sociales, las cuales le abrieron el paso, hasta que lleg\u00f3 a provocar f\u00edsicamente a los compa\u00f1eros en uno de los rincones. Nos defendimos, y eso fue el puntapi\u00e9 para que iniciara la represi\u00f3n. Raz\u00f3n por la cual empezamos a replegar para irnos del lugar tranquilos, porque nuestro objetivo estaba cumplido: no hab\u00edan entrado a la embajada\u201d.<\/p>\n<p>Esto que comenta el entrevistado fue la primer parte del conflicto, el cual se termin\u00f3 de desarrollar al momento en que los sectores populares se retiraban de la escena:<\/p>\n<p>\u201cCuando ya nos est\u00e1bamos yendo, aprovecharon el momento para inventar un hecho conflictivo, que consisti\u00f3 en un muchacho \u00a0que fue a provocar a los compa\u00f1eros. Entonces la polic\u00eda nuevamente empieza a reprimir s\u00f3lo a las organizaciones. Avanzando con golpes, con gases lacrim\u00f3genos y con balas de goma, aunque no hab\u00eda una agresi\u00f3n hacia ellos. Nosotros ya nos est\u00e1bamos yendo, es como dispararle a alguien por la espalda. Una cobard\u00eda total.\u201d<\/p>\n<p>Por otro lado, Luciano haciendo un an\u00e1lisis un poco m\u00e1s contextual de lo sucedido en la embajada dijo: \u201cPodemos decir que estamos en medio de una intentona de echar por tierra un proceso popular y pol\u00edtico que \u00a0se viene dando ya hace m\u00e1s de 20 a\u00f1os en Venezuela.(&#8230;) en este \u00faltimo a\u00f1o se viene detectando esta intenci\u00f3n a trav\u00e9s de diferentes formas de golpe de Estado para cambiar el gobierno. Con una primera vuelta proclamando como presidente leg\u00edtimo a Guaid\u00f3, hasta la \u00faltima que fue la toma del aeropuerto de ante ayer (30 de abril) y la liberaci\u00f3n del golpista Leopoldo L\u00f3pez de su prisi\u00f3n domiciliaria. Paralelamente el intento de toma de las embajadas de los pa\u00edses que pol\u00edticamente se encuentran opuestos a Maduro.\u201d<\/p>\n<p><span style=\"font-weight: 400\">Frente a este tipo de operaciones, claramente armadas por la derecha, los medios comunitarios tenemos la responsabilidad de desarrollar estrategias para construir pensamiento cr\u00edtico, m\u00e1s all\u00e1 de la intencional desinformaci\u00f3n por parte de los medios de comunicaci\u00f3n masivos. Venezuela no es m\u00e1s que la punta de lanza de la guerra del imperialismo yanki con nuestra regi\u00f3n, y la embajada venezolana en \u00a0nuestro pa\u00eds, en un d\u00eda de paro activo nacional es el campo de batalla ideal para este tipo de acciones golpistas. A pesar de la represi\u00f3n y los compa\u00f1eros detenidos, fueron las organizaciones las que lograron impedir una avanzada m\u00e1s de la derecha en nuestra soberan\u00eda. Fue la solidaridad de nuestro pueblo la que fortaleci\u00f3 la unidad en un momento tan duro y complejo.<\/span><\/p>\n","protected":false},"excerpt":{"rendered":"<p>[03\/05\/2019] La regi\u00f3n Nuestramericana est\u00e1 siendo escenario de un conflicto geopol\u00edtico mundial donde el imperialismo busca quedarse con nuestros recursos que resultan estrat\u00e9gicos. Venezuela es el pa\u00eds m\u00e1s afectado por ello y desde principios de a\u00f1o ha podido sortear muchos intentos de golpe de estado comandados por Estados Unidos para poder amedrentar al Pueblo y [&hellip;]<\/p>\n","protected":false},"author":5,"featured_media":9595,"comment_status":"open","ping_status":"open","sticky":false,"template":"","format":"standard","meta":{"_monsterinsights_skip_tracking":false,"_monsterinsights_sitenote_active":false,"_monsterinsights_sitenote_note":"","_monsterinsights_sitenote_category":0,"jnews-multi-image_gallery":[],"jnews_single_post":[],"jnews_primary_category":[],"_joinchat":[],"footnotes":""},"categories":[76],"tags":[],"class_list":["post-9593","post","type-post","status-publish","format-standard","has-post-thumbnail","hentry","category-salud-comunitaria"],"_links":{"self":[{"href":"http:\/\/fmriachuelo.it10.com.ar\/index.php\/wp-json\/wp\/v2\/posts\/9593","targetHints":{"allow":["GET"]}}],"collection":[{"href":"http:\/\/fmriachuelo.it10.com.ar\/index.php\/wp-json\/wp\/v2\/posts"}],"about":[{"href":"http:\/\/fmriachuelo.it10.com.ar\/index.php\/wp-json\/wp\/v2\/types\/post"}],"author":[{"embeddable":true,"href":"http:\/\/fmriachuelo.it10.com.ar\/index.php\/wp-json\/wp\/v2\/users\/5"}],"replies":[{"embeddable":true,"href":"http:\/\/fmriachuelo.it10.com.ar\/index.php\/wp-json\/wp\/v2\/comments?post=9593"}],"version-history":[{"count":0,"href":"http:\/\/fmriachuelo.it10.com.ar\/index.php\/wp-json\/wp\/v2\/posts\/9593\/revisions"}],"wp:featuredmedia":[{"embeddable":true,"href":"http:\/\/fmriachuelo.it10.com.ar\/index.php\/wp-json\/"}],"wp:attachment":[{"href":"http:\/\/fmriachuelo.it10.com.ar\/index.php\/wp-json\/wp\/v2\/media?parent=9593"}],"wp:term":[{"taxonomy":"category","embeddable":true,"href":"http:\/\/fmriachuelo.it10.com.ar\/index.php\/wp-json\/wp\/v2\/categories?post=9593"},{"taxonomy":"post_tag","embeddable":true,"href":"http:\/\/fmriachuelo.it10.com.ar\/index.php\/wp-json\/wp\/v2\/tags?post=9593"}],"curies":[{"name":"wp","href":"https:\/\/api.w.org\/{rel}","templated":true}]}}