{"id":957,"date":"2014-11-19T01:42:00","date_gmt":"2014-11-19T01:42:00","guid":{"rendered":"http:\/\/fmriachuelo.observatorioess.org.ar\/index.php\/2014\/11\/19\/peligra-el-proceso-de-paz-de-la-habana\/"},"modified":"2025-03-14T13:44:36","modified_gmt":"2025-03-14T16:44:36","slug":"peligra-el-proceso-de-paz-de-la-habana","status":"publish","type":"post","link":"http:\/\/fmriachuelo.it10.com.ar\/index.php\/2014\/11\/19\/peligra-el-proceso-de-paz-de-la-habana\/","title":{"rendered":"PELIGRA EL PROCESO DE PAZ DE LA HABANA"},"content":{"rendered":"<p><\/p>\n<div style=\"margin-bottom: .1pt;margin-left: 0cm;margin-right: 0cm;margin-top: .1pt\"><span style=\"font-family: Verdana,sans-serif\"><b><span style=\"color: red;font-size: large\">COLOMBIA<\/span><\/b><span style=\"color: red\"><span style=\"font-size: large\"><span><span style=\"font-size: large\">: <\/span><b>ACTUALIZAMOS <\/b><\/span><\/span><\/span><\/span><\/p>\n<div style=\"clear: both;text-align: center\"><span style=\"font-family: Verdana,sans-serif\"><a href=\"http:\/\/2.bp.blogspot.com\/-2LTohTp_NQw\/VGtjVR1ArgI\/AAAAAAAABaM\/-bZ74QXFbVg\/s1600\/farc-12345_jpg_1718483346.jpg\" style=\"clear: left;float: left;margin-bottom: 1em;margin-right: 1em\"><img loading=\"lazy\" decoding=\"async\" border=\"0\" src=\"http:\/\/2.bp.blogspot.com\/-2LTohTp_NQw\/VGtjVR1ArgI\/AAAAAAAABaM\/-bZ74QXFbVg\/s1600\/farc-12345_jpg_1718483346.jpg\" height=\"181\" width=\"320\" \/><\/a><\/span><\/div>\n<p><span style=\"font-family: Verdana,sans-serif\"><b><span style=\"font-size: small\">[FMR Lunes 18<span style=\"font-size: small\">\/1<span style=\"font-size: small\">1\/14<span style=\"font-size: small\">] <\/span><\/span><\/span><\/span>Desde La Habana (Cuba), el vocero del grupo insurgente, Pastor Alape ley\u00f3 un comunicado en el que se expresa: \u201cdebemos comprometernos a cumplir con los di\u00e1logos ya establecidos para que el proceso avance\u201d.<\/b><\/span><br \/><span style=\"font-family: Verdana,sans-serif\">Las Fuerzas Armadas Revolucionarias de Colombia \u2013 Ej\u00e9rcito del Pueblo (FARC-EP) ratificaron este martes su voluntad de continuar con los Di\u00e1logos de Paz iniciados en octubre de 2012, tras la suspensi\u00f3n temporal anunciada por el presidente Juan Manuel Santos.<br \/>En el texto, las FARC afirman que \u201cse sintieron sorprendidas con la suspensi\u00f3n temporal de las conversaciones\u201d sobre todo porque \u201ccuando se establecieron, uno de los acuerdos era que el escenario de Colombia non interferir\u00eda en las mesas de negociaci\u00f3n\u201d.&nbsp; <br \/>\u201cVamos a hacer todos los esfuerzos para hacer que el proceso avance hasta el final (&#8230;) Lo que pasa en Colombia tiene que resolverse en Colombia\u201d, afirm\u00f3 Alape.<br \/>Este es el primer pronunciamiento de la FARC sobre la suspensi\u00f3n temporal de los Di\u00e1logos de Paz que se llevaban a cabo desde el 2012 en la capital cubana con el Gobierno colombiano.<\/span><br \/><b><span style=\"color: red;font-family: Verdana;font-size: large\"><\/span><\/b><br \/><span style=\"color: red\"><span style=\"font-size: large\"><span style=\"font-family: Verdana,sans-serif\"><b><span>el pResidente&nbsp;Santos ordena suspender los Di\u00e1logos de Paz con las Farc<\/span><\/b><\/span><\/span><\/span><\/p>\n<div style=\"clear: both;text-align: center\"><a href=\"http:\/\/1.bp.blogspot.com\/-nq9wIRSWgVU\/VGtjyty1WWI\/AAAAAAAABaU\/9etaLHjfjSo\/s1600\/cuba_jpg_2090796243.jpg\" style=\"clear: left;float: left;margin-bottom: 1em;margin-right: 1em\"><img decoding=\"async\" border=\"0\" src=\"http:\/\/1.bp.blogspot.com\/-nq9wIRSWgVU\/VGtjyty1WWI\/AAAAAAAABaU\/9etaLHjfjSo\/s1600\/cuba_jpg_2090796243.jpg\" \/><\/a><\/div>\n<\/div>\n<p><span style=\"font-family: Verdana, sans-serif\"><b><\/b><\/span> <br \/><span style=\"font-size: small\"><span style=\"font-family: Verdana,sans-serif\"><b>[FMR Lunes 17<span style=\"font-size: small\">\/1<span style=\"font-size: small\">1\/14<span style=\"font-size: small\">] <\/span><\/span><\/span>Luego de una reuni\u00f3n con la c\u00fapula militar, el presidente de la Rep\u00fablica, Juan Manuel Santos, anunci\u00f3 que se suspenden las negociaciones de La Habana, hasta tanto no se aclare y se libere al general Rub\u00e9n Dar\u00edo Alzate, un suboficial y una civil que fueron secuestrados por el frente 34 de las FARC en el caser\u00edo La Mercedes, en el departamento del Choc\u00f3.<\/b><br \/>Santos expres\u00f3: \u201cSe suspende esta negociaci\u00f3n hasta tanto no se aclare y se liberen estas personas, de manera que ma\u00f1ana no viajan los negociadores a La Habana\u201d<span style=\"font-size: small\">.<\/span><\/span><\/span><br \/><a name='more'><\/a><span style=\"font-size: small\"><span style=\"font-family: Verdana,sans-serif\">El presidente Santos confirm\u00f3 que de acuerdo con las investigaciones las Farc fueron las responsables de este secuestro. \u201cUn secuestro totalmente inaceptable ya tenemos informaci\u00f3n que nos da certeza de que fueron las Farc por eso responsabilizamos a las Farc de la vida de estos colombianos\u201d, dijo.<br \/>Finalmente, fuentes del Ministerio de la Defensa aclararon a Caracol Radio que al suspender el ciclo se est\u00e1 suspendiendo la negociaci\u00f3n.<\/span><\/span><br \/><span style=\"font-size: small\"><span style=\"font-family: Verdana,sans-serif\">El general Rub\u00e9n Dar\u00edo Alzate quien actualmente se desempe\u00f1a como comandante de la Fuerza de Tarea Tit\u00e1n del Ej\u00e9rcito en el departamento del Choc\u00f3 -la cual fue activada en enero pasado con participaci\u00f3n del presidente Juan Manuel Santos y el ministro de Defensa, Juan Carlos Pinz\u00f3n (foto)- es el oficial de m\u00e1s alto rango secuestrado por las Farc, pues el general de la Polic\u00eda Luis Herlindo Mendieta, que fue hecho cautivo por esa guerrilla en 1998 y liberado doce a\u00f1os m\u00e1s tarde, era entonces coronel y fue ascendido a general durante su secuestro.<br \/>Entre las funciones principales de la Fuerza de Tarea Tit\u00e1n est\u00e1n combatir la inseguridad y la ilegalidad en 22 municipios del Choc\u00f3 y en dos poblaciones del departamento de Antioquia, as\u00ed como efectuar operaciones contra el avance de la guerrilla y las bandas criminales.<br \/>Queda el interrogante&nbsp;\u00bfa quien beneficia la suspensi\u00f3n de las negociaciones de paz? \u00bfQu\u00e9 intereses se ven beneficiados?<\/span><\/span><br \/><span style=\"font-family: Verdana, sans-serif\"><span style=\"color: #3d85c6\"><b><span style=\"font-size: x-small\"><span style=\"font-family: Verdana,sans-serif\">FUENTE: NODAL<\/span><\/span><\/b><\/span> <\/span><\/p>\n<div style=\"clear: both;text-align: center\"><a href=\"http:\/\/1.bp.blogspot.com\/-pvNToGdy368\/VGqjDg3i38I\/AAAAAAAABZU\/1zg_MqBzHJk\/s1600\/COOP%2BRIACHIUELO%2BPRODUCCIONES.jpg\" style=\"clear: left;float: left;margin-bottom: 1em;margin-right: 1em\"><img loading=\"lazy\" decoding=\"async\" border=\"0\" src=\"http:\/\/1.bp.blogspot.com\/-pvNToGdy368\/VGqjDg3i38I\/AAAAAAAABZU\/1zg_MqBzHJk\/s1600\/COOP%2BRIACHIUELO%2BPRODUCCIONES.jpg\" height=\"58\" width=\"200\" \/><\/a><\/div>\n","protected":false},"excerpt":{"rendered":"<p>COLOMBIA: ACTUALIZAMOS [FMR Lunes 18\/11\/14] Desde La Habana (Cuba), el vocero del grupo insurgente, Pastor Alape ley\u00f3 un comunicado en el que se expresa: \u201cdebemos comprometernos a cumplir con los di\u00e1logos ya establecidos para que el proceso avance\u201d.Las Fuerzas Armadas Revolucionarias de Colombia \u2013 Ej\u00e9rcito del Pueblo (FARC-EP) ratificaron este martes su voluntad de continuar [&hellip;]<\/p>\n","protected":false},"author":4,"featured_media":0,"comment_status":"open","ping_status":"open","sticky":false,"template":"","format":"standard","meta":{"_monsterinsights_skip_tracking":false,"_monsterinsights_sitenote_active":false,"_monsterinsights_sitenote_note":"","_monsterinsights_sitenote_category":0,"jnews-multi-image_gallery":[],"jnews_single_post":{"format":"standard"},"jnews_primary_category":[],"_joinchat":[],"footnotes":""},"categories":[58],"tags":[70],"class_list":["post-957","post","type-post","status-publish","format-standard","hentry","category-noticiariachuelo","tag-de-la-patria-grande"],"_links":{"self":[{"href":"http:\/\/fmriachuelo.it10.com.ar\/index.php\/wp-json\/wp\/v2\/posts\/957","targetHints":{"allow":["GET"]}}],"collection":[{"href":"http:\/\/fmriachuelo.it10.com.ar\/index.php\/wp-json\/wp\/v2\/posts"}],"about":[{"href":"http:\/\/fmriachuelo.it10.com.ar\/index.php\/wp-json\/wp\/v2\/types\/post"}],"author":[{"embeddable":true,"href":"http:\/\/fmriachuelo.it10.com.ar\/index.php\/wp-json\/wp\/v2\/users\/4"}],"replies":[{"embeddable":true,"href":"http:\/\/fmriachuelo.it10.com.ar\/index.php\/wp-json\/wp\/v2\/comments?post=957"}],"version-history":[{"count":1,"href":"http:\/\/fmriachuelo.it10.com.ar\/index.php\/wp-json\/wp\/v2\/posts\/957\/revisions"}],"predecessor-version":[{"id":21949,"href":"http:\/\/fmriachuelo.it10.com.ar\/index.php\/wp-json\/wp\/v2\/posts\/957\/revisions\/21949"}],"wp:attachment":[{"href":"http:\/\/fmriachuelo.it10.com.ar\/index.php\/wp-json\/wp\/v2\/media?parent=957"}],"wp:term":[{"taxonomy":"category","embeddable":true,"href":"http:\/\/fmriachuelo.it10.com.ar\/index.php\/wp-json\/wp\/v2\/categories?post=957"},{"taxonomy":"post_tag","embeddable":true,"href":"http:\/\/fmriachuelo.it10.com.ar\/index.php\/wp-json\/wp\/v2\/tags?post=957"}],"curies":[{"name":"wp","href":"https:\/\/api.w.org\/{rel}","templated":true}]}}