{"id":9564,"date":"2019-04-30T18:39:37","date_gmt":"2019-04-30T18:39:37","guid":{"rendered":"http:\/\/fmriachuelo.com.ar\/?p=9564"},"modified":"2019-04-30T18:39:37","modified_gmt":"2019-04-30T18:39:37","slug":"30a-paro-activo-jornada-de-lucha-en-todo-el-pais","status":"publish","type":"post","link":"http:\/\/fmriachuelo.it10.com.ar\/index.php\/2019\/04\/30\/30a-paro-activo-jornada-de-lucha-en-todo-el-pais\/","title":{"rendered":"30A PARO ACTIVO DESDE LOS BARRIOS EN TODO EL PAIS: LUCHE Y SE VAN"},"content":{"rendered":"<p><strong>[FM Riachuelo y Corresponsales Populares, 30\/04\/2019]\u00a0Las pol\u00edticas de hambre y ajuste de este gobierno han llevado al pueblo a a tener que resistirlas y tambi\u00e9n a consolidar su organizaci\u00f3n. Por eso hoy ha sido, a lo largo del pa\u00eds, una gran jornada de lucha. la FM Riachuelo, a trav\u00e9s de sus corresponsales populares, ha podido recuperar los testimonios y acciones de las distintas Organizaciones Sociales.<\/strong><\/p>\n<p>En el barrio de la Boca la Organizaci\u00f3n Social y Pol\u00edtica Los Pibes, Madres en Lucha, Cooperativa de Recicladores y Cartoneros, Movimiento Popular La Dignidad, Frente Popular Dar\u00edo Santill\u00e1n, Comedor San Jorge, los trabajadores de Vialidad Nacional y vecinxs expresaron su bronca cortando la bajada del puente Nicol\u00e1s Avellaneda en donde compartieron un desayuno popular radio abierta.<\/p>\n<p>En Entre R\u00edos se han realizado dos tipos de actividades. Una ha tenido lugar en el Barrio Papa Francisco en la ciudad de La Paz, donde el Frente Barrial Pocho Lepratti organiz\u00f3 una olla popular consolidando su pedido de que se declare la emergencia alimentaria. Silvina Ram\u00edrez, referente del barrio, donde lleva adelante un merendero, explic\u00f3 c\u00f3mo se organizan para sostener el territorio a pesar de la crisis, buscando mejorar el h\u00e1bitat y vali\u00e9ndose de los recursos que tienen a su alrededor, tejiendo redes con organizaciones de otros barrios de la zona.<\/p>\n<p><img loading=\"lazy\" decoding=\"async\" class=\"alignnone wp-image-9565\" src=\"http:\/\/fmriachuelo.com.ar\/wp-content\/uploads\/2019\/04\/WhatsApp-Image-2019-04-30-at-12.46.37-1.jpeg\" alt=\"\" width=\"458\" height=\"344\" \/><\/p>\n<p>Tambi\u00e9n en Entre R\u00edos, pero en la ciudad de Concordia, el Merendero Los Hermanos, se realiz\u00f3 una olla popular para compartir entre lxs vecinxs de la zona al tiempo de pensar juntos estrategias de organizaci\u00f3n y lucha para salir adelante en esta crisis. Desde all\u00ed, les compa\u00f1eres se propusieron que este paro sea una jornada activa de lucha.<\/p>\n<p><img loading=\"lazy\" decoding=\"async\" class=\"alignnone size-full wp-image-9583\" src=\"http:\/\/fmriachuelo.com.ar\/wp-content\/uploads\/2019\/04\/IMG-20190430-WA0149.jpg\" alt=\"\" width=\"1280\" height=\"720\" \/><\/p>\n<p>Por otro lado, en Avellaneda, la Mesa de Organizaciones Sociales tambi\u00e9n llev\u00f3 adelante un paro activo. Comenz\u00f3 el d\u00eda con un corte de la subida del Puente Nicol\u00e1s Avellaneda, donde se realizaron distintas actividades: desde una asamblea con les vecines, hasta un taller de lectura para les ni\u00f1es. Mas all\u00e1 de la presencia policial se logr\u00f3 sacar a la calle el tipo de experiencias que las organizaciones realizan todos los d\u00edas en sus territorios. Les corresponsales de all\u00ed nos acercaron distintos testimonios, como el de Luciano \u00c1lvarez, coordinador de la Casa Popular El Fog\u00f3n, quien dijo: \u00ab<strong>Nos felicito a todas las organizaciones sindicales y sociales de Avellaneda que estamos sosteniendo esta medida de fuerza en unidad y en la calle\u201d<\/strong>. Por otro lado Barja, Secretario General de la SUTAP-CTA de los Trabajadores agreg\u00f3: <strong>\u00abparalelamente subrayo la unidad en la diversidad que debemos sostener frente a un gobierno que cierra f\u00e1bricas todos los d\u00edas\u00bb<\/strong><\/p>\n<p><img loading=\"lazy\" decoding=\"async\" class=\"alignnone wp-image-9566\" src=\"http:\/\/fmriachuelo.com.ar\/wp-content\/uploads\/2019\/04\/WhatsApp-Image-2019-04-30-at-11.50.51.jpeg\" alt=\"\" width=\"496\" height=\"372\" \/><\/p>\n<p>En cuanto a la situaci\u00f3n cr\u00edtica de los barrios m\u00e1s humildes, \u00a0Juana de la CCC hizo fuerte hincapi\u00e9 en el hambre que somete a nuestros barrios y lastima a nuestres pibes. En sinton\u00eda con esto, \u00a0Mario Barrios de la UST CTA Aut\u00f3noma, que tambi\u00e9n se hizo presente en Avellaneda, se pregunt\u00f3 <strong>\u00ab\u00bfqu\u00e9 pretenden? \u00bfque nos dejemos morir en nuestras casas, que no salgamos a pelear por nuestros hijos?\u00bb<\/strong>.<\/p>\n<p>Mientras tanto en Tigre, la Comunidad Pacheco tuvo su propia actividad. All\u00ed sali\u00f3 a recorrer el barrio acerc\u00e1ndose a les vecines para conocer las distintas problem\u00e1ticas y pensar en estrategias para salir adelante. La pregunta que gui\u00f3 esta discusi\u00f3n fue \u00bfpor que se tiene que ir este gobierno?. Esta pr\u00e1ctica de ejercitar el pensamiento cr\u00edtico de manera colectiva es algo que esta organizaci\u00f3n viene proponiendo mediante diversas actividades. Una de las respuestas que recibieron a esa consigna fue: \u00ab<strong>se tiene que ir porque no podemos aguantar semejante nivel de inflaci\u00f3n. Apenas el sueldo alcanza para cubrir las necesidades b\u00e1sicas, si es que alcanza\u00bb,<\/strong> esto lo dijo una comerciante de Troncos del Talar.<\/p>\n<p><img loading=\"lazy\" decoding=\"async\" class=\"alignnone  wp-image-9585\" src=\"http:\/\/fmriachuelo.com.ar\/wp-content\/uploads\/2019\/04\/WhatsApp-Image-2019-04-30-at-18.23.30.jpeg\" alt=\"\" width=\"483\" height=\"363\" \/><\/p>\n<p>De todas estas experiencias queda claro que, como expreso en su momento Lito Borello, este no fue un paro dominguero, por el contrario fue una jornada activa de lucha y multitudinaria participaci\u00f3n en los territorios. Cada uno con su propuesta y desde las distintas Organizaciones Sociales que los habitan, ning\u00fan barrio del pa\u00eds quedo fuera de esta jornada.<\/p>\n","protected":false},"excerpt":{"rendered":"<p>[FM Riachuelo y Corresponsales Populares, 30\/04\/2019]\u00a0Las pol\u00edticas de hambre y ajuste de este gobierno han llevado al pueblo a a tener que resistirlas y tambi\u00e9n a consolidar su organizaci\u00f3n. Por eso hoy ha sido, a lo largo del pa\u00eds, una gran jornada de lucha. la FM Riachuelo, a trav\u00e9s de sus corresponsales populares, ha podido [&hellip;]<\/p>\n","protected":false},"author":5,"featured_media":9569,"comment_status":"open","ping_status":"open","sticky":false,"template":"","format":"standard","meta":{"_monsterinsights_skip_tracking":false,"_monsterinsights_sitenote_active":false,"_monsterinsights_sitenote_note":"","_monsterinsights_sitenote_category":0,"jnews-multi-image_gallery":[],"jnews_single_post":[],"jnews_primary_category":[],"_joinchat":[],"footnotes":""},"categories":[76,75],"tags":[],"class_list":["post-9564","post","type-post","status-publish","format-standard","has-post-thumbnail","hentry","category-salud-comunitaria","category-trabajo"],"_links":{"self":[{"href":"http:\/\/fmriachuelo.it10.com.ar\/index.php\/wp-json\/wp\/v2\/posts\/9564","targetHints":{"allow":["GET"]}}],"collection":[{"href":"http:\/\/fmriachuelo.it10.com.ar\/index.php\/wp-json\/wp\/v2\/posts"}],"about":[{"href":"http:\/\/fmriachuelo.it10.com.ar\/index.php\/wp-json\/wp\/v2\/types\/post"}],"author":[{"embeddable":true,"href":"http:\/\/fmriachuelo.it10.com.ar\/index.php\/wp-json\/wp\/v2\/users\/5"}],"replies":[{"embeddable":true,"href":"http:\/\/fmriachuelo.it10.com.ar\/index.php\/wp-json\/wp\/v2\/comments?post=9564"}],"version-history":[{"count":0,"href":"http:\/\/fmriachuelo.it10.com.ar\/index.php\/wp-json\/wp\/v2\/posts\/9564\/revisions"}],"wp:featuredmedia":[{"embeddable":true,"href":"http:\/\/fmriachuelo.it10.com.ar\/index.php\/wp-json\/"}],"wp:attachment":[{"href":"http:\/\/fmriachuelo.it10.com.ar\/index.php\/wp-json\/wp\/v2\/media?parent=9564"}],"wp:term":[{"taxonomy":"category","embeddable":true,"href":"http:\/\/fmriachuelo.it10.com.ar\/index.php\/wp-json\/wp\/v2\/categories?post=9564"},{"taxonomy":"post_tag","embeddable":true,"href":"http:\/\/fmriachuelo.it10.com.ar\/index.php\/wp-json\/wp\/v2\/tags?post=9564"}],"curies":[{"name":"wp","href":"https:\/\/api.w.org\/{rel}","templated":true}]}}