{"id":956,"date":"2014-11-19T13:16:00","date_gmt":"2014-11-19T13:16:00","guid":{"rendered":"http:\/\/fmriachuelo.observatorioess.org.ar\/index.php\/2014\/11\/19\/reconocimiento-al-estado-palestino\/"},"modified":"2025-03-14T13:46:50","modified_gmt":"2025-03-14T16:46:50","slug":"reconocimiento-al-estado-palestino","status":"publish","type":"post","link":"http:\/\/fmriachuelo.it10.com.ar\/index.php\/2014\/11\/19\/reconocimiento-al-estado-palestino\/","title":{"rendered":"RECONOCIMIENTO AL ESTADO PALESTINO"},"content":{"rendered":"<div style=\"clear: both;text-align: left\"><span style=\"font-family: Verdana,sans-serif\">UN PASO PARA PROMOVER LA PAZ<\/span><\/div>\n<p><span style=\"font-family: Verdana,sans-serif\"><span style=\"color: red;font-size: large\"><b>ESPA\u00d1A: EL CONGRESO RECONOCE A PALESTINA COMO ESTADO<\/b><\/span>&nbsp; <\/span><\/p>\n<div style=\"clear: both;text-align: center\"><span style=\"font-family: Verdana,sans-serif\"><a href=\"http:\/\/1.bp.blogspot.com\/-pro236IcnRE\/VGyXwrXGXJI\/AAAAAAAABc4\/CGhse9YrYlA\/s1600\/votacionespana90s_jpg_1718483346.jpg\" style=\"clear: left;float: left;margin-bottom: 1em;margin-right: 1em\"><img loading=\"lazy\" decoding=\"async\" border=\"0\" src=\"http:\/\/1.bp.blogspot.com\/-pro236IcnRE\/VGyXwrXGXJI\/AAAAAAAABc4\/CGhse9YrYlA\/s1600\/votacionespana90s_jpg_1718483346.jpg\" height=\"181\" width=\"320\" \/><\/a><\/span><\/div>\n<p><span style=\"font-family: Verdana,sans-serif\">Con 319 votos a favor, dos en contra y una abstenci\u00f3n, el Congreso espa\u00f1ol reconoci\u00f3 a Palestina como Estado independiente, tras un extenso debate que se llev\u00f3 a cabo durante la tarde de este martes.<br \/>El texto acordado en el Parlamento insta al Gobierno espa\u00f1ol a reconocer a Palestina como Estado independiente. El m\u00e1ximo ente legislativo de Espa\u00f1a es el tercero de Europa en fijar posici\u00f3n a favor de Palestina en las \u00faltimas semana, le preceden los parlamentos de Reino Unido e Irlanda.<\/span><br \/><a name='more'><\/a><span style=\"font-family: Verdana,sans-serif\">Asimismo, buscan sumarse a Suecia, pa\u00eds que recientemente aprob\u00f3 el reconocimiento como Estado de Palestina, naci\u00f3n azotada por la barbarie israel\u00ed.<br \/>Pese a que las votaciones no son vinculantes, representan un peso pol\u00edtico para el Gobierno espa\u00f1ol y el clamor mundial para que Palestina sea reconocida como naci\u00f3n independiente.<br \/>La diputada por el Partido Socialista Obrero Espa\u00f1ol (PSOE), Trinidad Jim\u00e9nez, asegur\u00f3 que el reconocimiento de Palestina como Estado independiente es un paso importante para promover la paz. A partir de esa premisa, buscan promover el di\u00e1logo entre Palestina e Israel.<\/span><br \/><span style=\"color: #3d85c6\"><b><span style=\"font-size: x-small\"><span style=\"font-family: Verdana,sans-serif\">FUENTE: TELESUR <\/span><\/span><\/b><\/span><\/p>\n<div style=\"clear: both;text-align: center\"><a href=\"http:\/\/3.bp.blogspot.com\/-SG60Nmu3VxI\/VGyYI2IrhzI\/AAAAAAAABc8\/Fhv03rHfObA\/s1600\/COOP%2BRIACHIUELO%2BPRODUCCIONES.jpg\" style=\"clear: left;float: left;margin-bottom: 1em;margin-right: 1em\"><img loading=\"lazy\" decoding=\"async\" border=\"0\" src=\"http:\/\/3.bp.blogspot.com\/-SG60Nmu3VxI\/VGyYI2IrhzI\/AAAAAAAABc8\/Fhv03rHfObA\/s1600\/COOP%2BRIACHIUELO%2BPRODUCCIONES.jpg\" height=\"58\" width=\"200\" \/><\/a><span style=\"font-family: Verdana\"><\/span><\/div>\n<p><\/p>\n","protected":false},"excerpt":{"rendered":"<p>UN PASO PARA PROMOVER LA PAZ ESPA\u00d1A: EL CONGRESO RECONOCE A PALESTINA COMO ESTADO&nbsp; Con 319 votos a favor, dos en contra y una abstenci\u00f3n, el Congreso espa\u00f1ol reconoci\u00f3 a Palestina como Estado independiente, tras un extenso debate que se llev\u00f3 a cabo durante la tarde de este martes.El texto acordado en el Parlamento insta [&hellip;]<\/p>\n","protected":false},"author":4,"featured_media":0,"comment_status":"open","ping_status":"open","sticky":false,"template":"","format":"standard","meta":{"_monsterinsights_skip_tracking":false,"_monsterinsights_sitenote_active":false,"_monsterinsights_sitenote_note":"","_monsterinsights_sitenote_category":0,"jnews-multi-image_gallery":[],"jnews_single_post":{"format":"standard"},"jnews_primary_category":[],"_joinchat":[],"footnotes":""},"categories":[58],"tags":[167],"class_list":["post-956","post","type-post","status-publish","format-standard","hentry","category-noticiariachuelo","tag-politica-internacional"],"_links":{"self":[{"href":"http:\/\/fmriachuelo.it10.com.ar\/index.php\/wp-json\/wp\/v2\/posts\/956","targetHints":{"allow":["GET"]}}],"collection":[{"href":"http:\/\/fmriachuelo.it10.com.ar\/index.php\/wp-json\/wp\/v2\/posts"}],"about":[{"href":"http:\/\/fmriachuelo.it10.com.ar\/index.php\/wp-json\/wp\/v2\/types\/post"}],"author":[{"embeddable":true,"href":"http:\/\/fmriachuelo.it10.com.ar\/index.php\/wp-json\/wp\/v2\/users\/4"}],"replies":[{"embeddable":true,"href":"http:\/\/fmriachuelo.it10.com.ar\/index.php\/wp-json\/wp\/v2\/comments?post=956"}],"version-history":[{"count":1,"href":"http:\/\/fmriachuelo.it10.com.ar\/index.php\/wp-json\/wp\/v2\/posts\/956\/revisions"}],"predecessor-version":[{"id":21950,"href":"http:\/\/fmriachuelo.it10.com.ar\/index.php\/wp-json\/wp\/v2\/posts\/956\/revisions\/21950"}],"wp:attachment":[{"href":"http:\/\/fmriachuelo.it10.com.ar\/index.php\/wp-json\/wp\/v2\/media?parent=956"}],"wp:term":[{"taxonomy":"category","embeddable":true,"href":"http:\/\/fmriachuelo.it10.com.ar\/index.php\/wp-json\/wp\/v2\/categories?post=956"},{"taxonomy":"post_tag","embeddable":true,"href":"http:\/\/fmriachuelo.it10.com.ar\/index.php\/wp-json\/wp\/v2\/tags?post=956"}],"curies":[{"name":"wp","href":"https:\/\/api.w.org\/{rel}","templated":true}]}}