{"id":9553,"date":"2019-04-30T16:36:54","date_gmt":"2019-04-30T16:36:54","guid":{"rendered":"http:\/\/fmriachuelo.com.ar\/?p=9553"},"modified":"2019-04-30T16:36:54","modified_gmt":"2019-04-30T16:36:54","slug":"30a-paro-activo-en-la-boca","status":"publish","type":"post","link":"http:\/\/fmriachuelo.it10.com.ar\/index.php\/2019\/04\/30\/30a-paro-activo-en-la-boca\/","title":{"rendered":"30A: PARO ACTIVO EN LA BOCA: EL HAMBRE NO SE TOLERA"},"content":{"rendered":"<p><strong>[FM Riachuelo, 30\/04\/2019]<\/strong>\u00a0<strong>Hoy en la bajada de Puente Nicol\u00e1s Avellaneda, en Pinz\u00f3n y Av. Almirante Brown, Organizaciones Sociales y Pol\u00edticas de La Boca realizaron un corte y desayuno popular bajo la consigna \u201cEl Hambre no se tolera, la dignidad no se negocia. Luche y Se Van.\u201d<\/strong><\/p>\n<p>Este 30\/04 fue un paro nacional distinto a otros, ya que fue una medida de fuerza exigida desde las bases, frente a una situaci\u00f3n social\/econ\u00f3mica muy dura, la voluntad de lucha y organizaci\u00f3n de lxs trabajadorxs se fortalece.<\/p>\n<p>El d\u00eda comenz\u00f3 con varias jornadas de lucha en distintos lugares del pa\u00eds. En La Boca puntualmente el lugar elegido fue la bajada del Puente Avellaneda, donde se realiz\u00f3 un desayuno popular para palear el hambre que lxs vecinxs est\u00e1n afrontando. Esta actividad se acompa\u00f1\u00f3 adem\u00e1s con \u00a0una radio abierta. Las distintas organizaciones coinciden en que la situaci\u00f3n de ajuste no da para m\u00e1s y que el paro debe ser activo para generar real presi\u00f3n.<\/p>\n<p><img loading=\"lazy\" decoding=\"async\" class=\"alignnone size-full wp-image-9555\" src=\"http:\/\/fmriachuelo.com.ar\/wp-content\/uploads\/2019\/04\/2.jpg\" alt=\"\" width=\"1280\" height=\"854\" \/><\/p>\n<p>Entre quienes se hicieron presentes, se encontraba Brian de La Cooperativa de Recicladores y Cartoneros de La Boca, quien expres\u00f3: <strong>\u201ces importante estar en la calle en este momento para decirle \u201cno\u201d a un gobierno que nos est\u00e1 hambreando\u201d<\/strong>. Por otra parte, Roxana Cainzos del Merendero Madres en Lucha, expreso <strong>\u201cnuestro merendero cada d\u00eda recibe m\u00e1s gente, incluso se est\u00e1 sumando la clase media que crey\u00f3 que la crisis no les iba a afectar\u201d<\/strong>.<\/p>\n<p>Esta realidad explica por qu\u00e9 las ollas populares, las meriendas y los desayunos se han convertido, para las organizaciones, en una forma de llevar adelante sus actividades en la calle, ya que son quienes trabajan cada d\u00eda en los territorios, para atender las necesidades mas urgentes del pueblo.<\/p>\n<p>Tambi\u00e9n en la radio abierta habl\u00f3 Jony del Frente Popular Dar\u00edo Santill\u00e1n, organizaci\u00f3n que tambi\u00e9n se hizo presente en el piquete del puente y dijo: <strong>\u201caguantamos la lucha, siempre con dignidad. Frente a un gobierno que nos miente y nos quiere dar miedo con la yuta (\u2026) si vos no sos piquetero, si no sos trabajador de la Econom\u00eda Popular pero estas sufriendo la crisis ac\u00e9rcate, sal\u00ed a la calle.\u201d<\/strong> finaliz\u00f3, invitando a la lucha a la comunidad del barrio.<\/p>\n<p>El corte se sostuvo hasta el mediod\u00eda y fueron varixs vecinxs del barrio lxs que se acercaron.\u00a0 Una vecina que se arrim\u00f3 al micr\u00f3fono de la Radio Fm Riachuelo dijo <strong>\u201ces fundamental cortar el puente, pues es un lugar emblem\u00e1tico del barrio y nos permite hacer visible nuestro malestar con todo lo que est\u00e1 pasando\u201d<\/strong>.<\/p>\n<p>El reclamo no se centr\u00f3 solo en el hambre, una de las urgencias m\u00e1s grandes que hay ahora; sino que tambi\u00e9n se habl\u00f3 de lo habitacional y la deficiencia en el sistema de salud, pues todo forma parte de un mismo sistema de exclusi\u00f3n que tiene en su plan descartarnos a todxs.<\/p>\n<p><img loading=\"lazy\" decoding=\"async\" class=\"alignnone size-full wp-image-9556\" src=\"http:\/\/fmriachuelo.com.ar\/wp-content\/uploads\/2019\/04\/3.jpg\" alt=\"\" width=\"1060\" height=\"708\" \/><\/p>\n<p>El barrio de La Boca tiene experiencia de resistencia y pr\u00e1ctica de organizaci\u00f3n, por eso fue hoy uno de los lugares que a lo largo del pa\u00eds eligi\u00f3 reforzar lo territorial antes que hacerle el juego a la disputa electoral que propone el poder para marcarnos la agenda y dividirnos, buscando que nos importe m\u00e1s lo que suceda en octubre que resolver la necesidad m\u00e1s inmediata del pueblo. Las organizaciones sociales no cayeron en esta trampa y La Boca decidi\u00f3 que sea una jornada activa y de lucha.<\/p>\n","protected":false},"excerpt":{"rendered":"<p>[FM Riachuelo, 30\/04\/2019]\u00a0Hoy en la bajada de Puente Nicol\u00e1s Avellaneda, en Pinz\u00f3n y Av. Almirante Brown, Organizaciones Sociales y Pol\u00edticas de La Boca realizaron un corte y desayuno popular bajo la consigna \u201cEl Hambre no se tolera, la dignidad no se negocia. Luche y Se Van.\u201d Este 30\/04 fue un paro nacional distinto a otros, [&hellip;]<\/p>\n","protected":false},"author":5,"featured_media":9554,"comment_status":"open","ping_status":"open","sticky":false,"template":"","format":"standard","meta":{"_monsterinsights_skip_tracking":false,"_monsterinsights_sitenote_active":false,"_monsterinsights_sitenote_note":"","_monsterinsights_sitenote_category":0,"jnews-multi-image_gallery":[],"jnews_single_post":[],"jnews_primary_category":[],"_joinchat":[],"footnotes":""},"categories":[78,76,75],"tags":[],"class_list":["post-9553","post","type-post","status-publish","format-standard","has-post-thumbnail","hentry","category-economia-popular","category-salud-comunitaria","category-trabajo"],"_links":{"self":[{"href":"http:\/\/fmriachuelo.it10.com.ar\/index.php\/wp-json\/wp\/v2\/posts\/9553","targetHints":{"allow":["GET"]}}],"collection":[{"href":"http:\/\/fmriachuelo.it10.com.ar\/index.php\/wp-json\/wp\/v2\/posts"}],"about":[{"href":"http:\/\/fmriachuelo.it10.com.ar\/index.php\/wp-json\/wp\/v2\/types\/post"}],"author":[{"embeddable":true,"href":"http:\/\/fmriachuelo.it10.com.ar\/index.php\/wp-json\/wp\/v2\/users\/5"}],"replies":[{"embeddable":true,"href":"http:\/\/fmriachuelo.it10.com.ar\/index.php\/wp-json\/wp\/v2\/comments?post=9553"}],"version-history":[{"count":0,"href":"http:\/\/fmriachuelo.it10.com.ar\/index.php\/wp-json\/wp\/v2\/posts\/9553\/revisions"}],"wp:featuredmedia":[{"embeddable":true,"href":"http:\/\/fmriachuelo.it10.com.ar\/index.php\/wp-json\/"}],"wp:attachment":[{"href":"http:\/\/fmriachuelo.it10.com.ar\/index.php\/wp-json\/wp\/v2\/media?parent=9553"}],"wp:term":[{"taxonomy":"category","embeddable":true,"href":"http:\/\/fmriachuelo.it10.com.ar\/index.php\/wp-json\/wp\/v2\/categories?post=9553"},{"taxonomy":"post_tag","embeddable":true,"href":"http:\/\/fmriachuelo.it10.com.ar\/index.php\/wp-json\/wp\/v2\/tags?post=9553"}],"curies":[{"name":"wp","href":"https:\/\/api.w.org\/{rel}","templated":true}]}}