{"id":9540,"date":"2019-04-26T22:17:39","date_gmt":"2019-04-26T22:17:39","guid":{"rendered":"http:\/\/fmriachuelo.com.ar\/?p=9540"},"modified":"2019-04-26T22:17:39","modified_gmt":"2019-04-26T22:17:39","slug":"es-necesario-inundar-las-calles-de-pueblo-y-manifestar-la-bronca","status":"publish","type":"post","link":"http:\/\/fmriachuelo.it10.com.ar\/index.php\/2019\/04\/26\/es-necesario-inundar-las-calles-de-pueblo-y-manifestar-la-bronca\/","title":{"rendered":"30A: \u00abES NECESARIO INUNDAR LAS CALLES DE PUEBLO Y MANIFESTAR LA BRONCA\u00bb"},"content":{"rendered":"<p><strong>[FM Riachuelo 26\/04\/2019] Hoy visitamos a Lito Borello, secretario de DDHH de la CTEP y en una entrevista especial para Romp\u00e9 el Cerco Informativo intercambiamos, entre otros temas, sobre su mirada de cara a la jornada de lucha y paro nacional del pr\u00f3ximo 30 de abril.<\/strong><\/p>\n<p>El pr\u00f3ximo martes ser\u00e1, en todo el pa\u00eds, una jornada importante para el conjunto del pueblo argentino, luego de que distintos sectores de trabajadoras y trabajadores convocaran a un <strong>Paro Nacional<\/strong>. Y es que, si bien desde hace mucho el ajuste de este mal gobierno ha despertado un descontento general en el pueblo, en los \u00faltimos meses han agravado y profundizado las pol\u00edticas que provocan m\u00e1s concentraci\u00f3n econ\u00f3mica en pocas manos y, por lo tanto, m\u00e1s desigualdades, m\u00e1s hambre, miseria, dolor y padecimientos a los sectores populares.<\/p>\n<p>Para entender mejor este panorama y pensar de qu\u00e9 manera el pueblo y sus organizaciones de base pueden participar activamente de este paro, la <strong>FM Riachuelo<\/strong>, entrevist\u00f3 a <strong>Lito Borello<\/strong>, secretario de DDHH de CTEP y referente de la Organizaci\u00f3n Social y Pol\u00edtica Los Pibes.<\/p>\n<p>En este sentido Borello expres\u00f3 que <em>\u201csi bien es cierto que este gobierno sigue profundizando y avanzando con sus medidas,\u00a0<\/em><em>nuestro pueblo sigue mostrando, una actitud de pelea y de lucha, que no se resigna, que pretende\u00a0<strong>no s\u00f3lo resistir esta pol\u00edtica, sino construir una alternativa\u201d<\/strong><\/em>\u00a0y que\u00a0<em>\u201cinclusive por encima de limitaciones o incapacidades de la dirigencia, en donde hay una profunda crisis, los compa\u00f1eros y compa\u00f1eras de distintas organizaciones, con distinto perfil pol\u00edtico\u00a0<\/em><strong><em>comparten la calle, se unen y se organizan<\/em><\/strong><em>\u201d<\/em><strong>.<\/strong><\/p>\n<p><img loading=\"lazy\" decoding=\"async\" class=\"alignnone wp-image-9541\" src=\"http:\/\/fmriachuelo.com.ar\/wp-content\/uploads\/2019\/04\/foto-2.jpg\" alt=\"\" width=\"708\" height=\"472\" \/><\/p>\n<p>Sobre qu\u00e9 importancia cree que tendr\u00e1 esta jornada nos dijo, <em>\u201cEl 30 significar\u00e1 <strong>un punto de inflexi\u00f3n<\/strong>. Una medida que permitir\u00e1 cristalizar la bronca de toda la sociedad, de las organizaciones, de los movimientos de trabajadores y los movimientos sociales en<strong> una jornada que se tiene que manifestar con much\u00edsimo pueblo, <\/strong><strong>con much\u00edsima organizaci\u00f3n popular en la calle<\/strong><strong>\u201d<\/strong><\/em><strong>. <\/strong>Respecto de las diferentes convocatorias que existen puntualiz\u00f3 <em>\u201cindependientemente de que no logremos consensuar, un lugar \u00fanico en donde se confluya, el 30 debe ser un d\u00eda en donde desde la ma\u00f1ana hasta la tarde cientos de miles de hombres y mujeres se organicen, armen piquetes, organicen asambleas, organicen todo aquello que les permita <\/em><strong><em>inundar las calles de pueblo y manifestar la bronca<\/em><\/strong><em>\u201d<\/em><strong>.<\/strong><\/p>\n<p><strong>\u00a0<\/strong>En cuanto al contexto electoral y las nuevas camadas de militantes que van surgiendo en el seno de las organizaciones populares, intercambiamos sobre c\u00f3mo hacer para no caer en la trampa de un sistema representativo obsoleto que nos seduce y nos invita a corrernos del camino de la unidad, la lucha y la construcci\u00f3n de una realidad distinta donde el pueblo sea protagonista y hacedor de su destino. <em>\u201cA veces <strong>somos prisioneros de esta democracia<\/strong>\u201d<\/em> dijo Borello. <strong><em>\u201c<\/em><\/strong><strong><em>Est\u00e1n los due\u00f1os de la pol\u00edtica y estamos nosotros<\/em><\/strong><strong><em>\u201d<\/em><\/strong>\u00a0agreg\u00f3 y explic\u00f3: <em>\u201clos nuestros no pueden siquiera imaginar la posibilidad de ser parte del circo partidocr\u00e1tico electoral en donde podemos mirar por TV como la clase pol\u00edtica hace pol\u00edtica seg\u00fan ellxs lx entienden. N<strong>uestro pueblo todos los d\u00edas construye Patria desde otra l\u00f3gica (\u2026)<\/strong> Aparte de Resistir hay que construir otra sociedad, otra manera de relacionarnos, otra manera de producir, <strong>otra democracia realmente participativa y protag\u00f3nica<\/strong>\u201d.<\/em><\/p>\n<p>Ser\u00e1 entonces el pueblo que sufre y sus organizaciones populares, desde los barrios, con sus ollas populares y sus piquetes, su solidaridad y su dignidad, quienes\u00a0contagien la esperanza y el hambre de poder para que <strong>ellos se vayan<\/strong> y podamos <strong>\u201ctomar el cielo por asalto\u201d.<\/strong><\/p>\n<p>&nbsp;<\/p>\n<p><strong>Escuch\u00e1 la entrevista completa a continuaci\u00f3n.<\/strong><\/p>\n<p><iframe loading=\"lazy\" title=\"Entrevista a Lito Borello   Secretario de DDHH de la CTEP. by FMR\" width=\"500\" height=\"450\" scrolling=\"no\" frameborder=\"no\" src=\"https:\/\/w.soundcloud.com\/player\/?visual=true&#038;url=https%3A%2F%2Fapi.soundcloud.com%2Fplaylists%2F765776262&#038;show_artwork=true&#038;maxheight=750&#038;maxwidth=500\"><\/iframe><\/p>\n","protected":false},"excerpt":{"rendered":"<p>[FM Riachuelo 26\/04\/2019] Hoy visitamos a Lito Borello, secretario de DDHH de la CTEP y en una entrevista especial para Romp\u00e9 el Cerco Informativo intercambiamos, entre otros temas, sobre su mirada de cara a la jornada de lucha y paro nacional del pr\u00f3ximo 30 de abril. El pr\u00f3ximo martes ser\u00e1, en todo el pa\u00eds, una [&hellip;]<\/p>\n","protected":false},"author":5,"featured_media":9542,"comment_status":"open","ping_status":"open","sticky":false,"template":"","format":"standard","meta":{"_monsterinsights_skip_tracking":false,"_monsterinsights_sitenote_active":false,"_monsterinsights_sitenote_note":"","_monsterinsights_sitenote_category":0,"jnews-multi-image_gallery":[],"jnews_single_post":[],"jnews_primary_category":[],"_joinchat":[],"footnotes":""},"categories":[80,76],"tags":[],"class_list":["post-9540","post","type-post","status-publish","format-standard","has-post-thumbnail","hentry","category-educacion","category-salud-comunitaria"],"_links":{"self":[{"href":"http:\/\/fmriachuelo.it10.com.ar\/index.php\/wp-json\/wp\/v2\/posts\/9540","targetHints":{"allow":["GET"]}}],"collection":[{"href":"http:\/\/fmriachuelo.it10.com.ar\/index.php\/wp-json\/wp\/v2\/posts"}],"about":[{"href":"http:\/\/fmriachuelo.it10.com.ar\/index.php\/wp-json\/wp\/v2\/types\/post"}],"author":[{"embeddable":true,"href":"http:\/\/fmriachuelo.it10.com.ar\/index.php\/wp-json\/wp\/v2\/users\/5"}],"replies":[{"embeddable":true,"href":"http:\/\/fmriachuelo.it10.com.ar\/index.php\/wp-json\/wp\/v2\/comments?post=9540"}],"version-history":[{"count":0,"href":"http:\/\/fmriachuelo.it10.com.ar\/index.php\/wp-json\/wp\/v2\/posts\/9540\/revisions"}],"wp:featuredmedia":[{"embeddable":true,"href":"http:\/\/fmriachuelo.it10.com.ar\/index.php\/wp-json\/"}],"wp:attachment":[{"href":"http:\/\/fmriachuelo.it10.com.ar\/index.php\/wp-json\/wp\/v2\/media?parent=9540"}],"wp:term":[{"taxonomy":"category","embeddable":true,"href":"http:\/\/fmriachuelo.it10.com.ar\/index.php\/wp-json\/wp\/v2\/categories?post=9540"},{"taxonomy":"post_tag","embeddable":true,"href":"http:\/\/fmriachuelo.it10.com.ar\/index.php\/wp-json\/wp\/v2\/tags?post=9540"}],"curies":[{"name":"wp","href":"https:\/\/api.w.org\/{rel}","templated":true}]}}