{"id":954,"date":"2014-11-19T13:23:00","date_gmt":"2014-11-19T13:23:00","guid":{"rendered":"http:\/\/fmriachuelo.observatorioess.org.ar\/index.php\/2014\/11\/19\/las-negociaciones-por-la-paz-en-colombia\/"},"modified":"2025-03-14T13:50:55","modified_gmt":"2025-03-14T16:50:55","slug":"las-negociaciones-por-la-paz-en-colombia","status":"publish","type":"post","link":"http:\/\/fmriachuelo.it10.com.ar\/index.php\/2014\/11\/19\/las-negociaciones-por-la-paz-en-colombia\/","title":{"rendered":"LAS NEGOCIACIONES POR LA PAZ EN COLOMBIA"},"content":{"rendered":"<p><\/p>\n<div style=\"margin: 0.1pt 0cm\"><span style=\"font-size: large\"><b><span style=\"color: red;font-family: Verdana\">Colombianos marchan para respaldar proceso de paz<\/span><\/b><span><\/span><\/span><\/div>\n<div style=\"clear: both;text-align: center\"><a href=\"http:\/\/2.bp.blogspot.com\/-OrS4bylEh1s\/VGyY_mZ0XkI\/AAAAAAAABdM\/oJi4Gqn6psE\/s1600\/colombia9_png_1718483346.png\" style=\"clear: left;float: left;margin-bottom: 1em;margin-right: 1em\"><img loading=\"lazy\" decoding=\"async\" border=\"0\" src=\"http:\/\/2.bp.blogspot.com\/-OrS4bylEh1s\/VGyY_mZ0XkI\/AAAAAAAABdM\/oJi4Gqn6psE\/s1600\/colombia9_png_1718483346.png\" height=\"181\" width=\"320\" \/><\/a><span style=\"font-family: Verdana,sans-serif\"><span style=\"color: red;font-size: small\"><b><\/b><\/span><\/span><\/div>\n<p><span style=\"font-family: Verdana,sans-serif\"><span style=\"font-size: small\">La sociedad colombiana marchar\u00e1 este mi\u00e9rcoles en Bogot\u00e1 para pedir la continuidad de los di\u00e1logos que se desarrollan en Cuba.<br \/>Diversos movimientos y organizaciones sociales se movilizar\u00e1n este mi\u00e9rcoles a la capital colombiana para respaldar al proceso de paz que se negocia en La Habana (Cuba).<br \/>La defensora de los Derechos Humanos, <\/span><span style=\"font-size: small\">Piedad C\u00f3rdoba, inst\u00f3 a mantener los Di\u00e1logos de Paz<\/span><span style=\"font-size: small\"> y se sumar\u00e1 a la manifestaci\u00f3n para exigir que no se levante la mesa, a prop\u00f3sito de la suspensi\u00f3n de ese proceso por parte del Gobierno colombiano tras la<\/span><span style=\"font-size: small\"> retenci\u00f3n del general Rub\u00e9n Alzate.<\/span><\/span><br \/><a name='more'><\/a><span style=\"font-family: Verdana,sans-serif\"><span style=\"font-size: small\">El presidente colombiano, Juan Manuel Santos, reafirm\u00f3 la noche del lunes la suspensi\u00f3n de los di\u00e1logos, una decisi\u00f3n unilateral, hasta que se aclare si las FARC-EP est\u00e1n implicadas o no en la retenci\u00f3n del general Alzate.<br \/>Sin embargo, ese grupo no se ha atribuido el suceso, se espera que este mismo martes den declaraciones al respecto.<br \/>Los colombianos reaccionaron de inmediato para respaldar la continuidad del proceso de paz y posicionaron en la red social Twitter la etiqueta #TreguaYA y terminar la confrontaci\u00f3n interna de m\u00e1s de 50 a\u00f1os, con saldo de seis millones de v\u00edctimas, entre ellas casi 230 mil muertos.<br \/>El Gobierno de Colombia y las FARC han logrado importantes avances en las negociaciones durante los \u00faltimos dos a\u00f1os y consiguieron acuerdos sustanciales en tres puntos de la agenda, desarrollo agrario, participaci\u00f3n pol\u00edtica y lucha contra el narcotr\u00e1fico.<\/span><\/span><br \/><span style=\"font-family: Verdana,sans-serif\"><span style=\"font-size: small\"><span style=\"color: #3d85c6\"><span style=\"font-size: x-small\"><b>FUENTE: TELESUR<\/b><\/span><\/span><\/span><\/span><\/p>\n<div style=\"clear: both;text-align: center\"><span style=\"font-family: Verdana,sans-serif\"><span style=\"font-size: small\"><a href=\"http:\/\/3.bp.blogspot.com\/-SG60Nmu3VxI\/VGyYI2IrhzI\/AAAAAAAABdA\/QbAhNYL4OlM\/s1600\/COOP%2BRIACHIUELO%2BPRODUCCIONES.jpg\" style=\"clear: left;float: left;margin-bottom: 1em;margin-right: 1em\"><img loading=\"lazy\" decoding=\"async\" border=\"0\" src=\"http:\/\/3.bp.blogspot.com\/-SG60Nmu3VxI\/VGyYI2IrhzI\/AAAAAAAABdA\/QbAhNYL4OlM\/s1600\/COOP%2BRIACHIUELO%2BPRODUCCIONES.jpg\" height=\"58\" width=\"200\" \/><\/a><\/span><\/span><\/div>\n","protected":false},"excerpt":{"rendered":"<p>Colombianos marchan para respaldar proceso de paz La sociedad colombiana marchar\u00e1 este mi\u00e9rcoles en Bogot\u00e1 para pedir la continuidad de los di\u00e1logos que se desarrollan en Cuba.Diversos movimientos y organizaciones sociales se movilizar\u00e1n este mi\u00e9rcoles a la capital colombiana para respaldar al proceso de paz que se negocia en La Habana (Cuba).La defensora de los [&hellip;]<\/p>\n","protected":false},"author":4,"featured_media":0,"comment_status":"open","ping_status":"open","sticky":false,"template":"","format":"standard","meta":{"_monsterinsights_skip_tracking":false,"_monsterinsights_sitenote_active":false,"_monsterinsights_sitenote_note":"","_monsterinsights_sitenote_category":0,"jnews-multi-image_gallery":[],"jnews_single_post":{"format":"standard"},"jnews_primary_category":[],"_joinchat":[],"footnotes":""},"categories":[58],"tags":[70],"class_list":["post-954","post","type-post","status-publish","format-standard","hentry","category-noticiariachuelo","tag-de-la-patria-grande"],"_links":{"self":[{"href":"http:\/\/fmriachuelo.it10.com.ar\/index.php\/wp-json\/wp\/v2\/posts\/954","targetHints":{"allow":["GET"]}}],"collection":[{"href":"http:\/\/fmriachuelo.it10.com.ar\/index.php\/wp-json\/wp\/v2\/posts"}],"about":[{"href":"http:\/\/fmriachuelo.it10.com.ar\/index.php\/wp-json\/wp\/v2\/types\/post"}],"author":[{"embeddable":true,"href":"http:\/\/fmriachuelo.it10.com.ar\/index.php\/wp-json\/wp\/v2\/users\/4"}],"replies":[{"embeddable":true,"href":"http:\/\/fmriachuelo.it10.com.ar\/index.php\/wp-json\/wp\/v2\/comments?post=954"}],"version-history":[{"count":1,"href":"http:\/\/fmriachuelo.it10.com.ar\/index.php\/wp-json\/wp\/v2\/posts\/954\/revisions"}],"predecessor-version":[{"id":21952,"href":"http:\/\/fmriachuelo.it10.com.ar\/index.php\/wp-json\/wp\/v2\/posts\/954\/revisions\/21952"}],"wp:attachment":[{"href":"http:\/\/fmriachuelo.it10.com.ar\/index.php\/wp-json\/wp\/v2\/media?parent=954"}],"wp:term":[{"taxonomy":"category","embeddable":true,"href":"http:\/\/fmriachuelo.it10.com.ar\/index.php\/wp-json\/wp\/v2\/categories?post=954"},{"taxonomy":"post_tag","embeddable":true,"href":"http:\/\/fmriachuelo.it10.com.ar\/index.php\/wp-json\/wp\/v2\/tags?post=954"}],"curies":[{"name":"wp","href":"https:\/\/api.w.org\/{rel}","templated":true}]}}