{"id":9537,"date":"2019-04-26T05:10:41","date_gmt":"2019-04-26T05:10:41","guid":{"rendered":"http:\/\/fmriachuelo.com.ar\/?p=9537"},"modified":"2019-04-26T05:10:41","modified_gmt":"2019-04-26T05:10:41","slug":"pensar-en-metodos-distintos-para-la-lucha-de-nuestro-pueblo","status":"publish","type":"post","link":"http:\/\/fmriachuelo.it10.com.ar\/index.php\/2019\/04\/26\/pensar-en-metodos-distintos-para-la-lucha-de-nuestro-pueblo\/","title":{"rendered":"PENSAR EN M\u00c9TODOS DISTINTOS PARA LA LUCHA DE NUESTRO PUEBLO"},"content":{"rendered":"<p><strong>[FM Riachuelo 26\/04\/2019] Hoy en Rompe el Cerco Informativo conversamos con Eduardo \u201cVasco\u201d Murua, trabajador de IMPA y militante del Movimiento Nacional de Empresas Recuperadas. Durante la entrevista nos comparti\u00f3 su an\u00e1lisis respecto del contexto pol\u00edtico actual que acontece en la Argentina.<\/strong><\/p>\n<p><span style=\"font-weight: 400\">En su reflexi\u00f3n el Vasco menciona la crisis que est\u00e1 sufriendo el campo popular, no s\u00f3lo producto de las pol\u00edticas que el Gobierno de Cambiemos ha aplicado; sino tambi\u00e9n de una dirigencia que ha surgido como saldo de el \u00faltimo golpe del \u201876 y que no ha sabido responder ni ponerse a la altura de las circunstancias para poder conducir un movimiento popular revolucionario: \u201cNosotros los viejos no pudimos dar respuesta desde la dictadura hasta la fecha a la situaci\u00f3n que nos plante\u00f3 el sistema capitalista a partir de su cambio\u201d. Es por ello que hace una convocatoria a la nuevas generaciones para ponerse a la cabeza, superar el techo de crecimiento y liderar a la clase trabajadora: \u201ctenemos que tener una direcci\u00f3n de la clase en conjunto, y hoy la clase trabajadora como sujeto de cambio son los ocupados, los compa\u00f1eros trabajadores de la Econom\u00eda Popular y tambi\u00e9n los desocupados.\u201d<\/span><\/p>\n<p><span style=\"font-weight: 400\">Por otro lado, el trabajador del IMPA reafirma que el mejor camino para construir en la lucha popular es en el terreno de la unidad y superando las diferencias que se han generado en el seno del mismo: \u201cLa respuesta la van a encontrar seguramente en el barrio, donde ah\u00ed no se pelean por el puntito o la coma de un documento. (&#8230;) Entonces el principal problema es el tema de la unidad, de tratar de organizar algo por arriba de todas las organizaciones hoy existentes, que tenga un componente de unidad muy claro que, para m\u00ed, tiene que ver con un programa que pueda sintetizar cu\u00e1l es la salida del sistema capitalista en nuestro pa\u00eds, y la construcci\u00f3n de una nueva identidad\u201d.<\/span><\/p>\n<p><span style=\"font-weight: 400\">Cuando le preguntaron respecto del accionar del paro del 30 de abril, el Vasco se remont\u00f3 a los a\u00f1os de crisis econ\u00f3mica all\u00e1 por el 2000 y dijo: \u201cEn esos a\u00f1os se utilizaba el m\u00e9todo de lucha de paro y piquete, pero se lo usaba poco porque la dirigencia sindical tampoco entonces quer\u00eda saber nada. Yo creo que fue muy fuerte, y ah\u00ed es donde pudimos romper la unidad y la hegemon\u00eda en el poder econ\u00f3mico. Otro elemento que usamos en ese momento fue la abstenci\u00f3n revolucionaria: no fuimos a votar. De hecho, creo que en la capital vot\u00f3 el 50% de la gente. Esto nos daba la posibilidad de generar en nuestro pueblo un m\u00e9todo de lucha distinto.\u201d<\/span><\/p>\n<p><span style=\"font-weight: 400\">Ese interesante nexo entre pasado &#8211; presente que Murua realiza, le sirve de puntapi\u00e9 para hilar un poco m\u00e1s fino sobre el problema actual del campo popular, raz\u00f3n por la cual cierra su an\u00e1lisis diciendo que el problema es que la mayor\u00eda de las organizaciones est\u00e1n con la cabeza en las elecciones de octubre. Es as\u00ed que asegura fervientemente que: \u201cEstamos convencidos de que sin direcci\u00f3n pol\u00edtica de la clase no hay posibilidades con ning\u00fan gobierno, tanto de derecha como progresista, de sentarnos en igualdad de condiciones y plantear cu\u00e1l es el programa que deber\u00eda ser el que se siga. Exigir que el pr\u00f3ximo gobierno genere pol\u00edticas a favor del pueblo tiene que ver con si tenemos organizaci\u00f3n, no si ganamos las elecciones o si vamos a disputar el Estado desde adentro. Esa es la discusi\u00f3n hoy.\u201d<\/span><\/p>\n<p>&nbsp;<\/p>\n<p><span style=\"font-weight: 400\"><strong>Escucha la Entrevista Completa:\u00a0 \u00a0<\/strong> \u00a0 \u00a0 \u00a0 \u00a0 \u00a0 \u00a0 \u00a0 \u00a0 \u00a0 \u00a0 \u00a0 \u00a0 \u00a0 \u00a0 \u00a0 \u00a0 \u00a0 \u00a0 \u00a0 \u00a0 \u00a0 \u00a0 \u00a0 \u00a0 \u00a0 \u00a0 \u00a0 \u00a0 \u00a0 \u00a0 \u00a0 \u00a0 \u00a0 \u00a0 \u00a0 \u00a0 \u00a0 \u00a0 \u00a0 \u00a0 \u00a0 \u00a0 \u00a0 \u00a0 \u00a0 \u00a0 \u00a0 \u00a0 \u00a0 \u00a0 \u00a0 \u00a0 \u00a0 \u00a0 \u00a0 \u00a0 \u00a0 \u00a0 \u00a0 \u00a0 \u00a0 \u00a0 \u00a0 \u00a0 \u00a0 \u00a0 \u00a0 <\/span><a href=\"https:\/\/ar.radiocut.fm\/audiocut\/hoy-clase-trabajadora-como-sujeto-cambio-son-desocupados-y-companeros-economia-popular\/\"><span style=\"font-weight: 400\">https:\/\/ar.radiocut.fm\/audiocut\/hoy-clase-trabajadora-como-sujeto-cambio-son-desocupados-y-companeros-economia-popular\/<\/span><\/a><\/p>\n","protected":false},"excerpt":{"rendered":"<p>[FM Riachuelo 26\/04\/2019] Hoy en Rompe el Cerco Informativo conversamos con Eduardo \u201cVasco\u201d Murua, trabajador de IMPA y militante del Movimiento Nacional de Empresas Recuperadas. Durante la entrevista nos comparti\u00f3 su an\u00e1lisis respecto del contexto pol\u00edtico actual que acontece en la Argentina. En su reflexi\u00f3n el Vasco menciona la crisis que est\u00e1 sufriendo el campo [&hellip;]<\/p>\n","protected":false},"author":5,"featured_media":9538,"comment_status":"open","ping_status":"open","sticky":false,"template":"","format":"standard","meta":{"_monsterinsights_skip_tracking":false,"_monsterinsights_sitenote_active":false,"_monsterinsights_sitenote_note":"","_monsterinsights_sitenote_category":0,"jnews-multi-image_gallery":[],"jnews_single_post":[],"jnews_primary_category":[],"_joinchat":[],"footnotes":""},"categories":[76],"tags":[],"class_list":["post-9537","post","type-post","status-publish","format-standard","has-post-thumbnail","hentry","category-salud-comunitaria"],"_links":{"self":[{"href":"http:\/\/fmriachuelo.it10.com.ar\/index.php\/wp-json\/wp\/v2\/posts\/9537","targetHints":{"allow":["GET"]}}],"collection":[{"href":"http:\/\/fmriachuelo.it10.com.ar\/index.php\/wp-json\/wp\/v2\/posts"}],"about":[{"href":"http:\/\/fmriachuelo.it10.com.ar\/index.php\/wp-json\/wp\/v2\/types\/post"}],"author":[{"embeddable":true,"href":"http:\/\/fmriachuelo.it10.com.ar\/index.php\/wp-json\/wp\/v2\/users\/5"}],"replies":[{"embeddable":true,"href":"http:\/\/fmriachuelo.it10.com.ar\/index.php\/wp-json\/wp\/v2\/comments?post=9537"}],"version-history":[{"count":0,"href":"http:\/\/fmriachuelo.it10.com.ar\/index.php\/wp-json\/wp\/v2\/posts\/9537\/revisions"}],"wp:featuredmedia":[{"embeddable":true,"href":"http:\/\/fmriachuelo.it10.com.ar\/index.php\/wp-json\/"}],"wp:attachment":[{"href":"http:\/\/fmriachuelo.it10.com.ar\/index.php\/wp-json\/wp\/v2\/media?parent=9537"}],"wp:term":[{"taxonomy":"category","embeddable":true,"href":"http:\/\/fmriachuelo.it10.com.ar\/index.php\/wp-json\/wp\/v2\/categories?post=9537"},{"taxonomy":"post_tag","embeddable":true,"href":"http:\/\/fmriachuelo.it10.com.ar\/index.php\/wp-json\/wp\/v2\/tags?post=9537"}],"curies":[{"name":"wp","href":"https:\/\/api.w.org\/{rel}","templated":true}]}}