{"id":9528,"date":"2019-04-25T19:38:59","date_gmt":"2019-04-25T19:38:59","guid":{"rendered":"http:\/\/fmriachuelo.com.ar\/?p=9528"},"modified":"2019-04-25T19:38:59","modified_gmt":"2019-04-25T19:38:59","slug":"taller-de-huerta-comunitaria-en-plaza-matheu","status":"publish","type":"post","link":"http:\/\/fmriachuelo.it10.com.ar\/index.php\/2019\/04\/25\/taller-de-huerta-comunitaria-en-plaza-matheu\/","title":{"rendered":"TALLER DE HUERTA COMUNITARIA EN PLAZA MATHEU"},"content":{"rendered":"<p><strong>[FM Riachuelo 25\/04\/2019]En el barrio de la Boca hoy se llevo a cabo el segundo taller de huerta comunitaria en el predio de la casa del ni\u00f1o que est\u00e1 ubicado en Plaza Matheu. Cabe mencionar que el taller es producto de una articulaci\u00f3n entre diferentes espacios como La Casa Popular El Patio, el Cesac N\u00b0 9 y el programa PRO Huerta<\/strong>.<\/p>\n<p>Los encuentros se pensaron como un espacio de construcci\u00f3n colectiva a la comunidad en relaci\u00f3n al trabajo con la tierra. Claudia, residente RIEPS del Cesac, cont\u00f3 sobre la importancia de la producci\u00f3n alimentaria haciendo hincapi\u00e9 en el concepto de la soberan\u00eda alimentaria y dijo: \u201cBuscamos rescatar la cultura de nuestro pueblo ya que el barrio de la Boca es un lugar donde hay un contexto cultural muy diverso, en donde cada familia trae un bagaje cultural distinto y cada uno trae su costumbre, su forma de hacer y de trabajar en relaci\u00f3n a la tierra.\u201d<\/p>\n<p>A la actividad se acercaron muchos vecinos que intercambiaron experiencias con los integrantes de las organizaciones. La actividad culmino con el armado de un espantap\u00e1jaros que se realiz\u00f3 conjuntamente. En el marco de pensar cu\u00e1l es el objetivo de esta huerta, Luca, militante de la Casa Popular El Patio, cont\u00f3 \u201cLa huerta es un prototipo, una posible experiencia que en alg\u00fan momento pueda ser m\u00e1s grande. La idea es aprender que hacer cuando exista la oportunidad de poder pensarlo en otra escala.\u201d<\/p>\n<p><img loading=\"lazy\" decoding=\"async\" class=\"aligncenter wp-image-9533 size-large\" src=\"http:\/\/fmriachuelo.com.ar\/wp-content\/uploads\/2019\/04\/WhatsApp-Image-2019-04-25-at-16.33.11-800x1024.jpeg\" alt=\"\" width=\"640\" height=\"819\" \/><\/p>\n","protected":false},"excerpt":{"rendered":"<p>[FM Riachuelo 25\/04\/2019]En el barrio de la Boca hoy se llevo a cabo el segundo taller de huerta comunitaria en el predio de la casa del ni\u00f1o que est\u00e1 ubicado en Plaza Matheu. Cabe mencionar que el taller es producto de una articulaci\u00f3n entre diferentes espacios como La Casa Popular El Patio, el Cesac N\u00b0 [&hellip;]<\/p>\n","protected":false},"author":5,"featured_media":9532,"comment_status":"open","ping_status":"open","sticky":false,"template":"","format":"standard","meta":{"_monsterinsights_skip_tracking":false,"_monsterinsights_sitenote_active":false,"_monsterinsights_sitenote_note":"","_monsterinsights_sitenote_category":0,"jnews-multi-image_gallery":[],"jnews_single_post":[],"jnews_primary_category":[],"_joinchat":[],"footnotes":""},"categories":[76,126],"tags":[],"class_list":["post-9528","post","type-post","status-publish","format-standard","has-post-thumbnail","hentry","category-salud-comunitaria","category-soberania-alimentaria"],"_links":{"self":[{"href":"http:\/\/fmriachuelo.it10.com.ar\/index.php\/wp-json\/wp\/v2\/posts\/9528","targetHints":{"allow":["GET"]}}],"collection":[{"href":"http:\/\/fmriachuelo.it10.com.ar\/index.php\/wp-json\/wp\/v2\/posts"}],"about":[{"href":"http:\/\/fmriachuelo.it10.com.ar\/index.php\/wp-json\/wp\/v2\/types\/post"}],"author":[{"embeddable":true,"href":"http:\/\/fmriachuelo.it10.com.ar\/index.php\/wp-json\/wp\/v2\/users\/5"}],"replies":[{"embeddable":true,"href":"http:\/\/fmriachuelo.it10.com.ar\/index.php\/wp-json\/wp\/v2\/comments?post=9528"}],"version-history":[{"count":0,"href":"http:\/\/fmriachuelo.it10.com.ar\/index.php\/wp-json\/wp\/v2\/posts\/9528\/revisions"}],"wp:featuredmedia":[{"embeddable":true,"href":"http:\/\/fmriachuelo.it10.com.ar\/index.php\/wp-json\/"}],"wp:attachment":[{"href":"http:\/\/fmriachuelo.it10.com.ar\/index.php\/wp-json\/wp\/v2\/media?parent=9528"}],"wp:term":[{"taxonomy":"category","embeddable":true,"href":"http:\/\/fmriachuelo.it10.com.ar\/index.php\/wp-json\/wp\/v2\/categories?post=9528"},{"taxonomy":"post_tag","embeddable":true,"href":"http:\/\/fmriachuelo.it10.com.ar\/index.php\/wp-json\/wp\/v2\/tags?post=9528"}],"curies":[{"name":"wp","href":"https:\/\/api.w.org\/{rel}","templated":true}]}}