{"id":9519,"date":"2019-04-24T23:31:12","date_gmt":"2019-04-24T23:31:12","guid":{"rendered":"http:\/\/fmriachuelo.com.ar\/?p=9519"},"modified":"2019-04-24T23:31:12","modified_gmt":"2019-04-24T23:31:12","slug":"una-actitud-que-intenta-quebrar-la-voluntad-de-lucha-de-nuestro-pueblo","status":"publish","type":"post","link":"http:\/\/fmriachuelo.it10.com.ar\/index.php\/2019\/04\/24\/una-actitud-que-intenta-quebrar-la-voluntad-de-lucha-de-nuestro-pueblo\/","title":{"rendered":"UNA ACTITUD QUE INTENTA QUEBRAR LA VOLUNTAD DE LUCHA DE NUESTRO PUEBLO"},"content":{"rendered":"<p><strong>[FM Riachuelo 24\/04\/2019] Hoy durante el programa \u201cRompe el Cerco Informativo\u201d conversamos con Lito Borello, Secretario de Derechos Humanos de la CTEP, quien expres\u00f3 su solidaridad hacia Carlos \u201cEl Perro\u201d Santill\u00e1n, Secretario General de SEOM Jujuy; y hacia otros integrantes de la comisi\u00f3n directiva, a causa de la persecuci\u00f3n que sufren por parte del gobierno provincial.<\/strong><\/p>\n<p><span style=\"font-weight: 400\">La comisi\u00f3n directiva del Sindicato de Empleados y Obreros Municipales de Jujuy, se enfrenta a un enjuiciamiento por delitos de usurpaci\u00f3n, tras un conflicto por apropiaci\u00f3n de tierras ociosas en Campo Verde durante el 2015. Los dirigentes acompa\u00f1aron a pedido de diversas asambleas de trabajadores que llegaron a la decisi\u00f3n de ocupar los terrenos, frente a la problem\u00e1tica habitacional que ven\u00edan sufriendo desde hace a\u00f1os y por la cual no obten\u00edan respuesta de ninguna autoridad.<\/span><\/p>\n<p style=\"text-align: left\"><span style=\"font-weight: 400\">Lito Borello, Secretario de DD.HH de la Confederaci\u00f3n de Trabajadores de la Econom\u00eda Popular, expres\u00f3 que :\u201cEs algo que venimos denunciando permanentemente, que es esta planificada manera de hostigar, estigmatizar, criminalizar a las organizaciones populares y sus principales dirigentes, aquellos que sostienen con el cuerpo lo que dicen. Como una actitud que intenta quebrar la voluntad de lucha, bajar los brazos de la punta de lanza de la resistencia de nuestro pueblo\u201d.<\/span><\/p>\n<p><span style=\"font-weight: 400\">Adem\u00e1s coment\u00f3 que \u201ceste gobierno que repudiamos, lejos de a veces parecer torpe o incapaz, no le tiembla la mano para seguir generando medidas que vayan anclando nuestro pa\u00eds en la m\u00e1s profunda pobreza, en una deuda social y como tambi\u00e9n se dice, un genocidio social planificado a trav\u00e9s de las medidas que todos los d\u00edas siguen implementando\u201d.<\/span><\/p>\n<p><span style=\"font-weight: 400\">\u201cAparte de nuestra solidaridad, nuestra vocaci\u00f3n de seguir peleando, de seguir resistiendo y construyendo desde la lucha en la calle, la masa cr\u00edtica que nos permita construir las condiciones para una sociedad distinta a este capitalismo que solamente y cada vez m\u00e1s reparte hambre miseria y muerte\u201d, as\u00ed expresaba su solidaridad para con los compa\u00f1eros luchadores populares.<\/span><\/p>\n<p><span style=\"font-weight: 400\">Los imputados por el juicio que comenz\u00f3 el d\u00eda de hoy son: Carlos \u201cEl Perro\u201d Santill\u00e1n (Secretario General del SEOM Jujuy), Santiago Seillant (Secretario del Interior), Adri\u00e1n Mirkin (Secretario Gremial), Alberto Arias (Secretario de Organizaci\u00f3n) y Alvaro Sandoval (Secretario de Prensa).<\/span><\/p>\n","protected":false},"excerpt":{"rendered":"<p>[FM Riachuelo 24\/04\/2019] Hoy durante el programa \u201cRompe el Cerco Informativo\u201d conversamos con Lito Borello, Secretario de Derechos Humanos de la CTEP, quien expres\u00f3 su solidaridad hacia Carlos \u201cEl Perro\u201d Santill\u00e1n, Secretario General de SEOM Jujuy; y hacia otros integrantes de la comisi\u00f3n directiva, a causa de la persecuci\u00f3n que sufren por parte del gobierno [&hellip;]<\/p>\n","protected":false},"author":5,"featured_media":9520,"comment_status":"open","ping_status":"open","sticky":false,"template":"","format":"standard","meta":{"_monsterinsights_skip_tracking":false,"_monsterinsights_sitenote_active":false,"_monsterinsights_sitenote_note":"","_monsterinsights_sitenote_category":0,"jnews-multi-image_gallery":[],"jnews_single_post":[],"jnews_primary_category":[],"_joinchat":[],"footnotes":""},"categories":[76],"tags":[],"class_list":["post-9519","post","type-post","status-publish","format-standard","has-post-thumbnail","hentry","category-salud-comunitaria"],"_links":{"self":[{"href":"http:\/\/fmriachuelo.it10.com.ar\/index.php\/wp-json\/wp\/v2\/posts\/9519","targetHints":{"allow":["GET"]}}],"collection":[{"href":"http:\/\/fmriachuelo.it10.com.ar\/index.php\/wp-json\/wp\/v2\/posts"}],"about":[{"href":"http:\/\/fmriachuelo.it10.com.ar\/index.php\/wp-json\/wp\/v2\/types\/post"}],"author":[{"embeddable":true,"href":"http:\/\/fmriachuelo.it10.com.ar\/index.php\/wp-json\/wp\/v2\/users\/5"}],"replies":[{"embeddable":true,"href":"http:\/\/fmriachuelo.it10.com.ar\/index.php\/wp-json\/wp\/v2\/comments?post=9519"}],"version-history":[{"count":0,"href":"http:\/\/fmriachuelo.it10.com.ar\/index.php\/wp-json\/wp\/v2\/posts\/9519\/revisions"}],"wp:featuredmedia":[{"embeddable":true,"href":"http:\/\/fmriachuelo.it10.com.ar\/index.php\/wp-json\/"}],"wp:attachment":[{"href":"http:\/\/fmriachuelo.it10.com.ar\/index.php\/wp-json\/wp\/v2\/media?parent=9519"}],"wp:term":[{"taxonomy":"category","embeddable":true,"href":"http:\/\/fmriachuelo.it10.com.ar\/index.php\/wp-json\/wp\/v2\/categories?post=9519"},{"taxonomy":"post_tag","embeddable":true,"href":"http:\/\/fmriachuelo.it10.com.ar\/index.php\/wp-json\/wp\/v2\/tags?post=9519"}],"curies":[{"name":"wp","href":"https:\/\/api.w.org\/{rel}","templated":true}]}}