{"id":9506,"date":"2019-04-23T15:17:46","date_gmt":"2019-04-23T15:17:46","guid":{"rendered":"http:\/\/fmriachuelo.com.ar\/?p=9506"},"modified":"2025-02-12T15:16:30","modified_gmt":"2025-02-12T18:16:30","slug":"la-militancia-es-la-fuerza-para-transformar-la-realidad","status":"publish","type":"post","link":"http:\/\/fmriachuelo.it10.com.ar\/index.php\/2019\/04\/23\/la-militancia-es-la-fuerza-para-transformar-la-realidad\/","title":{"rendered":"LA MILITANCIA ES LA FUERZA PARA TRANSFORMAR LA REALIDAD"},"content":{"rendered":"<p><strong>[FM Riachuelo, 23\/04\/2019] Ayer tuvo lugar un plenario de la militancia en la Organizaci\u00f3n los Pibes que cont\u00f3 con la participaci\u00f3n de compa\u00f1eros y compa\u00f1eras de distintas experiencias de construcci\u00f3n popular de todx el pa\u00eds.<\/strong><\/p>\n<p>En el marco del \u00a0an\u00e1lisis del embate actual del neoliberalismo que detenta el poder hegem\u00f3nico en el pa\u00eds y en\u00a0 nuestra Latinoam\u00e9rica,\u00a0 se debati\u00f3 en el transcurso del plenario con intervenciones por parte de cada compa\u00f1ero presente, sobre el desaf\u00edo que representa para las organizaciones populares el trabajar unificadas para la construcci\u00f3n de alternativas de producci\u00f3n, que no se gu\u00edan por lo que dicta el poder totalitario y capitalista sino como mencionaron algunxs compa\u00f1erxs, se \u00abconstruyen modalidades propias\u00bb que ayudan a los m\u00e1s humildes a superar la situaci\u00f3n de crisis y a darle valor agregado a sus propias producciones, para brindar esperanzas al pueblo de un horizonte distinto al propuesto por los poderes de turno.<\/p>\n<p>Aprovechando las visitas FM Riachuelo realiz\u00f3 un programa integral de \u201cRompe el Cerco Informativo\u201d y \u201cAl Gran Pueblo Salud\u201d, donde entrevistamos a varios de lxs referentes de organizaciones populares que nos visitaron, para reflexionar sobre la importancia de la integralidad militante, y como su poder popular ejerce en cada territorio que ocupan la transformaci\u00f3n de una realidad que hoy se nos presenta como una pelea por lograr un mundo mejor posible.<\/p>\n<p>Carlos S\u00e1nchez de la Organizaci\u00f3n \u00abPocho Lepratti\u00bb de Entre R\u00edos y a Mart\u00edn Vel\u00e1zquez de \u00abCasa Popular el Patio\u00bb de La Boca, hablaron sobre uno de los ejes principales dentro de la Econom\u00eda Popular: el h\u00e1bitat. Carlos expres\u00f3\u00a0<strong><em>\u00abCuando hablamos de h\u00e1bitat no s\u00f3lo hablamos de vivienda, es un concepto mucho m\u00e1s amplio que tiene que ver con el lugar, los servicios, las salas de primeros auxilios, las escuelas y el acceso vehicular\u00bb.<\/em><\/strong><\/p>\n<p>Por su parte, Mart\u00edn de la \u201cCasa popular El patio\u201d resalt\u00f3 la necesidad de que el Estado tenga en cuenta la diversidad cultural al momento de llevar adelante proyectos como la construcci\u00f3n de viviendas sociales, <strong><em>\u00abEs necesario respetar a cada territorio. No es la misma casa que se necesita en La Paz, que en Santiago del Estero o en La Boca\u00bb<\/em><\/strong>.<\/p>\n<p>Los referentes tambi\u00e9n conversaron sobre los procesos autogestivos de construcci\u00f3n de vivienda: <strong><em>\u00abEn CABA todos tenemos el derecho a la financiaci\u00f3n de terrenos y emprendimientos. Los procesos de autogesti\u00f3n se construyen por un 40% del valor de mercado de\u00a0 las viviendas. Econ\u00f3micamente es muy conveniente, por eso no es una cuesti\u00f3n econ\u00f3mica sino pol\u00edtica\u00bb.<\/em><\/strong> \u00a0Por otra parte, se habl\u00f3 del derecho del ciudadano de elegir donde vivir: <strong><em>\u00abSomos expulsados sistem\u00e1ticamente. Muchas veces se ejerce una violencia pasiva y las personas deben irse de la ciudad a veces hasta al tercer o cuarto cord\u00f3n urbano por una cuesti\u00f3n de costos\u00bb.<\/em><\/strong><\/p>\n<p><img loading=\"lazy\" decoding=\"async\" class=\"aligncenter wp-image-9508 \" src=\"http:\/\/fmriachuelo.com.ar\/wp-content\/uploads\/2019\/04\/WhatsApp-Image-2019-04-22-at-19.53.41-300x225.jpeg\" alt=\"\" width=\"347\" height=\"260\" \/><\/p>\n<p>Luego conversamos sobre sus experiencias en los territorios con respecto al autoabastecimiento para lograr la Soberan\u00eda alimentaria con Cristian Godoy de \u00abCasa Popular el Fog\u00f3n\u00bb de Avellaneda, Claudia Maidana del \u00abPaseo Popular Mart\u00edn Oso Cisneros\u00bb de La Boca, Celia Albarrac\u00edn del comedor \u00abLos Hermanos\u00bb de Concordia Entre R\u00edos y Brian de \u201cRecicladores de La Boca\u201d.<\/p>\n<p>Cristian Godoy habl\u00f3 del recorrido de su organizaci\u00f3n y dijo,<strong><em>\u00abArrancamos con algo que parec\u00eda irrelevante como una huertita, y junto al INTA armamos un taller itinerante que se movi\u00f3 por distintos sectores de Avellaneda y nos permiti\u00f3 formar nuestros propios recursos y producci\u00f3n de alimentos\u00bb<\/em><\/strong>. \u00a0Claudia por su parte expres\u00f3: <strong><em>\u00abDesde nuestro lugar nos contactamos con los distintos productores de las provincias, para comprar sus productos y venderlos en la feria. Nos importa la historia del producto, que es sano, natural y sin agro t\u00f3xicos porque no se produce para vender en cantidades industriales<\/em><\/strong>\u00ab.<\/p>\n<p>Celia nos dijo sobre su reciente experiencia para resolver las urgencias del alimento en el \u201cComedor Los Hermanos\u201d, <strong><em>\u201cNosotrxs estamos implementando la huerta en un espacio cercano al merendero, porque eso nos permite no comprar ni salir a pedir. La nuestra es una tierra que, si vos plant\u00e1s crece, por eso nos decidimos a llevar adelante la huerta, los compa\u00f1erxs se dan cuenta de la importancia de tener nuestros propios alimentos\u201d.<\/em><\/strong><\/p>\n<p>Brian de \u201cRecicladores de La Boca\u201d coment\u00f3 que est\u00e1n trabajando en un proyecto para realizar una huerta en la zona de Quilmes y as\u00ed autoabastecerse, adem\u00e1s de seguir impulsando las ollas populares con alimentos sanos que ofrecen en el barrio todos los fines de semana <strong><em>\u201cYo creo que es muy necesaria la soberan\u00eda alimentaria para que cada territorio los pueda trabajar, en Latinoam\u00e9rica se viene dando una guerra econ\u00f3mica donde lo m\u00e1s importante es la comida\u201d.<\/em><\/strong><\/p>\n<p>Estas distintas experiencias se hacen sin ser expertos en el trabajo de la tierra, o de la vivienda, pero compartiendo saberes con otras organizaciones populares y distintos vecinxs, que colaboran con sus conocimientos para llevar adelante estos procesos de autogesti\u00f3n, que son la base de la fuerza popular en los territorios, y logran unificar a todos lxs trabajadores de la econom\u00eda popular en los ejes fundamentales para lograr un mundo mejor posible para habitar.<\/p>\n<p>Todas estas participaciones de la econom\u00eda popular en h\u00e1bitat, soberan\u00eda alimentaria son la expresi\u00f3n genuina de la organizaci\u00f3n militante, que lucha por vencer al capitalismo salvaje que s\u00f3lo propone la exclusi\u00f3n de los m\u00e1s humildes.<\/p>\n<p><strong>La organizaci\u00f3n popular es la salida que permitir\u00e1 transformar la realidad y no solo resolver necesidades.<\/strong><\/p>\n<p>Escuch\u00e1 las entrevistas completas<\/p>\n<p>&nbsp;<\/p>\n<p>&nbsp;<\/p>\n","protected":false},"excerpt":{"rendered":"<p>[FM Riachuelo, 23\/04\/2019] Ayer tuvo lugar un plenario de la militancia en la Organizaci\u00f3n los Pibes que cont\u00f3 con la participaci\u00f3n de compa\u00f1eros y compa\u00f1eras de distintas experiencias de construcci\u00f3n popular de todx el pa\u00eds. En el marco del \u00a0an\u00e1lisis del embate actual del neoliberalismo que detenta el poder hegem\u00f3nico en el pa\u00eds y en\u00a0 [&hellip;]<\/p>\n","protected":false},"author":5,"featured_media":9507,"comment_status":"open","ping_status":"open","sticky":false,"template":"","format":"standard","meta":{"_monsterinsights_skip_tracking":false,"_monsterinsights_sitenote_active":false,"_monsterinsights_sitenote_note":"","_monsterinsights_sitenote_category":0,"jnews-multi-image_gallery":[],"jnews_single_post":{"format":"standard"},"jnews_primary_category":[],"_joinchat":[],"footnotes":""},"categories":[59,145],"tags":[],"class_list":["post-9506","post","type-post","status-publish","format-standard","has-post-thumbnail","hentry","category-informe-riachuelo","category-movimientos-populares"],"_links":{"self":[{"href":"http:\/\/fmriachuelo.it10.com.ar\/index.php\/wp-json\/wp\/v2\/posts\/9506","targetHints":{"allow":["GET"]}}],"collection":[{"href":"http:\/\/fmriachuelo.it10.com.ar\/index.php\/wp-json\/wp\/v2\/posts"}],"about":[{"href":"http:\/\/fmriachuelo.it10.com.ar\/index.php\/wp-json\/wp\/v2\/types\/post"}],"author":[{"embeddable":true,"href":"http:\/\/fmriachuelo.it10.com.ar\/index.php\/wp-json\/wp\/v2\/users\/5"}],"replies":[{"embeddable":true,"href":"http:\/\/fmriachuelo.it10.com.ar\/index.php\/wp-json\/wp\/v2\/comments?post=9506"}],"version-history":[{"count":1,"href":"http:\/\/fmriachuelo.it10.com.ar\/index.php\/wp-json\/wp\/v2\/posts\/9506\/revisions"}],"predecessor-version":[{"id":22694,"href":"http:\/\/fmriachuelo.it10.com.ar\/index.php\/wp-json\/wp\/v2\/posts\/9506\/revisions\/22694"}],"wp:featuredmedia":[{"embeddable":true,"href":"http:\/\/fmriachuelo.it10.com.ar\/index.php\/wp-json\/"}],"wp:attachment":[{"href":"http:\/\/fmriachuelo.it10.com.ar\/index.php\/wp-json\/wp\/v2\/media?parent=9506"}],"wp:term":[{"taxonomy":"category","embeddable":true,"href":"http:\/\/fmriachuelo.it10.com.ar\/index.php\/wp-json\/wp\/v2\/categories?post=9506"},{"taxonomy":"post_tag","embeddable":true,"href":"http:\/\/fmriachuelo.it10.com.ar\/index.php\/wp-json\/wp\/v2\/tags?post=9506"}],"curies":[{"name":"wp","href":"https:\/\/api.w.org\/{rel}","templated":true}]}}