{"id":9493,"date":"2019-04-22T12:08:17","date_gmt":"2019-04-22T12:08:17","guid":{"rendered":"http:\/\/fmriachuelo.com.ar\/?p=9493"},"modified":"2025-02-12T15:33:18","modified_gmt":"2025-02-12T18:33:18","slug":"el-mundo-esta-en-guerra-y-los-recursos-estrategicos-los-tenemos-nosotros","status":"publish","type":"post","link":"http:\/\/fmriachuelo.it10.com.ar\/index.php\/2019\/04\/22\/el-mundo-esta-en-guerra-y-los-recursos-estrategicos-los-tenemos-nosotros\/","title":{"rendered":"EL MUNDO EST\u00c1 EN GUERRA Y LOS RECURSOS ESTRAT\u00c9GICOS LOS TENEMOS NOSOTROS"},"content":{"rendered":"<p><b>[FM Riachuelo 21\/04\/2019] Carina Maloberti (Secretaria General de ATE Senasa y candidata a Secretar\u00eda General por el frente de Agrupaciones para la recuperaci\u00f3n de ATE Capital) pas\u00f3 por Cazadores de Zonceras y realiz\u00f3 un an\u00e1lisis sobre c\u00f3mo el imperialismo est\u00e1 utilizando de escenario nuestro territorio para desarrollar una nueva guerra. Es por ello que subray\u00f3 la importancia de que el Pueblo se defienda y luche por su soberan\u00eda tanto de recursos como de sistema pol\u00edtico.<\/b><\/p>\n<p><b>Cazadores de Zonceras: Carina, contanos de qu\u00e9 se trata este frente de agrupaciones del que sos candidata para las elecciones de ATE Capital<\/b><\/p>\n<p><b>Carina Maloberti:<\/b> El frente se arm\u00f3 en el marco de una coyuntura que ameritaba no s\u00f3lo el llamamiento de un frente de agrupaciones en un momento en el que hay que recomponer la unidad y la din\u00e1mica, sino tambi\u00e9n poder discutir la metodolog\u00eda de pelea frente a una patronal que para nosotros no es m\u00e1s ni menos que el macrismo tanto en el Gobierno de la Ciudad como en Estado Nacional. Y a la vez hacerlo tambi\u00e9n con la voz o el protagonismo de las mujeres. En la seccional de ATE Capital de Germ\u00e1n Abdala que tiene 93 a\u00f1os de su fundaci\u00f3n, es la primera vez que hay una candidata a Secretaria General mujer. As\u00ed que es todo un desaf\u00edo. Un sindicato que se muestra muy progresista, pero que reci\u00e9n hace muy poco tiempo tenemos el 30% del cupo. Siempre, a lo largo de la historia, tuvimos mujeres luchadoras, venimos de la escuela de muchas compa\u00f1eras que fueron protagonistas en la vida del sindicato de las y los estatales muy aguerridas, pero que hay que empezar a nombrarlas y visibilizarlas. Las compa\u00f1eras est\u00e1n con muchas ganas y contamos con muchas que se animan, as\u00ed que no es menor eso tambi\u00e9n.<\/p>\n<p><b>C.Z.: Considerando que estamos en un momento en el que los precios de los alimentos suben d\u00eda a d\u00eda, y que paralelamente vemos como el Senasa (organismo que controla la sanidad de los mismos) viene sufriendo las pol\u00edticas de ajuste al sistema p\u00fablico y se encuentra con el vaciamiento de un mont\u00f3n de funciones, servicios sociales y de pol\u00edticas: queremos saber si crees que hay alg\u00fan tipo de relaci\u00f3n entre este proceso y la Guerra Econ\u00f3mica que el imperialismo est\u00e1 aplicando a nuestro Pueblo.<\/b><\/p>\n<p><b>C.M.:<\/b> Desde que est\u00e1 el macrismo se aplican pol\u00edticas p\u00fablicas, y no se lo hace desde la ignorancia, sino que saben muy bien qu\u00e9 est\u00e1n haciendo. En los programas de capacitaci\u00f3n del Ministerio de Modernizaci\u00f3n a los funcionarios p\u00fablicos se los capacita en una l\u00f3gica que ense\u00f1a la estrategia de negocios, y dentro de ella est\u00e1 la estrategia de la mentira, pero est\u00e1 en el programa de formaci\u00f3n porque es de marketing. Entonces te instruyen en c\u00f3mo mentir para que el consumidor compre esas pol\u00edticas que nada tiene que ver con los derechos y garant\u00edas de los trabajadores y del pueblo. Cada vez lo vamos detectando m\u00e1s, es una pol\u00edtica dirigida a quedarse con el aparato del Estado, sobre todo el Nacional, para utilizarlo con el fin de hacer negocios y liberar territorios para ocuparlos. Todo esto sucede en el marco de un mundo que est\u00e1 en guerra, y los recursos estrat\u00e9gicos en ella son justamente los alimentos, la tierra, el agua potable; y da la casualidad que nosotros tenemos muchos de estos recursos. Es interesante tener en cuenta todo lo que est\u00e1 pasando en los distintos organismos estatales, por ejemplo a los compa\u00f1eros civiles de estatales en las \u00e1reas de defensa nos cuentan que en el marco de la informatizaci\u00f3n, tambi\u00e9n est\u00e1n haciendo negocios con las bases de datos de nuestro Estado Nacional. Agencias privadas de servicios de inteligencia israel\u00edes, por ejemplo, que vienen como servidores privados a quedarse con toda la informaci\u00f3n de nuestro Pueblo. Es una ocupaci\u00f3n de nuestro territorio, es una ocupaci\u00f3n de nuestra Soberan\u00eda Nacional, por eso es que est\u00e1n ajustando en el Estado. No s\u00f3lo pasa por los n\u00fameros que exige la deuda de FMI, con la que cada vez nos endeudamos m\u00e1s para perder independencia econ\u00f3mica. Aparte tienen un plan dentro de la guerra que ellos est\u00e1n librando internacionalmente a nivel de los bloques de poder, y un mundo que cada vez se concentra m\u00e1s hacia un imperialismo cada vez m\u00e1s concentrado que tiene sus caracter\u00edsticas que est\u00e1n en disputa. Por un lado se encuentran la l\u00ednea anglosajona sionista que justamente es la que tiene hoy en sus manos nuestro Estado; y por otro est\u00e1 el bloque que quiere la multipolaridad tambi\u00e9n en el sistema capitalista, que es el compuesto por Rusia, China y el Vaticano. Eso es lo que vamos a vivir este a\u00f1o en las elecciones nuestras, y aunque no lo crean y parezca rid\u00edculo lo van a ver tambi\u00e9n en los territorios. Desde la elecci\u00f3n de un consejero escolar o en mi sindicato las l\u00edneas pol\u00edticas que se juegan en las tendencias pol\u00edticas. Eso es lo que est\u00e1 pasando en nuestro movimiento obrero, eso es lo que pasa por un lado en la CGT disidente contra los gordos de la CGT oficial. Todo eso est\u00e1 en disputa, en un mundo que est\u00e1 en guerra. Y con respecto a los alimentos, el Senasa controla la sanidad y calidad de lo que exportamos y de lo que ingresa, pero aparte tiene que garantizar la salud p\u00fablica. Hablarles a estos tipos de salud p\u00fablica es un desperdicio porque no les interesa porque para el mundo que est\u00e1n perge\u00f1ando sobra gente: lo vemos en nuestros viejos sin medicamentos, lo vemos en los pueblos a los que se les contamina el agua para que dejen sus tierras. Aparte en Senasa esos sistemas de control sanitario que deciden si entran o no a los mercados nuestros alimentos, tambi\u00e9n son una barrera para arancelaria. Jugamos un rol en la fabricaci\u00f3n de valores de los alimentos de esta guerra que proponen ellos. Entonces la timba financiera en el valor de los alimentos es para regular justamente el hambre para nuestro pueblo en este sistema de dominaci\u00f3n. Nosotros lo vemos en los primeros despedidos que tuvimos que fueron de programas sanitarios del litoral argentino. Lo frenamos con la ocupaci\u00f3n de nuestra casa, porque sino segu\u00edan avanzando por toda la hidrov\u00eda para pasar sus mercanc\u00edas de las mafias y de los narcos con los que hacen plata, donde ya desmantelaron todos los controles de polic\u00edas sanitarios para que no los controlen m\u00e1s a ellos. Eso es lo que intentan, no son improvisados.<\/p>\n<p><b>C.Z.: Tra\u00e9s esta lectura del mundo que est\u00e1 en guerra, donde adem\u00e1s esa guerra claramente parece que tiene una funci\u00f3n que recientemente el Gringo Castro lo mencionaba \u00abel genocidio social por goteo\u00bb<\/b><\/p>\n<p><b>C.M.:<\/b> Lamentablemente, nuestras organizaciones soberanas, libres y populares tambi\u00e9n hemos perdido soberan\u00eda y pensamiento cr\u00edtico propio; y las nuevas generaciones necesitamos recuperar el pensamiento estrat\u00e9gico para disputar poder. Hoy las conducciones pol\u00edtico-estrat\u00e9gicas tambi\u00e9n est\u00e1n afuera y est\u00e1n recibiendo \u00f3rdenes. Hay que ver c\u00f3mo eso se relaciona con la cultura, con el proceso de liberaci\u00f3n, hist\u00f3rico de nuestro pueblo. Si nosotros como Pueblo y organizaciones libres de nuestro pueblo no somos protagonistas de este proceso hist\u00f3rico y continuamos repitiendo viejas recetas para obtener el poder, la recuperaci\u00f3n del estado que se consiga va a ser artificial nada m\u00e1s.<\/p>\n<p><b>C.Z.: La problem\u00e1tica de los alimentos por los menos pasan en 2 planos: por un lado el acceso a los alimentos, lo que pasa con el precio, lo que pasa con la dificultad de acceder a los alimentos; y por otro lado, hay una funci\u00f3n en el marco de este alimento como recurso estrat\u00e9gico que tiene que ver con el envenenamiento que tambi\u00e9n es una t\u00e1ctica del poder en algunas batallas que se libran.<\/b><\/p>\n<p><b>C.M.:<\/b> Nosotros lo vemos porque controlamos los permisos para los laboratorios, por ejemplo, de lo que es la industria agroalimentaria. Y cuando vos detect\u00e1s en Senasa algunos t\u00f3xicos, el ex- Ministerio ahora secretar\u00eda, pone el sello y lo habilita igual por los negocios que tienen con las farmac\u00e9uticas. Que tambi\u00e9n son esos mismos los que te alimentan y que te venden los f\u00e1rmacos y el paquete tecnol\u00f3gico. Es una gran empresa que abarca distintos eslabones de la cadena productiva. Son parte tambi\u00e9n de los que financian la guerra.<\/p>\n<p><b>C.Z.: Los que te enferman te curan y quiz\u00e1s quede alguno en el camino\u2026 \u00bfQu\u00e9 es lo que deber\u00edan las organizaciones proponer como alternativa?<\/b><\/p>\n<p><b>C.M.:<\/b> Lo que los movimientos sociales vienen planteando como Econom\u00eda Social o Popular, hoy estamos obligados a decir que es una econom\u00eda obligada en tiempos de guerra, que es el tema de disputar la tierra y producir los recursos para dar la pelea. Si nosotros no producimos los alimentos, si no sabemos c\u00f3mo potabilizar y recolectar agua potable y tener calzado y lo b\u00e1sico para dar la pelea; no hay movimiento, organizaci\u00f3n o ej\u00e9rcito popular que pueda vencer. Hoy ya se plantea que si la idea es realmente enfrentar esto, que tenemos que recuperar tierra, producir nuestros alimentos y tener agua potable para que podamos tener la fuerza para luchar. Ni siquiera nosotros lo estamos planteando como una econom\u00eda alternativa social, lo estamos planteando como que es parte de la lucha.<\/p>\n<p><b>C.Z.:<\/b> <b>Est\u00e1s haciendo un an\u00e1lisis de fondo de c\u00f3mo caracterizar esta complejidad que nos toca vivir como Pueblo en este momento hist\u00f3rico. Te quiero preguntar entonces, frente a esa complejidad y un Estado que claramente piensa a adoptar esta estrategia de guerra de nuestro enemigo: \u00bfcu\u00e1l es el papel de los trabajadores del estado? \u00bfQu\u00e9 responsabilidad, qu\u00e9 tarea tienen en este escenario?<\/b><\/p>\n<p><b>C.M.: <\/b>La verdad, aunque no parezca con todo eso que acabamos de describir, entusiasma ver como generaci\u00f3n c\u00f3mo muchos compa\u00f1eros y compa\u00f1eras j\u00f3venes quieren dar la pelea, y no quieren s\u00f3lo acomodarse y hacer algunos negocios dentro del Estado, o no tienen la picard\u00eda de hacer una carrera ascendente, no s\u00e9 hacia d\u00f3nde en este Estado de guerra. Hay compa\u00f1eres que quieren y est\u00e1n dando la pelea. Y tenemos las ventajas de nuestra historia, porque uno de los ataques m\u00e1s grandes que el enemigo produce es que planteamos la pelea en forma hist\u00f3rica, pol\u00edtica, por derechos individuales; y cuando entonces vas a recuperar toda la historia de los derechos colectivos como los conquist\u00f3 nuestro pueblo a lo largo de la historia, tenemos toda la experiencia como para poder resolver los problemas y las nuevas amenazas que se nos plantean. El movimiento obrero argentino tiene una historia riqu\u00edsima, yo te estoy hablando desde un sindicato que tiene 93 a\u00f1os. Que si bien se hizo peronista en el 45, y Evita don\u00f3 la sede de ATE para los trabajadores del Estado, ya ven\u00eda con una impronta que se fund\u00f3 con anarquistas, socialistas, comunistas, compa\u00f1eros de distintas lenguas, que hac\u00edan sus asambleas con traductores. No hab\u00eda celulares y se pon\u00edan de acuerdo y hac\u00edan huelgas de gran alcance. Entonces es imposible decir no se puede con semejante historia. Solo por nombrarte el movimiento obrero, ni hablar a lo largo de lo que fue despu\u00e9s toda la d\u00e9cada de la segunda guerra mundial, el rol que tuvo en ese movimiento obrero, toda la experiencia de un movimiento nacional y en el seno de ese movimiento nacional, para colmo replantearnos ir por m\u00e1s. Hab\u00edamos llegado al 50\/50 y la comunidad organizada dijo quiero retruco. Y segu\u00edamos para adelante. Como generaciones nuevas no podemos arrugar o echarse para atr\u00e1s en esta situaci\u00f3n de crisis civilizatoria que hay y en la que est\u00e1 todo por hacerse. Pasa que tratan de que no la veamos, tratan de que no nos basemos en esa historia para resolver los problemas de ahora. Si la idea es ocupar los territorios, si la idea es colonizarnos, si la idea es borrar nuestras identidades nacionales, ah\u00ed hay una revoluci\u00f3n truncada en nuestro pa\u00eds, donde hubo una primera independencia. Vamos por la segunda, y tenemos que construirla con todo el empuje de la historia que tenemos. Nos asiste toda esa fuerza, lo que pasa es que tenemos que empezar a realmente confiar y creer entre nosotros que es posible. Si seguimos viendo en la redes el bombardeo de lo que ellos quieren, y si seguimos creyendo que va a pasar por derechos individuales en supuesta democracia que no tenemos, y s\u00ed, vamos a seguir con los ojos vendados.<\/p>\n<p><b>C.Z.: \u00bfLa unidad de los diferentes sectores va a hacer la diferencia?<\/b><\/p>\n<p><b>C.M.:<\/b> As\u00ed es, nos tienen en compartimientos estancos como para que nosotros no tengamos una estrategia de poder. En el movimiento obrero sindical de las distintas tendencias se est\u00e1 dando algo muy interesante, donde con la crisis de conducci\u00f3n pol\u00edtica que hay y con dirigencias que s\u00f3lo est\u00e1n perdurando, los pibes por debajo quieren trascender. Buscan hacer algo que quede en la historia, que haya hechos con los que puedan demostrar a los que siguen que se puede. Ah\u00ed te encontr\u00e1s, por ejemplo, con compa\u00f1eros del peronismo ortodoxo que son nacionalistas entendi\u00e9ndose con un stalinista o un maoista, que tambi\u00e9n eran nacionalistas sobre lo que dicen acerca de este liberalismo capitalista internacional imperial que se nos viene encima. \u00a1Y s\u00ed! Uno quiere la patria socialista, el otro la comunidad organizada, y el otro quiere la revoluci\u00f3n bolchevique en tierras de la celeste y blanca; pero que est\u00e1 en claro que todos defienden las distintas nacionalidades. Nosotros cuando decimos que queremos ser plurinacionales, que queremos recuperar un Estado plurinacional es porque tambi\u00e9n tenemos la celeste y blanca encima, no nos vamos a vestir ni de Mapuche, ni de Wichi que est\u00e1n tambi\u00e9n defendiendo los territorios; sino que nos vamos a complementar con nuestra historia. Hay compa\u00f1eros que creen que hay que disfrazarse de algo que no es y entonces seguimos con las hipocres\u00edas y con esas propuestas que no tienen arraigo, que nos debilitan. Muchos compa\u00f1eros que dicen ser internacionalistas sin ser nacionalistas previamente. \u00bfC\u00f3mo ejerces el internacionalismo entre naciones, sino te sent\u00eds parte de una? Ah\u00ed cuando te empez\u00e1s a reconocer con tus ra\u00edces no te para nadie. Y eso es lo que no quieren, eso es lo que nos est\u00e1n cortando. Y pasa en el barrio cuando vos ya te olvid\u00e1s de la historia de La Boca y no te sent\u00eds parte, y sos un ciudadano de la Globalizaci\u00f3n. \u00bfY podemos ser ciudadanos del mundo? No, no podemos. Es como en el feminismo burgu\u00e9s que se nos est\u00e1 planteando. Yo soy libre de decidir sobre mi cuerpo. Bueno, yo estoy tratando de ver c\u00f3mo se libera mi pueblo porque no podemos ser libres para decidir nada ac\u00e1. \u00bfC\u00f3mo hac\u00e9s? Mi cuerpo es mi territorio, pero cada vez m\u00e1s chico es el territorio a defender. Y as\u00ed estamos repitiendo cosas que no entendemos, y no lo entienden mis compa\u00f1eros en los barrios cuando dicen yo soy libre de decidir si soy madre o no. Si nuestras comunidades no era una cuesti\u00f3n de sangre, nosotras somos madres, padres de un mont\u00f3n de pibes que no lo tienen, no tengo la decisi\u00f3n individual. Son esas cosas las que hay que disputar y definir colectivamente.<\/p>\n<p><b>C.Z.: Hablaste de una econom\u00eda obligada en tiempos de guerra, y que eso es un \u00edtem importante en la agenda de las organizaciones de la Econom\u00eda Popular. \u00bfQu\u00e9 pasa con el Estado en la construcci\u00f3n de esa econom\u00eda?<\/b><\/p>\n<p><b>C.M.:<\/b> Est\u00e1 claro que nos quieren sacar del territorio y que dejemos la tierra en pocas manos. Y lo que ustedes est\u00e1n viendo en las puertas de nuestros sectores de trabajo cuando vienen los peque\u00f1os productores de la Econom\u00eda Social o Popular, con el pan o con las verduras, y se hacen esas colas de cuadras de compa\u00f1eros\/as estatales llev\u00e1ndose para las casas porque realmente no alcanza el salario, lo que est\u00e1 haciendo ese compa\u00f1ero es proveyendo de medios al compa\u00f1ero que sigue estando en la pelea, en la trinchera de no perder el laburo. Entonces empieza la solidaridad entre trabajadores precarizados, rurales, urbanos. Esa imagen, en vez de entenderla como una econom\u00eda alternativa o de segunda, es la asistencia. Nos estamos intercambiando medios para seguir con nuestra pelea. Yo no lo podr\u00eda hacer si no me alimento bien, con los alimentos sanos que producen los compa\u00f1eros de la UTT, que me brindan y se los llevo a mis hijos, y mis hijos tambi\u00e9n, yo sigo dando la pelea 24 horas al d\u00eda, sino no podr\u00eda. Y eso es lo que cada vez va a pasar m\u00e1s, es lo que estamos intentando y ojal\u00e1 que se conforme ese estado mayor conjunto, pero del Pueblo y que podamos entender estas cosas para potenciar la pelea y multiplicarla. Nuestro Pueblo est\u00e1 resistiendo.<\/p>\n<p><b>C.Z.: Carina, vamos hacia la discusi\u00f3n de la elecci\u00f3n en ATE Capital, un sindicato que est\u00e1 profundamente atravesado por la conflictividad gremial en esta coyuntura. Vos est\u00e1s formando un frente de agrupaciones para la recuperaci\u00f3n de ATE Capital. Contanos un poco de qu\u00e9 se trata la propuesta y c\u00f3mo se pone en funci\u00f3n tambi\u00e9n de estas cuestiones que estamos discutiendo.<\/b><\/p>\n<p><b>C.M.:<\/b> Bueno, no est\u00e1 ajeno de todas estas cuestiones que venimos discutiendo el desaf\u00edo que tenemos por delante. Ya hablar de la propuesta frentista es tratar de hilvanar un mont\u00f3n de propuestas que vienen de distintas tendencias pol\u00edticas hacia, primero en la diversidad, poder reorganizar la unidad. Porque todos declaman esa unidad que est\u00e1 totalmente detonada y fragmentada. La declaman porque es lo que el pueblo est\u00e1 necesitando y est\u00e1n empujados por las bases, pero se la construye a partir de gestos claros. La primera propuesta es llamar a un frente de distintas agrupaciones que tienen distintas tendencias e historias pol\u00edticas en nuestro sindicato hacia un enemigo com\u00fan. Obviamente, el enemigo com\u00fan es la patronal que dijimos, es el macrismo en la Ciudad y es el Gobierno Nacional, que son gerentes de lo que ya hablamos en este momento de recuperaci\u00f3n, soberan\u00eda, de independencia econ\u00f3mica que necesitamos. Ahora dentro de la reconstrucci\u00f3n de esa unidad que hay que hacer, nosotros vamos a oponer modelos sindicales. Estos estar\u00e1n conformados a partir de un an\u00e1lisis con mucha autocr\u00edtica de lo que no se hizo hasta el momento y que permiti\u00f3 todo esto. Buscamos construir con compa\u00f1eros que ten\u00edan otras visiones pol\u00edticas en los \u00faltimos 8\/10 a\u00f1os, y a la vez convencer a los compa\u00f1eros que hoy tienen el sindicato en ATE Capital, que no pudieron frenar la sangr\u00eda de 40 mil puestos de trabajo que se perdieron. El 80% estaba en Capital Federal de organismos del Estado Nacional, y no se logr\u00f3 plantar frente a Larreta, sino que sigue avanzando en lo que est\u00e1 pasando. Se exige obviamente replantearle a esos compa\u00f1eros una unidad mucho m\u00e1s grande. M\u00e1s all\u00e1 de que en un momento entendieron que alcanzaba con ser los soldados de Cristina, es evidentemente no alcanz\u00f3 eso. Y nosotros entonces con todas las autocr\u00edticas de un mont\u00f3n de agrupaciones que tambi\u00e9n fueron y son oficialistas a nivel nacional, tenemos la responsabilidad de abrir ese debate. Hay que volver al modelo sindical frentistas de agrupaciones: eso era la hist\u00f3rica Nusate cuando se recuper\u00f3 el sindicato de la intervenci\u00f3n militar, era una agrupaci\u00f3n de unidad y solidaridad que algunos quisieron tenerla para una sola tendencia pol\u00edtica. Hoy la estamos rediscutiendo hacia un frente de agrupaciones. Adem\u00e1s esto es encabezado por las compa\u00f1eras mujeres que somos mayor\u00eda estatales en nuestros padrones, y que no tenemos compa\u00f1eras representativas. \u00a1No queremos las compa\u00f1eras puestas a dedo por el aparato machista, no! Queremos compa\u00f1eras que sean cr\u00edticas, que vengan a plantear transformaciones. Son esas las compa\u00f1eras que ponen todos los d\u00edas el cuerpo, como las enfermeras contra las pol\u00edticas de Larreta en la Ciudad, las compa\u00f1eras que son referentes en las \u00e1reas de los ministerios frente a las pol\u00edticas de la burocracia. Muchas compa\u00f1eras que son delegadas referentes que frente a los aparatos que se enquistan y no pueden, hoy queremos empezar a abrir ese dique. Queremos empezar esta discusi\u00f3n con una propuesta de un frente de agrupaciones discutiendo el modelo sindical en ATE Capital, dando el debate \u00a0a muchos de los compa\u00f1ero que creen todav\u00eda que el kirchnerismo puede ser la salida en la ciudad. Se necesita un sindicato con autonom\u00eda, defendiendo los intereses de clase de los trabajadores, para que el frente pol\u00edtico electoral de los que quieran ocupar los cargos legislativos y ejecutivos, tengan la presi\u00f3n y el control. Entonces queremos un sindicato que no est\u00e9 ni a nivel nacional ni a nivel capital s\u00f3lo para un partido, queremos ser parte del movimiento obrero, de ese que est\u00e1 tambi\u00e9n abriendo la discusi\u00f3n, no s\u00f3lo en la CTA, sino tambi\u00e9n en la CGT. Ese trasvasamiento de ideas, de modelos sindicales de discusi\u00f3n que est\u00e1 surgiendo desde los cuerpos de delegados hacia las conducciones las queremos en ATE, en la CTA, y en la CGT tambi\u00e9n. Queremos formar parte de esa unidad. Y lo que se les est\u00e1 complicando y por lo cual los muchachos se est\u00e1n poniendo nerviosos es porque est\u00e1 siendo encabezado por una compa\u00f1era mujer que no est\u00e1 sola, sino que todo lo hacemos en forma colectiva. Sola somos una loca, muchas somos muchas locas, y es peligroso eso. Es evidente que a algunos les da miedo, hay resistencia, pero se van convenciendo gracias al hist\u00f3rico movimiento de mujeres en nuestro pa\u00eds.<\/p>\n<p><b>C.Z.: \u00bfHay paro el 30?<\/b><\/p>\n<p><b>C.M.:<\/b> Hay paro el 30. Muchos de los cuerpos de delegados ya lo definieron, m\u00e1s all\u00e1 de lo que vaya a definir el sindicato a nivel nacional, que calculo que no va a carnerear un paro. As\u00ed que las asambleas de trabajadores que estamos haciendo lo est\u00e1n discutiendo. Seguiremos empujando para que los gordos se vayan junto con el macrismo, de los sillones de decisiones que son nuestras. As\u00ed que cuanto m\u00e1s solidarios, m\u00e1s unificados en cuestiones concretas estemos, hay m\u00e1s posibilidades de darle una salida a nuestro Pueblo m\u00e1s postergado que es el que en realidad m\u00e1s nos preocupa. A cualquier estatal por vocaci\u00f3n nos preocupa un Estado al servicio del Pueblo, y eso es lo que tenemos que recuperar.<\/p>\n","protected":false},"excerpt":{"rendered":"<p>[FM Riachuelo 21\/04\/2019] Carina Maloberti (Secretaria General de ATE Senasa y candidata a Secretar\u00eda General por el frente de Agrupaciones para la recuperaci\u00f3n de ATE Capital) pas\u00f3 por Cazadores de Zonceras y realiz\u00f3 un an\u00e1lisis sobre c\u00f3mo el imperialismo est\u00e1 utilizando de escenario nuestro territorio para desarrollar una nueva guerra. Es por ello que subray\u00f3 [&hellip;]<\/p>\n","protected":false},"author":5,"featured_media":9494,"comment_status":"open","ping_status":"open","sticky":false,"template":"","format":"standard","meta":{"_monsterinsights_skip_tracking":false,"_monsterinsights_sitenote_active":false,"_monsterinsights_sitenote_note":"","_monsterinsights_sitenote_category":0,"jnews-multi-image_gallery":[],"jnews_single_post":{"format":"standard"},"jnews_primary_category":[],"_joinchat":[],"footnotes":""},"categories":[78,63,130,140],"tags":[],"class_list":["post-9493","post","type-post","status-publish","format-standard","has-post-thumbnail","hentry","category-economia-popular","category-entrevista-riachuelo","category-patria-grande","category-politica-internacional"],"_links":{"self":[{"href":"http:\/\/fmriachuelo.it10.com.ar\/index.php\/wp-json\/wp\/v2\/posts\/9493","targetHints":{"allow":["GET"]}}],"collection":[{"href":"http:\/\/fmriachuelo.it10.com.ar\/index.php\/wp-json\/wp\/v2\/posts"}],"about":[{"href":"http:\/\/fmriachuelo.it10.com.ar\/index.php\/wp-json\/wp\/v2\/types\/post"}],"author":[{"embeddable":true,"href":"http:\/\/fmriachuelo.it10.com.ar\/index.php\/wp-json\/wp\/v2\/users\/5"}],"replies":[{"embeddable":true,"href":"http:\/\/fmriachuelo.it10.com.ar\/index.php\/wp-json\/wp\/v2\/comments?post=9493"}],"version-history":[{"count":1,"href":"http:\/\/fmriachuelo.it10.com.ar\/index.php\/wp-json\/wp\/v2\/posts\/9493\/revisions"}],"predecessor-version":[{"id":22718,"href":"http:\/\/fmriachuelo.it10.com.ar\/index.php\/wp-json\/wp\/v2\/posts\/9493\/revisions\/22718"}],"wp:featuredmedia":[{"embeddable":true,"href":"http:\/\/fmriachuelo.it10.com.ar\/index.php\/wp-json\/"}],"wp:attachment":[{"href":"http:\/\/fmriachuelo.it10.com.ar\/index.php\/wp-json\/wp\/v2\/media?parent=9493"}],"wp:term":[{"taxonomy":"category","embeddable":true,"href":"http:\/\/fmriachuelo.it10.com.ar\/index.php\/wp-json\/wp\/v2\/categories?post=9493"},{"taxonomy":"post_tag","embeddable":true,"href":"http:\/\/fmriachuelo.it10.com.ar\/index.php\/wp-json\/wp\/v2\/tags?post=9493"}],"curies":[{"name":"wp","href":"https:\/\/api.w.org\/{rel}","templated":true}]}}