{"id":9477,"date":"2019-04-19T17:28:21","date_gmt":"2019-04-19T17:28:21","guid":{"rendered":"http:\/\/fmriachuelo.com.ar\/?p=9477"},"modified":"2025-02-12T15:47:11","modified_gmt":"2025-02-12T18:47:11","slug":"david-arraez-su-manoalza-1946-2019-federico-ruiz-tirado","status":"publish","type":"post","link":"http:\/\/fmriachuelo.it10.com.ar\/index.php\/2019\/04\/19\/david-arraez-su-manoalza-1946-2019-federico-ruiz-tirado\/","title":{"rendered":"DAVID ARR\u00c1EZ, SU MANOALZ\u00c1 (1946- 2019) -FEDERICO RUIZ TIRADO"},"content":{"rendered":"<p><strong>[El Elefante Bocarriba* 19\/04\/2019]\u00a0David Arr\u00e1ez se despidi\u00f3 EL 16 de abril de 2019 a las 8 de la ma\u00f1ana. L\u00facido y audaz, fundador con Alfredo Maneiro de aquella Causa R de los sue\u00f1os inalcanzables; amigo de carne, hueso y coraz\u00f3n. L\u00fadico hasta para transformar la lucha de clases en un ajedrez m\u00f9ltiple de iron\u00eda, humor pol\u00edtico, sabidur\u00eda y paciencia de guerrero dentro del escondite de sus virtudes; ese donde experimentaba con recetas a base de hidr\u00f3geno, fresas con pimienta negra, tortillas sin huevos.<\/strong><\/p>\n<p>Se march\u00f3 jugando posici\u00f3n adelantada, como me dijo Urqu\u00eda. Aunque desde hace algunos meses lo aquejaba \u201cun malestar\u201d que, a m\u00ed, me lo explicaba a trav\u00e9s de una teor\u00eda econ\u00f3mica del siglo XIX.<\/p>\n<p>Se fue veloz, como esos rayos que pulverizan\u00a0<span class=\"text_exposed_show\">el dolor de las rocas: raudo y con los ojos abiertos: \u201c<em><strong>r\u00e1pido<\/strong><\/em>\u201c, me dijo nuestro entra\u00f1able poeta C\u00e9sar Panza.<\/span><\/p>\n<p>De David, del \u201cGordo David\u201d, de su nombre de guerra \u201cEzequiel\u201d, de su ind\u00f3mito modo de ver y ser en la vida, hay mucho que decir: no s\u00f3lo contar. No. Su vida no fue una historieta de rango dominical, aunque siempre hablaremos de \u00e9l un domingo cualquiera.<\/p>\n<p>Fue una r\u00e1faga de lucidez en los momentos en que el pensamiento cr\u00edtico se volvi\u00f3 un producto envasado al vac\u00edo; fueron sus manos alzadas acciones contra las injusticias y vivas se\u00f1ales de la historia de la revoluci\u00f3n venezolana y extraordinario expositor del iderario de Maneiro y Hugo Ch\u00e1vez. Fueron sus manos alzadas durante la lucha armada en el campo, en la subversi\u00f3n urbana contra las democracias llamadas representativas, forjador de los g\u00e9rmenes de la Causa R de Alfredo Maneiro.<\/p>\n<p>Fue su palabra un alegato constante, un reclamo -cuando deb\u00eda ser incendiario- a la domesticaci\u00f3n de la conciencia, al \u201cpapel\u201d de los intelectuales. Repeli\u00f3 con angustia el conformismo, los modales\u00a0 burgueses-peque\u00f1os de la izquierda de concili\u00e1bulos, re-escritor y reiventor de otros y de s\u00ed mismo. Polemizaba frente al espejo. Viajero. Poeta a escondidas de nuestros ojos. Capaz de disfrazarse para desemascarar la realidad. Amigo de d\u00eda y de noche.<\/p>\n<p style=\"text-align: left\">Adi\u00f3s hermano. Extra\u00f1ar\u00e9 siempre tu risa diaria del otro lado del tel\u00e9fono, tus palabras y ocurrencias.<br \/>\nHasta siempre!!<\/p>\n<p><strong>*Nota publicada en https:\/\/elelefantebocarriba.wordpress.com\/<\/strong><\/p>\n","protected":false},"excerpt":{"rendered":"<p>[El Elefante Bocarriba* 19\/04\/2019]\u00a0David Arr\u00e1ez se despidi\u00f3 EL 16 de abril de 2019 a las 8 de la ma\u00f1ana. L\u00facido y audaz, fundador con Alfredo Maneiro de aquella Causa R de los sue\u00f1os inalcanzables; amigo de carne, hueso y coraz\u00f3n. L\u00fadico hasta para transformar la lucha de clases en un ajedrez m\u00f9ltiple de iron\u00eda, humor [&hellip;]<\/p>\n","protected":false},"author":5,"featured_media":9482,"comment_status":"open","ping_status":"open","sticky":false,"template":"","format":"standard","meta":{"_monsterinsights_skip_tracking":false,"_monsterinsights_sitenote_active":false,"_monsterinsights_sitenote_note":"","_monsterinsights_sitenote_category":0,"jnews-multi-image_gallery":[],"jnews_single_post":{"format":"standard"},"jnews_primary_category":[],"_joinchat":[],"footnotes":""},"categories":[141,130],"tags":[],"class_list":["post-9477","post","type-post","status-publish","format-standard","has-post-thumbnail","hentry","category-comunicacion-popular","category-patria-grande"],"_links":{"self":[{"href":"http:\/\/fmriachuelo.it10.com.ar\/index.php\/wp-json\/wp\/v2\/posts\/9477","targetHints":{"allow":["GET"]}}],"collection":[{"href":"http:\/\/fmriachuelo.it10.com.ar\/index.php\/wp-json\/wp\/v2\/posts"}],"about":[{"href":"http:\/\/fmriachuelo.it10.com.ar\/index.php\/wp-json\/wp\/v2\/types\/post"}],"author":[{"embeddable":true,"href":"http:\/\/fmriachuelo.it10.com.ar\/index.php\/wp-json\/wp\/v2\/users\/5"}],"replies":[{"embeddable":true,"href":"http:\/\/fmriachuelo.it10.com.ar\/index.php\/wp-json\/wp\/v2\/comments?post=9477"}],"version-history":[{"count":1,"href":"http:\/\/fmriachuelo.it10.com.ar\/index.php\/wp-json\/wp\/v2\/posts\/9477\/revisions"}],"predecessor-version":[{"id":22739,"href":"http:\/\/fmriachuelo.it10.com.ar\/index.php\/wp-json\/wp\/v2\/posts\/9477\/revisions\/22739"}],"wp:featuredmedia":[{"embeddable":true,"href":"http:\/\/fmriachuelo.it10.com.ar\/index.php\/wp-json\/"}],"wp:attachment":[{"href":"http:\/\/fmriachuelo.it10.com.ar\/index.php\/wp-json\/wp\/v2\/media?parent=9477"}],"wp:term":[{"taxonomy":"category","embeddable":true,"href":"http:\/\/fmriachuelo.it10.com.ar\/index.php\/wp-json\/wp\/v2\/categories?post=9477"},{"taxonomy":"post_tag","embeddable":true,"href":"http:\/\/fmriachuelo.it10.com.ar\/index.php\/wp-json\/wp\/v2\/tags?post=9477"}],"curies":[{"name":"wp","href":"https:\/\/api.w.org\/{rel}","templated":true}]}}