{"id":9471,"date":"2019-04-17T14:53:18","date_gmt":"2019-04-17T14:53:18","guid":{"rendered":"http:\/\/fmriachuelo.com.ar\/?p=9471"},"modified":"2025-02-12T15:50:47","modified_gmt":"2025-02-12T18:50:47","slug":"feriazo-en-la-puerta-del-indec","status":"publish","type":"post","link":"http:\/\/fmriachuelo.it10.com.ar\/index.php\/2019\/04\/17\/feriazo-en-la-puerta-del-indec\/","title":{"rendered":"FERIAZO EN LA PUERTA DEL INDEC"},"content":{"rendered":"<p><strong>[FM RIACHUELO 17\/04\/2019] Ayer se realiz\u00f3 un feriazo organizado por la Uni\u00f3n de\u00a0 Trabajadorxs de la Tierra (UTT) en conjunto con lxs trabajadorxs del Instituto Nacional de Estad\u00edsticas y Censos (INDEC) en el marco del \u00a0anuncio \u00a0sobre los datos de \u00a0inflaci\u00f3n correspondientes al mes de marzo que seg\u00fan fue del 4.7% respecto del mes anterior siendo de esta manera la m\u00e1s alta en lo que va del a\u00f1o. \u00a0<\/strong><\/p>\n<p>Lxs trabajadorxs de distintos sectores estuvieron reclamando en la puerta del Indec donde se desarrollo un feriazo para expresar lo que vienen sufriendo ante esta realidad econ\u00f3mica y social cr\u00edtica que perjudica a gran parte de la poblaci\u00f3n.<\/p>\n<p>Fm Riachuelo estuvo en la calle junto a lxs trabajadorxs realizando una cobertura completa de las diferentes intervenciones, Pepe Peralta de CTA-Capital expres\u00f3: \u201cEstamos reflejando en una actividad, en la misma tem\u00e1tica expres\u00e1ndonos en la calle, diciendo que no alcanza con que los n\u00fameros sean reales, sino que hay que modificarlos para que sirva para la poblaci\u00f3n. La verdad que estos n\u00fameros no sirven, lejos de servir est\u00e1n cada vez empujando m\u00e1s gente a un estado de indigencia y de pobreza y lo vamos a seguir reflejando en la calle, no solo los d\u00edas que den los \u00edndices, sino en cada actividad que podamos generando el consenso con la poblaci\u00f3n, para que cambie el gobierno el rumbo que est\u00e1 manteniendo en la econom\u00eda\u201d.<\/p>\n<p>Por otro lado, Ra\u00fal Yanesa Delgado de ATE Indec expres\u00f3 que este tipo de reclamos se van a realizar cada vez que se publiquen las cifras de inflaci\u00f3n en un contexto que cada vez es m\u00e1s dif\u00edcil y adem\u00e1s expres\u00f3 su apoyo al paro que se va a realizar el 30 de abril \u201cese d\u00eda tenemos que ir todxs juntxs con la mayor unidad posible donde visibilice el descontento de las argentinas y los argentinos con el gobierno de Macri\u201d.<\/p>\n<p><img loading=\"lazy\" decoding=\"async\" class=\"alignnone size-full wp-image-9473\" src=\"http:\/\/fmriachuelo.com.ar\/wp-content\/uploads\/2019\/04\/WhatsApp-Image-2019-04-17-at-11.50.22-AM.jpeg\" alt=\"\" width=\"1280\" height=\"853\" \/><\/p>\n<p>&nbsp;<\/p>\n<p>&nbsp;<\/p>\n<p>&nbsp;<\/p>\n","protected":false},"excerpt":{"rendered":"<p>[FM RIACHUELO 17\/04\/2019] Ayer se realiz\u00f3 un feriazo organizado por la Uni\u00f3n de\u00a0 Trabajadorxs de la Tierra (UTT) en conjunto con lxs trabajadorxs del Instituto Nacional de Estad\u00edsticas y Censos (INDEC) en el marco del \u00a0anuncio \u00a0sobre los datos de \u00a0inflaci\u00f3n correspondientes al mes de marzo que seg\u00fan fue del 4.7% respecto del mes anterior [&hellip;]<\/p>\n","protected":false},"author":5,"featured_media":9472,"comment_status":"open","ping_status":"open","sticky":false,"template":"","format":"standard","meta":{"_monsterinsights_skip_tracking":false,"_monsterinsights_sitenote_active":false,"_monsterinsights_sitenote_note":"","_monsterinsights_sitenote_category":0,"jnews-multi-image_gallery":[],"jnews_single_post":{"format":"standard"},"jnews_primary_category":[],"_joinchat":[],"footnotes":""},"categories":[78,58,126],"tags":[],"class_list":["post-9471","post","type-post","status-publish","format-standard","has-post-thumbnail","hentry","category-economia-popular","category-noticiariachuelo","category-soberania-alimentaria"],"_links":{"self":[{"href":"http:\/\/fmriachuelo.it10.com.ar\/index.php\/wp-json\/wp\/v2\/posts\/9471","targetHints":{"allow":["GET"]}}],"collection":[{"href":"http:\/\/fmriachuelo.it10.com.ar\/index.php\/wp-json\/wp\/v2\/posts"}],"about":[{"href":"http:\/\/fmriachuelo.it10.com.ar\/index.php\/wp-json\/wp\/v2\/types\/post"}],"author":[{"embeddable":true,"href":"http:\/\/fmriachuelo.it10.com.ar\/index.php\/wp-json\/wp\/v2\/users\/5"}],"replies":[{"embeddable":true,"href":"http:\/\/fmriachuelo.it10.com.ar\/index.php\/wp-json\/wp\/v2\/comments?post=9471"}],"version-history":[{"count":1,"href":"http:\/\/fmriachuelo.it10.com.ar\/index.php\/wp-json\/wp\/v2\/posts\/9471\/revisions"}],"predecessor-version":[{"id":22743,"href":"http:\/\/fmriachuelo.it10.com.ar\/index.php\/wp-json\/wp\/v2\/posts\/9471\/revisions\/22743"}],"wp:featuredmedia":[{"embeddable":true,"href":"http:\/\/fmriachuelo.it10.com.ar\/index.php\/wp-json\/"}],"wp:attachment":[{"href":"http:\/\/fmriachuelo.it10.com.ar\/index.php\/wp-json\/wp\/v2\/media?parent=9471"}],"wp:term":[{"taxonomy":"category","embeddable":true,"href":"http:\/\/fmriachuelo.it10.com.ar\/index.php\/wp-json\/wp\/v2\/categories?post=9471"},{"taxonomy":"post_tag","embeddable":true,"href":"http:\/\/fmriachuelo.it10.com.ar\/index.php\/wp-json\/wp\/v2\/tags?post=9471"}],"curies":[{"name":"wp","href":"https:\/\/api.w.org\/{rel}","templated":true}]}}