{"id":947,"date":"2014-11-20T22:30:00","date_gmt":"2014-11-20T22:30:00","guid":{"rendered":"http:\/\/fmriachuelo.observatorioess.org.ar\/index.php\/2014\/11\/20\/la-disputa-territorial-en-latinoamerica\/"},"modified":"2025-03-14T14:10:59","modified_gmt":"2025-03-14T17:10:59","slug":"la-disputa-territorial-en-latinoamerica","status":"publish","type":"post","link":"http:\/\/fmriachuelo.it10.com.ar\/index.php\/2014\/11\/20\/la-disputa-territorial-en-latinoamerica\/","title":{"rendered":"LA DISPUTA TERRITORIAL EN LATINOAMERICA"},"content":{"rendered":"<p><span style=\"font-family: Verdana,sans-serif;font-size: small\">INFORME RIACHUELO: SEGMENTO LATINOAMERICANO<\/span><\/p>\n<div style=\"text-align: left\"><span style=\"font-family: Verdana,sans-serif;font-size: large\"><span style=\"color: red\"><b>TERRITORIO, ORGANIZACI\u00d3N Y LUCHA <\/b><\/span><\/span><\/div>\n<div style=\"text-align: left\"><span style=\"font-size: small\"><a href=\"http:\/\/1.bp.blogspot.com\/-9YSmq4Qou3c\/VG6dEMZYLeI\/AAAAAAAABfg\/FSFAfIwcmVM\/s1600\/stencil.jpg\" style=\"clear: left;float: left;margin-bottom: 1em;margin-right: 1em\"><img loading=\"lazy\" decoding=\"async\" border=\"0\" src=\"http:\/\/1.bp.blogspot.com\/-9YSmq4Qou3c\/VG6dEMZYLeI\/AAAAAAAABfg\/FSFAfIwcmVM\/s1600\/stencil.jpg\" height=\"200\" width=\"151\" \/><\/a><span style=\"font-family: Verdana,sans-serif\">[FMR Martes 18\/11\/14] Con la met\u00e1fora de parar la pelota, nos propusimos reflexionar sobre tanta informaci\u00f3n que est\u00e1 dando vueltas.<\/span><\/span><\/div>\n<div style=\"text-align: left\"><span style=\"font-family: Verdana,sans-serif;font-size: small\">Venimos escuchando las voces que hablan de arremetida imperialista, golpe econ\u00f3mico, fondos buitres, avance neoconservador. Conceptos que aparecen desvinculados de la realidad pero pertenecen a la misma trama. Podr\u00edamos pensar que corresponden a una estrategia global.<\/span><\/div>\n<div style=\"text-align: left\"><span style=\"font-family: Verdana,sans-serif\">Proponemos la lectura bajo la l\u00f3gica de la disputa territorial y que observamos en diferentes situaciones que se hacen presentes en Nuestram\u00e9rica: <\/span><span style=\"font-family: Verdana,sans-serif\"><span style=\"font-family: Verdana,sans-serif\">Mexico, Colombia, Paraguay, Rosario, Santiago del Estero, La Boca.<\/span><\/span><\/p>\n<div style=\"clear: both;text-align: center\"><span style=\"font-family: Verdana,sans-serif\"><span style=\"font-family: Verdana,sans-serif\"><a href=\"http:\/\/3.bp.blogspot.com\/-LYGY5FsVVk4\/VG6tt2dai9I\/AAAAAAAABgA\/sO8UBHuMLJU\/s1600\/Layout%2B1.jpg\" style=\"clear: left;float: left;margin-bottom: 1em;margin-right: 1em\"><img loading=\"lazy\" decoding=\"async\" border=\"0\" src=\"http:\/\/3.bp.blogspot.com\/-LYGY5FsVVk4\/VG6tt2dai9I\/AAAAAAAABgA\/sO8UBHuMLJU\/s1600\/Layout%2B1.jpg\" height=\"300\" width=\"640\" \/><\/a><\/span><\/span><\/div>\n<p><span style=\"font-family: Verdana,sans-serif\"> <\/span><\/div>\n<p><span style=\"font-size: small\"><br \/><\/span><\/p>\n<div style=\"text-align: left\"><a name='more'><\/a><span style=\"font-family: Verdana, sans-serif;font-size: small\"><b>Mexico<\/b>: Un regero de p\u00f3lvora<\/span><span style=\"font-family: Verdana,sans-serif;font-size: small\"><span style=\"color: blue\"> <\/span><\/span><br \/><span style=\"font-family: Verdana,sans-serif;font-size: small\"><span style=\"color: blue\">www.fmriachuelo.com.ar\/2014\/11\/el-pueblo-mexicano-exige.html<\/span><\/span><span style=\"font-family: Verdana,sans-serif;font-size: small\"><span style=\"color: blue\"> <\/span><\/span><\/div>\n<div style=\"text-align: left\"><span style=\"font-family: Verdana,sans-serif;font-size: small\"><span>A\u00fan no se ha podido establecer que ha sucedido con los 43 j\u00f3venes estudiantes normalistas de Ayotzinapa, estado de Guerrero. Recordamos que <\/span><span lang=\"ES\" style=\"line-height: 115%\">Los estudiantes desaparecieron el 26 de septiembre y fueron presuntamente asesinados por un grupo criminal despu\u00e9s de ser entregados por polic\u00edas municipales que los persiguieron por \u00f3rdenes del entonces alcalde de Iguala, Jos\u00e9 Luis Abarca, hoy detenido. Seg\u00fan las investigaciones, Abarca, miembro del PRD, trabajaba para un cartel de la droga, al igual que su esposa, Mar\u00eda de los Angeles Pineda. Seg\u00fan la confesi\u00f3n de algunos detenidos, la polic\u00eda entreg\u00f3 a los j\u00f3venes a sicarios que los asesinaron y calcinaron sus cuerpos. La trama devela varias cuestiones concretas: la violencia, hacia quien est\u00e1 dirigida y los v\u00ednculos con el poder pol\u00edtico.<\/span><span style=\"line-height: 115%\"> A medida que la b\u00fasqueda fue avanzado se fueron encontrando una enorme cantidad de fosas comunes con cientos de cuerpos enterrados, en lugares desconocidos, que puso al descubierto la magnitud de una masacre silenciada que viene produci\u00e9ndose en las sombras y que parece tener ra\u00edces comunes. Una gran conmoci\u00f3n social se ha producido &nbsp;y pone a la luz la violencia que padece el pueblo mexicano. M\u00e9xico padece la crisis m\u00e1s profunda en materia de desapariciones forzadas que se haya producido en Am\u00e9rica Latina en las \u00faltimas d\u00e9cadas, seg\u00fan el informe de una organizaci\u00f3n defensora de los derechos humanos. El informe se\u00f1ala que \u201cmiembros de las fuerzas de seguridad de M\u00e9xico han participado en numerosos casos de desaparici\u00f3n forzada\u201d y que, pr\u00e1cticamente, en ning\u00fan caso las v\u00edctimas fueron halladas, ni se llev\u00f3 a los responsables ante la justicia.<br \/>En noviembre de 2012, se filtr\u00f3 a los medios una lista provisoria elaborada por la Procuradur\u00eda General de la Rep\u00fablica (PGR) y la Secretar\u00eda de Gobernaci\u00f3n&nbsp;<\/span>sobre m\u00e1s de 25 mil personas desaparecidas o que se denunciaron como extraviadas desde 2006.<\/span><\/div>\n<div style=\"text-align: left\"><span style=\"font-family: Verdana,sans-serif;font-size: small\">La violencia est\u00e1 dirigida hacia un sector concreto en particular. Los sectores movilizados de la sociedad mejicana que en este caso est\u00e1 representados por los estudiantes. Una hilo conductor que se ocupa de movilizar la violencia, fuerzas de seguridad, corporaci\u00f3n pol\u00edtica y narcotr\u00e1fico.&nbsp; Un estilo que se ha puesto en evidencia desde hace mucho tiempo en Colombia y que se reproduce en otros paises de la Patria Grande. &nbsp;<\/span><\/div>\n<div style=\"text-align: left\"><span style=\"font-family: Verdana,sans-serif;font-size: small\">\u00bfQuienes son estos estudiantes movilizados? .\u00bfque intereses representaban los j\u00f3venes desaparecidos? La info completa encontrala en <a href=\"http:\/\/www.fmriachuelo.com.ar\/2014\/11\/informe-riachuelo.html\">http:\/\/www.fmriachuelo.com.ar\/2014\/11\/informe-riachuelo.html<\/a><\/span><\/div>\n<div style=\"text-align: left\"><span style=\"font-family: Verdana,sans-serif;font-size: small\">Hoy leemos, en pocos medios,&nbsp; que los padres de los j\u00f3venes se han organizado y han emprendido una caravana que recorre el pa\u00eds para sensibilizar a la poblaci\u00f3n y hacerle escuchar estas voces que piden la restituci\u00f3n de sus hijos. Ya se han reunido con el EZLN entre representantes de la comunidad organizada.<\/span><\/div>\n<div style=\"text-align: left\"><span style=\"font-family: Verdana,sans-serif;font-size: small\">\u00bfQue es la desorganizaci\u00f3n territorial? \u00bfQu\u00e9 finalidad tiene? <\/span><\/div>\n<div style=\"text-align: left\"><span style=\"font-family: Verdana,sans-serif;font-size: small\">Estos procesos est\u00e1n destinados a fragmentar las luchas y disputarse los territorios, acallar las voces de disidencia, romper los lazos sociales, lo que permite seguir manteniendo acalladas las voces que reclaman, peticionan, las voces de los j\u00f3venes valientes que luchan por un futuro. As\u00ed se puede ver en la masacre de Rosario, que avanza sobre tres j\u00f3venes militantes para disputarse el territorio entre las bandas narcos. As\u00ed pasa ac\u00e1 a la vuelta, en La Boca, donde hace pocos d\u00edas fue asesinado Gonzalo, estudiante del Paebyt en la OSyP Los Pibes y que es asesinado en la esquina de Pedro de Mendoza y California, donde hace 4 a\u00f1os la pol\u00edtica macrista reemplaz\u00f3 un Centro Cultural dedicado a la contenci\u00f3n de los j\u00f3venes del barrio por un parador para adolescentes que, sin ning\u00fan tipo de articulaci\u00f3n con los vecinos y las organizaciones del territorio, aloja pibes de otros barrios intensificando el tipo de conflictos como el que se llev\u00f3 la vida de Gonzalo. Este tipo de procesos tienen un objetivo claro: romper los lazos sociales. Y responden a una l\u00f3gica muy precisa: construir climas de inseguridad que habiliten a la represi\u00f3n y el desalojo de la poblaci\u00f3n; junto<br \/>\n con el desalojo, el avance de la especulaci\u00f3n inmobiliaria y la reorganizaci\u00f3n de un territorio que toma la forma de una ciudad -o una ruralidad- para pocos. <\/span><br \/><span style=\"font-family: Verdana,sans-serif;font-size: small\"><\/span>&nbsp;<\/div>\n<div style=\"text-align: left\"><span style=\"font-family: Verdana,sans-serif;font-size: small\">No casualmente, en<span lang=\"ES\"> un adelanto del dialogo que tuvo el diputado socialista venezolano <strong>Juan Contreras<\/strong><a href=\"\/Users\/PC\/Desktop\/INFORME%20RIACHUELO.%20la%20disputa%20territorial.doc#_edn1\" name=\"_ednref1\" title=\"\"><span><!--[if !supportFootnotes]--><span><span lang=\"ES\" style=\"line-height: 115%\">[i]<\/span><\/span><!--[endif]--><\/span><\/a>con <span style=\"color: red\"><strong>Fm Riachuelo<\/strong><\/span>, sumamos un nuevo elemento a este an\u00e1lisis que pone en juego las formas del poder imperialista que se ejercen contra el Pueblo: la guerra econ\u00f3mica.<\/span><\/span><br \/><span style=\"font-family: Verdana, sans-serif\">ESCUCHAMOS A<strong><span style=\"color: red\"> <\/span><\/strong><\/span><a href=\"http:\/\/www.mediafire.com\/listen\/qt41x3g46vw11ql\/02_-_JUAN_CONTRERAS_-_GUERRA_ECONOMICA_Y_COMPARACION_CON_NICARAGUA.wav\"><strong><span style=\"color: blue;font-family: Verdana, sans-serif\">JUAN CONTRERAS, LA GUERRA ECONOMICA Y LA COMPARACION CON NICARAGUA<\/span><\/strong><\/a><br \/>&nbsp;<\/div>\n<div style=\"text-align: left\"><span style=\"font-family: Verdana,sans-serif;font-size: small\"><span lang=\"ES\">Frente a los conflictos que se despliegan en todo la regi\u00f3n, Juan Contreras retoma la importancia de la organizaci\u00f3n popular en el territorio como herramienta para impulsar la agenda de los Pueblos contra toda intentona imperialista.<\/span><\/span><br \/><span style=\"font-family: Verdana\"><\/span><br \/><span style=\"font-size: small\"><span lang=\"ES\"><span style=\"font-family: Verdana, sans-serif\">ESCUCHAMOS A <\/span><a href=\"http:\/\/www.mediafire.com\/listen\/pkzugpqquyc7398\/03_-_JUAN_CONTRERAS_-_TEJIDO_SOCIAL_Y_RESISTENCIA_GLOBAL.wav\"><span style=\"color: blue;font-family: Verdana, sans-serif\"><strong>JUAN CONTRERAS, EL TEJIDO SOCIAL Y LA RESISTENCIA GLOBAL<\/strong><\/span><\/a><\/span><\/span><br \/><span style=\"font-family: Verdana,sans-serif;font-size: small\"><span lang=\"ES\"><\/span><\/span>&nbsp;<\/div>\n<div style=\"text-align: left\"><span style=\"font-family: Verdana,sans-serif;font-size: small\"><span lang=\"ES\">En el diario Pagina 12 de hoy \/18\/11\/14)&nbsp;se puede leer un titular bastante representativo de la situaci\u00f3n que se repite en distintos territorios: Maridaje entre narco y pol\u00edtica. <\/span><\/span><\/div>\n<div style=\"text-align: left\"><span style=\"font-family: Verdana,sans-serif;font-size: small\"><span lang=\"ES\">Otras situaciones de los pueblos de nuestra Patria Grande:<\/span><\/span><\/div>\n<div style=\"text-align: left\"><span style=\"font-family: Verdana,sans-serif;font-size: small\"><b><span lang=\"ES\">Colombia<\/span><\/b><span lang=\"ES\">: Peligran las negociaciones de Paz que han sido interrumpidas. \u00bfQu\u00e9 tiene que ver con el territorio? Recordamos que en Colombia se viene desarrollando hace un larg\u00edsimo tiempo un conflicto que nos lleva a pensar en una virtual guerra civil en donde la disputa de distintos grupos es alrededor del territorio. Por ello cada grupo tiene el dominio sobre una porci\u00f3n territorial y con estas situaciones se enlaza el poder\u00edo narco que maneja enormes flujos de dinero destinados a comprar voluntades y a manejarse como un estado paralelo. <\/span><\/span><\/div>\n<div style=\"text-align: left\"><span style=\"font-family: Verdana,sans-serif;font-size: small\"><span lang=\"ES\"><a href=\"http:\/\/www.fmriachuelo.com.ar\/2014\/11\/la-lucha-de-los-pueblos.html\">http:\/\/www.fmriachuelo.com.ar\/2014\/11\/la-lucha-de-los-pueblos.html<\/a><\/span><\/span><\/div>\n<div style=\"text-align: left\"><span style=\"font-family: Verdana,sans-serif;font-size: small\"><b><span lang=\"ES\">Paraguay<\/span><\/b><span lang=\"ES\">: Hoy leemos en muy pocos medios que los campesinos han bloqueado las rutas del norte del pa\u00eds impidiendo la circulaci\u00f3n. Ellos se hallan protestando por las dificultades que se avecinan despu\u00e9s de las desfavorables condiciones clim\u00e1ticas y el peligro que se cierne sobre ellos para conservar sus tierras si el gobierno no facilita condiciones para enfrentar las dificultades econ\u00f3micas.&nbsp; Territorio y m\u00e1s territorio.<\/span><\/span><\/div>\n<div style=\"text-align: left\"><span style=\"font-family: Verdana,sans-serif;font-size: small\"><span lang=\"ES\"><a href=\"http:\/\/www.fmriachuelo.com.ar\/2014\/11\/de-la-patria-grande-y-la-lucha-de-los.html\">http:\/\/www.fmriachuelo.com.ar\/2014\/11\/de-la-patria-grande-y-la-lucha-de-los.html<\/a><\/span><\/span><\/div>\n<div style=\"text-align: left\"><span style=\"font-family: Verdana,sans-serif;font-size: small\"><b><span lang=\"ES\">Rosario: <\/span><\/b><span lang=\"ES\">El juicio por los j\u00f3venes asesinados de Villa Moreno, pone de manifiesto la disputa entre bandas por el territorio. Horacio Verbitsky en una nota del 28\/9\/14 se\u00f1ala los v\u00ednculos que en la provincia de Santa Fe est\u00e1n sospechados de ligar al poder pol\u00edtico y los narcos, a tal extremo que la madre de un narcotraficante asesinado, acusa al gobernador Bonfatti de haber financiado su campa\u00f1a pol\u00edtica con fondos del comercio de estupefacientes ilegales. <\/span><\/span><\/div>\n<div style=\"text-align: left\"><span style=\"font-family: Verdana,sans-serif;font-size: small\"><span lang=\"ES\"><a href=\"http:\/\/www.fmriachuelo.com.ar\/2014\/11\/justicia-por-los-asesinatos-de-villa.html\">http:\/\/www.fmriachuelo.com.ar\/2014\/11\/justicia-por-los-asesinatos-de-villa.html<\/a><\/span><\/span><\/div>\n<div style=\"text-align: left\"><span style=\"font-family: Verdana,sans-serif;font-size: small\"><b><span lang=\"ES\">Santiago del Estero: <\/span><\/b><span lang=\"ES\">Un juicio se viene sustanciando en Monte Quemado en donde por primera vez est\u00e1 en el banquillo de los acusados un empresario sojero que empuja a las comunidades del territorio que habitan, llegando a perpetrar un asesinato, para amedrentar y quedarse con esas tierras.<\/span><\/span><\/div>\n<div style=\"text-align: left\"><span style=\"font-family: Verdana,sans-serif;font-size: small\"><span lang=\"ES\"><a href=\"http:\/\/www.fmriachuelo.com.ar\/2014\/11\/diario-del-juicio-de-monte-quemado.html\">http:\/\/www.fmriachuelo.com.ar\/2014\/11\/diario-del-juicio-de-monte-quemado.html<\/a><\/span><\/span><\/div>\n<div style=\"text-align: left\"><span style=\"font-family: Verdana,sans-serif;font-size: small\"><span lang=\"ES\">Una misma l\u00f3gica avanza a trav\u00e9s de las distintas problem\u00e1ticas: <b>LA DISPUTA TERRITORIAL.<\/b><\/span><\/span><\/div>\n<div style=\"text-align: left\"><span style=\"font-family: Verdana,sans-serif;font-size: small\"><span lang=\"ES\">Un mismo modo de respuesta frente a la propuesta del poder f\u00e1ctico, neoliberal: <b>LA ORGANIZACION<\/b><\/span><\/span><\/div>\n<div style=\"text-align: left\"><span style=\"font-family: Verdana,sans-serif;font-size: small\">La organizaci\u00f3n es la posibilidad de luchar frente al silenciamiento que imponen las pol\u00edticas neoliberales individualistas. La justicia es posible a partir del pueblo organizado que colectivamente empuja por sus derechos e impide el silenciamiento.<\/span><\/div>\n<div style=\"text-align: left\">\n<div style=\"clear: both;text-align: center\"><span style=\"font-size: small\"><a href=\"http:\/\/3.bp.blogspot.com\/-9LdRmJwQ6mo\/VG6cgYHmfMI\/AAAAAAAABew\/E4Sk26QYtK4\/s1600\/COOP%2BRIACHIUELO%2BPRODUCCIONES.jpg\" style=\"clear: left;float: left;margin-bottom: 1em;margin-right: 1em\"><img loading=\"lazy\" decoding=\"async\" border=\"0\" src=\"http:\/\/3.bp.blogspot.com\/-9LdRmJwQ6mo\/VG6cgYHmfMI\/AAAAAAAABew\/E4Sk26QYtK4\/s1600\/COOP%2BRIACHIUELO%2BPRODUCCIONES.jpg\" height=\"58\" width=\"200\" \/><\/a><\/span><\/div>\n<p><span style=\"font-family: Verdana,sans-serif;font-size: small\">Riachuelo Producciones<\/span><\/div>\n<div style=\"text-align: left\">\n<hr size=\"1\" style=\"margin-left: 0px;margin-right: auto\" width=\"33%\" \/><!--[endif]--> <\/p>\n<div>\n<div><span style=\"font-family: Verdana,sans-serif;font-size: small\"><a href=\"\/Users\/PC\/Desktop\/INFORME%20RIACHUELO.%20la%20disputa%20territorial.doc#_ednref1\" name=\"_edn1\" title=\"\"><span><!--[if !supportFootnotes]--><span><span>[i]<\/span><\/span><!--[endif]--><\/span><\/a><span lang=\"ES\">Contreras sustituye al asesinado Robert Serra en la Asamblea Nacional. Militante de la Coordinadora Sim\u00f3n Bolivar y director de la radio comunitaria Al Son del 23, del barrio popular de Caracas 23 de Enero.<\/span><\/span><\/div>\n<\/div>\n<\/div>\n","protected":false},"excerpt":{"rendered":"<p>INFORME RIACHUELO: SEGMENTO LATINOAMERICANO TERRITORIO, ORGANIZACI\u00d3N Y LUCHA [FMR Martes 18\/11\/14] Con la met\u00e1fora de parar la pelota, nos propusimos reflexionar sobre tanta informaci\u00f3n que est\u00e1 dando vueltas. Venimos escuchando las voces que hablan de arremetida imperialista, golpe econ\u00f3mico, fondos buitres, avance neoconservador. Conceptos que aparecen desvinculados de la realidad pero pertenecen a la misma [&hellip;]<\/p>\n","protected":false},"author":4,"featured_media":0,"comment_status":"open","ping_status":"open","sticky":false,"template":"","format":"standard","meta":{"_monsterinsights_skip_tracking":false,"_monsterinsights_sitenote_active":false,"_monsterinsights_sitenote_note":"","_monsterinsights_sitenote_category":0,"jnews-multi-image_gallery":[],"jnews_single_post":{"format":"standard"},"jnews_primary_category":[],"_joinchat":[],"footnotes":""},"categories":[58],"tags":[70],"class_list":["post-947","post","type-post","status-publish","format-standard","hentry","category-noticiariachuelo","tag-de-la-patria-grande"],"_links":{"self":[{"href":"http:\/\/fmriachuelo.it10.com.ar\/index.php\/wp-json\/wp\/v2\/posts\/947","targetHints":{"allow":["GET"]}}],"collection":[{"href":"http:\/\/fmriachuelo.it10.com.ar\/index.php\/wp-json\/wp\/v2\/posts"}],"about":[{"href":"http:\/\/fmriachuelo.it10.com.ar\/index.php\/wp-json\/wp\/v2\/types\/post"}],"author":[{"embeddable":true,"href":"http:\/\/fmriachuelo.it10.com.ar\/index.php\/wp-json\/wp\/v2\/users\/4"}],"replies":[{"embeddable":true,"href":"http:\/\/fmriachuelo.it10.com.ar\/index.php\/wp-json\/wp\/v2\/comments?post=947"}],"version-history":[{"count":1,"href":"http:\/\/fmriachuelo.it10.com.ar\/index.php\/wp-json\/wp\/v2\/posts\/947\/revisions"}],"predecessor-version":[{"id":21959,"href":"http:\/\/fmriachuelo.it10.com.ar\/index.php\/wp-json\/wp\/v2\/posts\/947\/revisions\/21959"}],"wp:attachment":[{"href":"http:\/\/fmriachuelo.it10.com.ar\/index.php\/wp-json\/wp\/v2\/media?parent=947"}],"wp:term":[{"taxonomy":"category","embeddable":true,"href":"http:\/\/fmriachuelo.it10.com.ar\/index.php\/wp-json\/wp\/v2\/categories?post=947"},{"taxonomy":"post_tag","embeddable":true,"href":"http:\/\/fmriachuelo.it10.com.ar\/index.php\/wp-json\/wp\/v2\/tags?post=947"}],"curies":[{"name":"wp","href":"https:\/\/api.w.org\/{rel}","templated":true}]}}