{"id":946,"date":"2014-11-21T13:16:00","date_gmt":"2014-11-21T13:16:00","guid":{"rendered":"http:\/\/fmriachuelo.observatorioess.org.ar\/index.php\/2014\/11\/21\/militarizacion-de-la-seguridad-nacional-en-honduras\/"},"modified":"2025-03-14T14:11:58","modified_gmt":"2025-03-14T17:11:58","slug":"militarizacion-de-la-seguridad-nacional-en-honduras","status":"publish","type":"post","link":"http:\/\/fmriachuelo.it10.com.ar\/index.php\/2014\/11\/21\/militarizacion-de-la-seguridad-nacional-en-honduras\/","title":{"rendered":"MILITARIZACI\u00d3N DE LA SEGURIDAD NACIONAL EN HONDURAS"},"content":{"rendered":"<p><span style=\"color: red\"><b><span style=\"font-size: large\"><span style=\"font-family: Verdana,sans-serif\">LOS NOST\u00c1LGICOS DEL PLAN C\u00d3NDOR<\/span><\/span><\/b><\/span><\/p>\n<div style=\"clear: both;text-align: center\"><span style=\"font-size: small\"><span style=\"font-family: Verdana,sans-serif\"><a href=\"http:\/\/1.bp.blogspot.com\/-o3ay2GLnJXI\/VG869FkssaI\/AAAAAAAABgg\/ZHGWg-S-s2I\/s1600\/dt_common_streams_streamserver_jpg_1718483346.jpg\" style=\"clear: left;float: left;margin-bottom: 1em;margin-right: 1em\"><img loading=\"lazy\" decoding=\"async\" border=\"0\" src=\"http:\/\/1.bp.blogspot.com\/-o3ay2GLnJXI\/VG869FkssaI\/AAAAAAAABgg\/ZHGWg-S-s2I\/s1600\/dt_common_streams_streamserver_jpg_1718483346.jpg\" height=\"181\" width=\"320\" \/><\/a><\/span><\/span><\/div>\n<p><span style=\"font-size: small\"><span style=\"font-family: Verdana,sans-serif\">El ministro de Seguridad de Honduras, Arturo Corrarles, asegur\u00f3 que en la Polic\u00eda de Honduras \u201ctodo est\u00e1 normal\u201d y que ese organismo se encuentra en \u201cun proceso de depuraci\u00f3n y las razones son por actos de corrupci\u00f3n\u201d.<br \/> A partir de esas razones, y sin mayor explicaci\u00f3n, el titular de la cartera de Seguridad inform\u00f3 que el presidente Juan Orlando Hern\u00e1ndez, design\u00f3 al exdirector de la Polic\u00eda, Ram\u00f3n Subill\u00f3n, una nueva labor en la ONU. El nuevo director es F\u00e9lix Villanueva.<br \/> Durante la noche de este jueves se gener\u00f3 una ola de rumores que refer\u00edan a una supuesta crisis policial en Honduras, pues trascendieron diversos roces entre el Ej\u00e9rcito y la Polic\u00eda Nacional. As\u00ed como tambi\u00e9n trascendi\u00f3 una presunta rebeli\u00f3n contra el Gobierno hondure\u00f1o.<\/span><\/span><br \/><a name='more'><\/a><span style=\"font-size: small\"><span style=\"font-family: Verdana,sans-serif\">Claves de la destituci\u00f3n:<br \/>1.-El ministro de Seguridad de Honduras, Arturo Corrales, asegur\u00f3 que el proceso de depuraci\u00f3n y las razones son por \u201cactos de corrupci\u00f3n\u201d.<br \/>2.-Se presume que el Gobierno quiere poner al frente de la Polic\u00eda Nacional un elemento del Ej\u00e9rcito. Vale recordar que durante las campa\u00f1as electorales, el presidente Juan Orlando Hern\u00e1ndez prometi\u00f3 eliminar la Polic\u00eda Nacional y militarizar la seguridad.<br \/>3.-Los integrantes de la Comandancia de la Polic\u00eda Nacional rechazaron la destituci\u00f3n de Ram\u00f3n Subill\u00f3n y se pronunciaron a favor de su continuaci\u00f3n en el cargo dentro del organismo.<\/span><\/span><br \/><span style=\"font-size: small\"><span style=\"font-family: Verdana,sans-serif\">4.-Seg\u00fan el titular de la Seguridad en Honduras, el presidente hondure\u00f1o, design\u00f3 al exdirector de la Polic\u00eda, Ram\u00f3n Subill\u00f3n, una nueva labor en la ONU.<br \/>5.-El ministro Corrales neg\u00f3 que haya tenido diferencias con el destituido, como se rumor\u00f3 en las redes sociales.<br \/>6.-El nuevo director es F\u00e9lix Villanueva, quien hasta hace poco ocup\u00f3 la direcci\u00f3n de Investigaci\u00f3n Criminal.<br \/>7.-Villanueva prometi\u00f3 darle continuidad al plan estrat\u00e9gico de seguridad del Gobierno hondure\u00f1o.<br \/>8.-El proceso se da en un contexto de vulnerabilidad por el asesinato de una reina de belleza y su hermana, caso que trascendi\u00f3 las fronteras de ese pa\u00eds. <\/span><\/span><br \/><span style=\"font-size: small\"><span style=\"font-family: Verdana,sans-serif\"><br \/><\/span><\/span><\/p>\n<div style=\"clear: both;text-align: center\"><span style=\"font-size: small\"><span style=\"font-family: Verdana,sans-serif\"><a href=\"http:\/\/2.bp.blogspot.com\/-9Vl5NJ5_7uE\/VG87DnpZzYI\/AAAAAAAABgo\/cH3nGeAqcpY\/s1600\/COOP%2BRIACHIUELO%2BPRODUCCIONES.jpg\" style=\"clear: left;float: left;margin-bottom: 1em;margin-right: 1em\"><img loading=\"lazy\" decoding=\"async\" border=\"0\" src=\"http:\/\/2.bp.blogspot.com\/-9Vl5NJ5_7uE\/VG87DnpZzYI\/AAAAAAAABgo\/cH3nGeAqcpY\/s1600\/COOP%2BRIACHIUELO%2BPRODUCCIONES.jpg\" height=\"58\" width=\"200\" \/><\/a><\/span><\/span><\/div>\n<p><span style=\"font-size: small\"><span style=\"font-family: Verdana,sans-serif\"><span style=\"color: blue\">Fuente: Telesur<\/span><\/span><\/span><\/p>\n","protected":false},"excerpt":{"rendered":"<p>LOS NOST\u00c1LGICOS DEL PLAN C\u00d3NDOR El ministro de Seguridad de Honduras, Arturo Corrarles, asegur\u00f3 que en la Polic\u00eda de Honduras \u201ctodo est\u00e1 normal\u201d y que ese organismo se encuentra en \u201cun proceso de depuraci\u00f3n y las razones son por actos de corrupci\u00f3n\u201d. A partir de esas razones, y sin mayor explicaci\u00f3n, el titular de la [&hellip;]<\/p>\n","protected":false},"author":4,"featured_media":0,"comment_status":"open","ping_status":"open","sticky":false,"template":"","format":"standard","meta":{"_monsterinsights_skip_tracking":false,"_monsterinsights_sitenote_active":false,"_monsterinsights_sitenote_note":"","_monsterinsights_sitenote_category":0,"jnews-multi-image_gallery":[],"jnews_single_post":{"format":"standard"},"jnews_primary_category":[],"_joinchat":[],"footnotes":""},"categories":[58],"tags":[70],"class_list":["post-946","post","type-post","status-publish","format-standard","hentry","category-noticiariachuelo","tag-de-la-patria-grande"],"_links":{"self":[{"href":"http:\/\/fmriachuelo.it10.com.ar\/index.php\/wp-json\/wp\/v2\/posts\/946","targetHints":{"allow":["GET"]}}],"collection":[{"href":"http:\/\/fmriachuelo.it10.com.ar\/index.php\/wp-json\/wp\/v2\/posts"}],"about":[{"href":"http:\/\/fmriachuelo.it10.com.ar\/index.php\/wp-json\/wp\/v2\/types\/post"}],"author":[{"embeddable":true,"href":"http:\/\/fmriachuelo.it10.com.ar\/index.php\/wp-json\/wp\/v2\/users\/4"}],"replies":[{"embeddable":true,"href":"http:\/\/fmriachuelo.it10.com.ar\/index.php\/wp-json\/wp\/v2\/comments?post=946"}],"version-history":[{"count":1,"href":"http:\/\/fmriachuelo.it10.com.ar\/index.php\/wp-json\/wp\/v2\/posts\/946\/revisions"}],"predecessor-version":[{"id":21960,"href":"http:\/\/fmriachuelo.it10.com.ar\/index.php\/wp-json\/wp\/v2\/posts\/946\/revisions\/21960"}],"wp:attachment":[{"href":"http:\/\/fmriachuelo.it10.com.ar\/index.php\/wp-json\/wp\/v2\/media?parent=946"}],"wp:term":[{"taxonomy":"category","embeddable":true,"href":"http:\/\/fmriachuelo.it10.com.ar\/index.php\/wp-json\/wp\/v2\/categories?post=946"},{"taxonomy":"post_tag","embeddable":true,"href":"http:\/\/fmriachuelo.it10.com.ar\/index.php\/wp-json\/wp\/v2\/tags?post=946"}],"curies":[{"name":"wp","href":"https:\/\/api.w.org\/{rel}","templated":true}]}}