{"id":945,"date":"2014-11-22T23:18:00","date_gmt":"2014-11-22T23:18:00","guid":{"rendered":"http:\/\/fmriachuelo.observatorioess.org.ar\/index.php\/2014\/11\/22\/bariloche-ataque-a-la-abogada-de-la-causa-que-involucra-a-la-policia-por-apremios-ilegales-y-asesinatos\/"},"modified":"2025-03-14T15:37:41","modified_gmt":"2025-03-14T18:37:41","slug":"bariloche-ataque-a-la-abogada-de-la-causa-que-involucra-a-la-policia-por-apremios-ilegales-y-asesinatos","status":"publish","type":"post","link":"http:\/\/fmriachuelo.it10.com.ar\/index.php\/2014\/11\/22\/bariloche-ataque-a-la-abogada-de-la-causa-que-involucra-a-la-policia-por-apremios-ilegales-y-asesinatos\/","title":{"rendered":"BARILOCHE: ATAQUE A LA ABOGADA DE LA CAUSA QUE INVOLUCRA A LA POLIC\u00cdA POR APREMIOS ILEGALES Y ASESINATOS"},"content":{"rendered":"<p><a href=\"http:\/\/4.bp.blogspot.com\/-k2FntGhCrE8\/VHIi5OQ56vI\/AAAAAAAABg8\/SMzE7UX4y7c\/s1600\/big_b79e5c6be9c603d06b3257c44c3876326f807cb0.jpg\" style=\"clear: left;float: left;margin-bottom: 1em;margin-right: 1em\"><img loading=\"lazy\" decoding=\"async\" border=\"0\" src=\"http:\/\/4.bp.blogspot.com\/-k2FntGhCrE8\/VHIi5OQ56vI\/AAAAAAAABg8\/SMzE7UX4y7c\/s1600\/big_b79e5c6be9c603d06b3257c44c3876326f807cb0.jpg\" height=\"400\" width=\"198\" \/><\/a><span style=\"color: red;font-family: Verdana, sans-serif\"><b><span style=\"font-size: large\">URGENTE: ABOGADA ATACADA POR TOCAR LOS INTERESES CORPORATIVOS<\/span><\/b><\/span><br \/><span style=\"color: red;font-family: Verdana, sans-serif\"><b>Reproducimos y nos solidarizamos&nbsp;<\/b><\/span><br \/><span style=\"color: red;font-family: Verdana, sans-serif\"><b>Comunicado de la Asociaci\u00f3n Gremial de Abogadas y Abogados de la Argentina<\/b><\/span><br \/><span style=\"font-family: Verdana, sans-serif\">PEDIMOS ACOMPA\u00d1AMIENTO Y SOLIDARIDAD ANTE EL ATAQUE A NUESTRA COMPA\u00d1ERA LA DOCTORA MARINA SHIFRIN<br \/>Nuestra compa\u00f1era Marina Schifrin fue atacada el 12\/11 en su estudio jur\u00eddico por una persona  que encontr\u00f3 en su interior cuando lleg\u00f3 de Tribunales. Era un hombre a quien sorprendi\u00f3 pretendiendo  llevarse su computadora y que solo pudo apoderarse del pendrive que estaba enchufado ante la irrupci\u00f3n de Marina. La golpe\u00f3 en la boca y le arranc\u00f3 el portafolio.<\/span><br \/><a name='more'><\/a><span style=\"font-family: Verdana, sans-serif\">Marina valientemente persigui\u00f3 al atacante y logr\u00f3 que \u00e9ste  se desprendiera del portafolio.Se trat\u00f3 de un ataque con total impunidad y una hu\u00edda al mediod\u00eda por el centro de  la peque\u00f1a ciudad de Bariloche, con Marina en persecuci\u00f3n y sin ninguna intervenci\u00f3n de fuerzas de seguridad presentes en ese momento.-<br \/>El atacante ingres\u00f3 sin violentar la puerta y no se llev\u00f3 nada, ni siquiera el dinero que estaba a la vista.<br \/>El d\u00eda anterior Marina fue notificada de las medidas que ella solicit\u00f3 desde su ingreso en la causa \u2018CARRASCO\u2019 \u2013mayo 2013- y la orden de captura para dos polic\u00edas involucrados. Esta causa es por la masacre del 17 de junio de 2010 en Bariloche donde asesinaron a tres j\u00f3venes: Diego Bonnefoi de 15 a\u00f1os de edad, C\u00e1rdenas de 29 a\u00f1os y Nicol\u00e1s Carrasco de 16 a\u00f1os. El ni\u00f1o Nicol\u00e1s fue asesinado por postas de plomo disparadas por escopetas de repetici\u00f3n  \u201citacas\u201d, armas reglamentarias policiales.-  La causa estaba paralizada cuando Marina asumi\u00f3 la querella de la familia Carrasco y le rechazaron todas las medidas que solicit\u00f3 en su intento de no dejar impune la muerte del ni\u00f1o.<br \/>Marina debi\u00f3 enfrentarse a un contubernio corporativo donde le hicieron oposici\u00f3n las defensas de los polic\u00edas, y la complicidad abierta del  juez de instrucci\u00f3n, la C\u00e1mara de Apelaciones y todos los fiscales actuantes, sumado a las peticiones de las defensas para que se excluya a nuestra compa\u00f1era  del proceso.<br \/>Marina lleg\u00f3 en queja hasta el Superior Tribunal de Justicia de la Provincia de R\u00edo Negro.-   El 31 de julio de 2014 el m\u00e1ximo tribunal provincial orden\u00f3 al Ministerio P\u00fablico que adoptara todas las medidas para esclarecer el homicidio de Nicol\u00e1s achac\u00e1ndole su inacci\u00f3n total.-   Adem\u00e1s indic\u00f3 determinar la responsabilidad de Cufr\u00e9 (Secretario de Seguridad) y Villanova (Jefe de Polic\u00eda de la Provincia) afirmando que en caso de no proceder se configurar\u00eda denegaci\u00f3n de justicia y ello generar\u00eda la responsabilidad conjunta del Estado nacional.<br \/>Marina es abogada querellante y actora civil en varias causas en las que tuerce el destino de la impunidad: en estos \u00faltimos d\u00edas fue notificada del procesamiento firme por  torturas de un actual comisario de la polic\u00eda y de la elevaci\u00f3n a juicio de otro polic\u00eda por vejaciones; desde el 2011 impide que la causa de un joven asesinado en una comisar\u00eda quede como homicidio culposo; reclama civilmente por los da\u00f1os y perjuicios por torturas.<br \/>Asesora a personas de pueblos originarios; defiende a luchadores sociales criminalizados y judicializados por protesta y pobreza.<\/span><br \/><span style=\"font-family: Verdana, sans-serif\">Nuestra Asociaci\u00f3n no tiene dudas que el ataque a Marina, ingresando sin violencia para franquear la puerta, y limitar el robo solo al pendrive, y el intento de sustraer la notebook, desechando dinero a la vista, est\u00e1 relacionado con su actividad profesional en defensa de los luchadores populares y en enfrentar los represores y sus c\u00f3mplices en la Justicia de R\u00edo Negro.<br \/>Bariloche es una ciudad conocida por sus lujos y ostentaciones, pero en sus entra\u00f1as y sus laderas viven en la peor de las miserias decenas de miles de argentinos, carentes de todo.-  Las clases medias y altas de Bariloche, con la anuencia del actual Gobierno y los anteriores, han levantado un muro de apartheid contra el sector mayoritario y pobre de sus habitantes,  han exaltado y movilizado por el nazi Pribke para evitar su extradici\u00f3n, con el mismo \u00e9nfasis con que piden castigo sin piedad a los que nada tienen cuando se rebelan como lo han hecho.<\/span><br \/><span style=\"font-family: Verdana, sans-serif\">Marina, como digna integrante de la Gremial de Abogadas y Abogados ha optado por los exclu\u00eddos.<br \/>Pero los sucesivos gobiernos municipales, provinciales y el Gobierno Nacional, han optado por las clases ricas y poderosas de la Ciudad, han mantenido una cerrada pol\u00edtica de exclusi\u00f3n y garrote para con los pobres.<br \/>Por eso la atacan ahora a Marina.<br \/>Que no vengan ahora a hacerse los distra\u00eddos y pretender ampararse en planteos de buscar a los responsables porque son ellos mismos.<br \/>\u00a1No les creemos! No son dignos de que les creamos una sola palabra porque son las m\u00e1ximas autoridades pol\u00edticas las que enfrentan a Marina y a la Gremial de Abogadas y Abogados como ha hecho el propio Gobernador en persona.<br \/>Solo ella y su marido pose\u00edan llaves del Estudio Jur\u00eddico, y el \u00fanico momento en que se desprend\u00eda de las mismas es en las visitas a sus defendidos en las seccionales o lugares de detenci\u00f3n donde las llaves quedaban a disposici\u00f3n de las fuerzas de seguridad.<br \/>Hacemos responsables al Poder Ejecutivo y Judicial de la Provincia de R\u00edo Negro tanto de lo ocurrido como de cualquier otro ataque que pueda sufrir nuestra compa\u00f1era, y del mismo modo al Gobierno Nacional que ha avalado abiertamente todo lo actuado por ese Gobierno en causas relacionadas con la represi\u00f3n.-  El Poder Ejecutivo Nacional en su m\u00e1xima autoridad ha pedido mas y mas mano dura para con los sectores que Marina Shifrin representa y defiende, y la resultante de todo esto es la situaci\u00f3n que ac\u00e1 denunciamos.<br \/>Les pedimos a las diferentes organizaciones, nacionales e internacionales, que nos acompa\u00f1en y se solidaricen con la Doctora Marina Shifrin.<br \/>Les encarecemos que puedan y quieran dirigirse a las autoridades argentinas en los distintos niveles cuyas direcciones postales y electr\u00f3nicas adjuntamos abajo, a fin de que se los intime a cesar con la persecuci\u00f3n a los abogados que \u2013como Marina- ejercen el leg\u00edtimo derecho de la representaci\u00f3n legal.<\/span><br \/><span style=\"font-family: Verdana, sans-serif\">Desde ya vaya nuestro reconocimiento y agradecimiento a todos aquellos que quiera acompa\u00f1arnos en esta situaci\u00f3n que nos afecta.-<br \/>El mail de Marina es<br \/><a href=\"mailto:marinaschifrin@yahoo.com.ar\">marinaschifrin@yahoo.com.ar<\/a><br \/>Un abrazo fraternal a todos y todas<br \/><span style=\"color: red\"><b>ASOCIACI\u00d3N GREMIAL DE ABOGADAS Y ABOGADOS ARGENTINA<\/b><\/span><br \/>Noviembre 2014<\/span><br \/><span style=\"font-family: Verdana, sans-serif\">Presidenta de la Naci\u00f3n Argentina <a href=\"mailto:webmaster@presidencia.gov.ar\">webmaster@presidencia.gov.ar<\/a><br \/><a href=\"http:\/\/www.jgm.gov.ar\/\">Jefatura de Gabinete de Ministros<\/a><br \/> Cdor. Jorge Capitanich<br \/>JEFATURA DE GABINETE DE MINISTROS<br \/>Despacho del Jefe de Gabinete de Ministros:<br \/>Casa Rosada. Balcarce 50, (C1064AAB). Ciudad Aut\u00f3noma de Buenos Aires, Argentina.<br \/>Oficinas Administrativas:<br \/>Av. Julio Argentino Roca 782, (C1067ABP), Ciudad Aut\u00f3noma de Buenos Aires, Argent<br \/>\nina.<br \/>Tel\u00e9fono: (+54\u201311) 4331\u20131951 al 59<br \/><a href=\"http:\/\/www.mininterior.gov.ar\/index.php\">Ministerio del Interior<\/a><a href=\"http:\/\/www.mininterior.gov.ar\/index.php\"> y Transporte<\/a> <br \/> Cdr. An\u00edbal Florencio Randazzo<br \/><a href=\"mailto:info@mininterior.gov.ar\">info@mininterior.gov.ar<\/a>&lt;<a href=\"mailto:info@mininterior.gov.ar\">info@mininterior.gov.ar<\/a><br \/><a href=\"http:\/\/www.mindef.gov.ar\/\">Ministerio de Defensa<\/a> <br \/> Ing. Agust\u00edn Rossi<br \/><a href=\"mailto:consultasweb@mindef.gov.ar\">consultasweb@mindef.gov.ar<\/a><br \/>Ministro de Justicia y Derechos Humanos<br \/>Dr. Julio C\u00e9sar Alak<br \/>Sarmiento 329<br \/> Planta baja<br \/> Ciudad Aut\u00f3noma de Buenos Aires<br \/> C1041AAG<br \/>Secretario de Derechos Humanos<br \/>Dr. Juan Mart\u00edn Fresneda<br \/>25 de Mayo 544<br \/> Ciudad Aut\u00f3noma de Buenos Aires<br \/> C1002ABL<br \/><a href=\"mailto:prensadh@derhuman.jus.gov.ar\">prensadh@derhuman.jus.gov.ar<\/a><br \/>Subsecretario de Protecci\u00f3n de Derechos Humanos<br \/>Dr. Luis Hip\u00f3lito Al\u00e9n<br \/>Subsecretario de Promoci\u00f3n de Derechos Humanos<br \/>Sr. Carlos Pisoni<br \/>Gobernador de la provincia de R\u00edo Negro<br \/>Sr. Alberto Edgardo Weretilneck<br \/>Secretarios Privados: Isabel Widder \/ Jos\u00e9 Luis Lagos<br \/>iwidder@coordinacion.rionegro.gov.ar<br \/>MINISTERIO DE GOBIERNO<br \/>Laprida 212 (8500) Viedma<br \/>Ministro<br \/>Dr. Luis Di Gi\u00e1como <br \/>Secretario Privado: Mart\u00edn Rebay Tel.: (02920) 420362 \/ 427980 <br \/>Secretario de Gobierno<br \/>Juan Elbi Cides<br \/>Subsecretaria de Coordinaci\u00f3n<\/span><br \/><span style=\"font-family: Verdana, sans-serif\">Sonia Suyay Urrutia<br \/><a href=\"mailto:surrutia@gobierno.rionegro.gov.ar\">surrutia@gobierno.rionegro.gov.ar<\/a><br \/>61075279<\/span><\/p>\n","protected":false},"excerpt":{"rendered":"<p>URGENTE: ABOGADA ATACADA POR TOCAR LOS INTERESES CORPORATIVOSReproducimos y nos solidarizamos&nbsp;Comunicado de la Asociaci\u00f3n Gremial de Abogadas y Abogados de la ArgentinaPEDIMOS ACOMPA\u00d1AMIENTO Y SOLIDARIDAD ANTE EL ATAQUE A NUESTRA COMPA\u00d1ERA LA DOCTORA MARINA SHIFRINNuestra compa\u00f1era Marina Schifrin fue atacada el 12\/11 en su estudio jur\u00eddico por una persona que encontr\u00f3 en su interior cuando [&hellip;]<\/p>\n","protected":false},"author":4,"featured_media":0,"comment_status":"open","ping_status":"open","sticky":false,"template":"","format":"standard","meta":{"_monsterinsights_skip_tracking":false,"_monsterinsights_sitenote_active":false,"_monsterinsights_sitenote_note":"","_monsterinsights_sitenote_category":0,"jnews-multi-image_gallery":[],"jnews_single_post":{"format":"standard"},"jnews_primary_category":[],"_joinchat":[],"footnotes":""},"categories":[58],"tags":[119],"class_list":["post-945","post","type-post","status-publish","format-standard","hentry","category-noticiariachuelo","tag-derechos-humanos"],"_links":{"self":[{"href":"http:\/\/fmriachuelo.it10.com.ar\/index.php\/wp-json\/wp\/v2\/posts\/945","targetHints":{"allow":["GET"]}}],"collection":[{"href":"http:\/\/fmriachuelo.it10.com.ar\/index.php\/wp-json\/wp\/v2\/posts"}],"about":[{"href":"http:\/\/fmriachuelo.it10.com.ar\/index.php\/wp-json\/wp\/v2\/types\/post"}],"author":[{"embeddable":true,"href":"http:\/\/fmriachuelo.it10.com.ar\/index.php\/wp-json\/wp\/v2\/users\/4"}],"replies":[{"embeddable":true,"href":"http:\/\/fmriachuelo.it10.com.ar\/index.php\/wp-json\/wp\/v2\/comments?post=945"}],"version-history":[{"count":1,"href":"http:\/\/fmriachuelo.it10.com.ar\/index.php\/wp-json\/wp\/v2\/posts\/945\/revisions"}],"predecessor-version":[{"id":21961,"href":"http:\/\/fmriachuelo.it10.com.ar\/index.php\/wp-json\/wp\/v2\/posts\/945\/revisions\/21961"}],"wp:attachment":[{"href":"http:\/\/fmriachuelo.it10.com.ar\/index.php\/wp-json\/wp\/v2\/media?parent=945"}],"wp:term":[{"taxonomy":"category","embeddable":true,"href":"http:\/\/fmriachuelo.it10.com.ar\/index.php\/wp-json\/wp\/v2\/categories?post=945"},{"taxonomy":"post_tag","embeddable":true,"href":"http:\/\/fmriachuelo.it10.com.ar\/index.php\/wp-json\/wp\/v2\/tags?post=945"}],"curies":[{"name":"wp","href":"https:\/\/api.w.org\/{rel}","templated":true}]}}