{"id":944,"date":"2014-11-24T16:26:00","date_gmt":"2014-11-24T16:26:00","guid":{"rendered":"http:\/\/fmriachuelo.observatorioess.org.ar\/index.php\/2014\/11\/24\/el-parque-lezama-clausurado\/"},"modified":"2025-03-14T15:50:27","modified_gmt":"2025-03-14T18:50:27","slug":"el-parque-lezama-clausurado","status":"publish","type":"post","link":"http:\/\/fmriachuelo.it10.com.ar\/index.php\/2014\/11\/24\/el-parque-lezama-clausurado\/","title":{"rendered":"\u00bfEL PARQUE LEZAMA CLAUSURADO?"},"content":{"rendered":"<p><a href=\"http:\/\/1.bp.blogspot.com\/-DrwBp2VAt6A\/VHNag4qNiCI\/AAAAAAAABhM\/ikT336V93-U\/s1600\/plezama1.jpg\" style=\"clear: left;float: left;margin-bottom: 1em;margin-right: 1em;text-align: left\"><img loading=\"lazy\" decoding=\"async\" border=\"0\" src=\"http:\/\/1.bp.blogspot.com\/-DrwBp2VAt6A\/VHNag4qNiCI\/AAAAAAAABhM\/ikT336V93-U\/s1600\/plezama1.jpg\" height=\"150\" width=\"200\" \/><\/a><span style=\"color: red;font-family: Verdana, sans-serif;font-size: large\"><strong>PELIGRO SOBRE EL ESPACIO POPULAR DE LA ZONA SUR<\/strong><\/span><br \/><strong style=\"font-family: Verdana, sans-serif\">\u00bfQu\u00e9 pasa en el Parque?<\/strong><br \/><span style=\"font-family: Verdana, sans-serif\">A cinco meses de iniciada la obra del Parque Lezama y a un mes de que se cumpla el plazo de culminaci\u00f3n, no hay indicios de final.<\/span><\/p>\n<div style=\"text-align: justify\">\n<div style=\"text-align: left\"><a name='more'><\/a><\/div>\n<p><span style=\"font-family: Verdana, sans-serif\"><\/span><\/p>\n<div style=\"text-align: left\"><span style=\"font-family: Verdana, sans-serif\">Nos encontramos con un Parque totalmente vallado y una feria desplazada hacia la calle Almirante Brown. Todos los vecinos usuarios est\u00e1n privados del acceso al pulm\u00f3n verde m\u00e1s importante que tienen nuestros barrios.<\/span><\/div>\n<p><span style=\"font-family: Verdana, sans-serif\"><\/span><\/p>\n<div style=\"text-align: left\"><span style=\"font-family: Verdana, sans-serif\"><a href=\"https:\/\/images-blogger-opensocial.googleusercontent.com\/gadgets\/proxy?url=http%3A%2F%2F4.bp.blogspot.com%2F-X6L8Fh9QWxY%2FVHNanht-BZI%2FAAAAAAAABhY%2FSA9YSjRaKYo%2Fs1600%2Fplezama-185x185.jpg&amp;container=blogger&amp;gadget=a&amp;rewriteMime=image%2F*\" style=\"clear: left;float: left;margin-bottom: 1em;margin-right: 1em\"><img loading=\"lazy\" decoding=\"async\" border=\"0\" src=\"http:\/\/4.bp.blogspot.com\/-X6L8Fh9QWxY\/VHNanht-BZI\/AAAAAAAABhY\/SA9YSjRaKYo\/s1600\/plezama-185x185.jpg\" height=\"320\" width=\"320\" \/><\/a>Empieza el calor y lo que sigue es una canci\u00f3n repetida: cortes de luz, hacinamiento, vacaciones de los pibes\u2026 y el Parque, como \u00fanico lugar de respiro, inutilizable, todo cercado. Seguramente, algunos creer\u00e1n que si el Parque queda lindo no importan los atrasos.<\/span><\/div>\n<p><span style=\"font-family: Verdana, sans-serif\"><\/span><\/div>\n<p><span style=\"font-family: Verdana, sans-serif\"> Pero muchos -entre los que nos incluimos-, que usamos el Parque a diario como nuestro patio de atr\u00e1s y no tenemos otra posibilidad de esparcimiento en las noches de calor,pensamos que este proyecto de 23 millones, cada d\u00eda que pasa cuesta un poco m\u00e1s, en lo que hace al disfrute de todos los usuarios.<\/span><br \/><span style=\"font-family: Verdana, sans-serif\"><br \/><\/span><\/p>\n<div style=\"clear: both;text-align: left\"><a href=\"https:\/\/images-blogger-opensocial.googleusercontent.com\/gadgets\/proxy?url=http%3A%2F%2F1.bp.blogspot.com%2F-fLCVVObM2Ak%2FVHNaqsfSp3I%2FAAAAAAAABhg%2Fc2hhbsL_qFc%2Fs1600%2Fplezama2.jpg&amp;container=blogger&amp;gadget=a&amp;rewriteMime=image%2F*\" style=\"clear: left;float: left;margin-bottom: 1em;margin-right: 1em\"><span style=\"font-family: Verdana, sans-serif\"><img loading=\"lazy\" decoding=\"async\" border=\"0\" src=\"http:\/\/1.bp.blogspot.com\/-fLCVVObM2Ak\/VHNaqsfSp3I\/AAAAAAAABhg\/c2hhbsL_qFc\/s1600\/plezama2.jpg\" height=\"240\" width=\"320\" \/><\/span><\/a><a href=\"http:\/\/1.bp.blogspot.com\/-fLCVVObM2Ak\/VHNaqsfSp3I\/AAAAAAAABhg\/c2hhbsL_qFc\/s1600\/plezama2.jpg\" style=\"margin-left: 1em;margin-right: 1em\"><span style=\"font-family: Verdana, sans-serif\"><\/span><\/a><\/div>\n<div style=\"text-align: justify\">\n<div style=\"text-align: left\"><span style=\"font-family: Verdana, sans-serif\">Hace un tiempo recibimos un mail de la Sra. Cristina Brunet, presidenta de la Junta Comunal 1, nos dec\u00eda: \u201cLo mejor que se puede hacer para beneficio de un barrio es que sus vecinos se involucren procurando lo mejor (\u2026) Me alegra mucho que esto suceda y que cada uno piense en el MEJOR USO de los Espacios Publicos PARA TODOS\u201d.<\/span><\/div>\n<p><span style=\"font-family: Verdana, sans-serif\"><\/span><\/p>\n<div style=\"text-align: left\"><span style=\"font-family: Verdana, sans-serif\">Los vecinos cumplimos, nos organizamos, formamos una comisi\u00f3n de seguimiento de las obras. Para dejar sentado que estamos atentos, que no queremos m\u00e1s cemento en nuestro Parque, que no estamos de acuerdo con la quita de especies, y que nos es sumamente \u00fatil la canchita de f\u00fatbol como espacio de recreaci\u00f3n dentro del Parque. \u00bfPero del otro lado qui\u00e9n controla? \u00bfQui\u00e9n escucha nuestros reclamos y lee nuestros informes? \u00bfD\u00f3nde est\u00e1n los funcionarios que deben hacer cumplir los plazos en forma de las obras y dar respuestas a los usuarios?<\/span><\/div>\n<div style=\"text-align: left\"><span style=\"font-family: Verdana, sans-serif\">En fin; qu\u00e9 importa el verano y la necesidad de un espacio verde si estamos pensando s\u00f3lo en las presidenciales 2015, y en inaugurar una obra p\u00fablica en la fecha que nos convenga para sumar puntos en esas elecciones.<\/span><\/div>\n<div style=\"text-align: left\"><span style=\"font-family: Verdana, sans-serif\"><a href=\"mailto:asamblealezama@gmail.com\" target=\"_blank\" rel=\"noopener\"><span style=\"font-family: Verdana, sans-serif\">asamblealezama@gmail.com<\/span><\/a><\/span><\/div>\n<\/div>\n<div style=\"text-align: justify\"><span style=\"font-family: Verdana, sans-serif\"><\/span><\/p>\n<div style=\"text-align: left\"><span style=\"font-family: Verdana, sans-serif\"><span style=\"color: red;font-family: Verdana, sans-serif\"><b><span style=\"font-family: Verdana, sans-serif\">Escucha Espantarrejas todos los s\u00e1bados de 13 a 14 hs. por 100.9 Mhz \u2013 <\/span><span style=\"font-family: Verdana, sans-serif\"><a href=\"http:\/\/www.fmriachuelo.com.ar\/\" target=\"_blank\" rel=\"noopener\">www.fmriachuelo.com.ar<\/a><\/span><\/b><\/span><\/span><\/div>\n<div style=\"text-align: left\"><span style=\"font-family: Verdana, sans-serif\"><span style=\"text-align: justify\"><span style=\"color: #3d85c6;font-size: x-small\"><b>FOTOS: MAU TSE<\/b><\/span><\/span><\/span><\/div>\n<p><\/p>\n<div style=\"text-align: justify\"><\/div>\n<div><a href=\"mailto:asamblealezama@gmail.com\" style=\"text-align: left\" target=\"_blank\" rel=\"noopener\"><span style=\"text-align: justify\"><span style=\"color: #3d85c6;font-family: Verdana, sans-serif;font-size: x-small\"><b>FUENTE: PERIODICO VAS<\/b><\/span><\/span><\/a><\/div>\n<div style=\"text-align: left\"><\/div>\n<p><span style=\"font-family: Verdana, sans-serif\"><\/span><span style=\"font-family: Verdana, sans-serif\"><\/span><\/p>\n<div style=\"text-align: left\"><span style=\"font-family: Verdana, sans-serif\"><a href=\"https:\/\/images-blogger-opensocial.googleusercontent.com\/gadgets\/proxy?url=http%3A%2F%2F2.bp.blogspot.com%2F-G40wOPK4LBU%2FVHNbyfVRxxI%2FAAAAAAAABho%2FXYEPKqEK0og%2Fs1600%2FCOOP%252BRIACHIUELO%252BPRODUCCIONES.jpg&amp;container=blogger&amp;gadget=a&amp;rewriteMime=image%2F*\" style=\"clear: left;float: left;margin-bottom: 1em;margin-right: 1em\"><img loading=\"lazy\" decoding=\"async\" border=\"0\" src=\"http:\/\/2.bp.blogspot.com\/-G40wOPK4LBU\/VHNbyfVRxxI\/AAAAAAAABho\/XYEPKqEK0og\/s1600\/COOP%2BRIACHIUELO%2BPRODUCCIONES.jpg\" height=\"58\" width=\"200\" \/><\/a><\/span><\/div>\n<\/div>\n","protected":false},"excerpt":{"rendered":"<p>PELIGRO SOBRE EL ESPACIO POPULAR DE LA ZONA SUR\u00bfQu\u00e9 pasa en el Parque?A cinco meses de iniciada la obra del Parque Lezama y a un mes de que se cumpla el plazo de culminaci\u00f3n, no hay indicios de final. Nos encontramos con un Parque totalmente vallado y una feria desplazada hacia la calle Almirante Brown. [&hellip;]<\/p>\n","protected":false},"author":4,"featured_media":0,"comment_status":"open","ping_status":"open","sticky":false,"template":"","format":"standard","meta":{"_monsterinsights_skip_tracking":false,"_monsterinsights_sitenote_active":false,"_monsterinsights_sitenote_note":"","_monsterinsights_sitenote_category":0,"jnews-multi-image_gallery":[],"jnews_single_post":{"format":"standard"},"jnews_primary_category":[],"_joinchat":[],"footnotes":""},"categories":[58],"tags":[81,147],"class_list":["post-944","post","type-post","status-publish","format-standard","hentry","category-noticiariachuelo","tag-aguafuertes-portenas","tag-habitat"],"_links":{"self":[{"href":"http:\/\/fmriachuelo.it10.com.ar\/index.php\/wp-json\/wp\/v2\/posts\/944","targetHints":{"allow":["GET"]}}],"collection":[{"href":"http:\/\/fmriachuelo.it10.com.ar\/index.php\/wp-json\/wp\/v2\/posts"}],"about":[{"href":"http:\/\/fmriachuelo.it10.com.ar\/index.php\/wp-json\/wp\/v2\/types\/post"}],"author":[{"embeddable":true,"href":"http:\/\/fmriachuelo.it10.com.ar\/index.php\/wp-json\/wp\/v2\/users\/4"}],"replies":[{"embeddable":true,"href":"http:\/\/fmriachuelo.it10.com.ar\/index.php\/wp-json\/wp\/v2\/comments?post=944"}],"version-history":[{"count":1,"href":"http:\/\/fmriachuelo.it10.com.ar\/index.php\/wp-json\/wp\/v2\/posts\/944\/revisions"}],"predecessor-version":[{"id":21962,"href":"http:\/\/fmriachuelo.it10.com.ar\/index.php\/wp-json\/wp\/v2\/posts\/944\/revisions\/21962"}],"wp:attachment":[{"href":"http:\/\/fmriachuelo.it10.com.ar\/index.php\/wp-json\/wp\/v2\/media?parent=944"}],"wp:term":[{"taxonomy":"category","embeddable":true,"href":"http:\/\/fmriachuelo.it10.com.ar\/index.php\/wp-json\/wp\/v2\/categories?post=944"},{"taxonomy":"post_tag","embeddable":true,"href":"http:\/\/fmriachuelo.it10.com.ar\/index.php\/wp-json\/wp\/v2\/tags?post=944"}],"curies":[{"name":"wp","href":"https:\/\/api.w.org\/{rel}","templated":true}]}}