{"id":940,"date":"2014-11-25T02:43:00","date_gmt":"2014-11-25T02:43:00","guid":{"rendered":"http:\/\/fmriachuelo.observatorioess.org.ar\/index.php\/2014\/11\/25\/la-boca-y-los-terrenos-de-casa-amarilla\/"},"modified":"2025-03-14T16:04:11","modified_gmt":"2025-03-14T19:04:11","slug":"la-boca-y-los-terrenos-de-casa-amarilla","status":"publish","type":"post","link":"http:\/\/fmriachuelo.it10.com.ar\/index.php\/2014\/11\/25\/la-boca-y-los-terrenos-de-casa-amarilla\/","title":{"rendered":"LA BOCA Y LOS TERRENOS DE CASA AMARILLA"},"content":{"rendered":"<p><span style=\"font-family: Verdana, sans-serif\">LA CESI\u00d3N DE TERRENOS DE LA CIUDAD <\/span><br \/><a href=\"http:\/\/1.bp.blogspot.com\/-4x8_yBeLOV4\/VG1VlnGG5bI\/AAAAAAAABd8\/NlhnnJ9hD7g\/s1600\/images.jpg\" style=\"clear: left;float: left;margin-bottom: 1em;margin-right: 1em\"><img decoding=\"async\" border=\"0\" src=\"http:\/\/1.bp.blogspot.com\/-4x8_yBeLOV4\/VG1VlnGG5bI\/AAAAAAAABd8\/NlhnnJ9hD7g\/s1600\/images.jpg\" \/><\/a><span style=\"color: red;font-family: Verdana, sans-serif;font-size: large\"><b>\u00bfLA CIUDAD FAVORECE OTROS INTERESES?<\/b><\/span><br \/><span style=\"font-family: Verdana\">El legislador porte\u00f1o Rafael Gentili public\u00f3 una nota extensa con detalles sobre el proyecto que tiene el actual gobierno de la Ciudad de Buenos Aires, que dirige Mauricio Macri, sobre la construcci\u00f3n de la cancha del club Boca Juniors y como afectar\u00eda a toda la zona y al proyecto tur\u00edstico inmobiliario de ese gobierno.<\/span><br \/><span style=\"font-family: Verdana\"><\/span><br \/><span style=\"font-family: Verdana\"><strong>ESCUCHA LO QUE DIJO EL LEGISLADOR <\/strong><\/span><span style=\"color: #0b5394;font-family: Verdana, sans-serif\"><strong>RAFAEL GENTILI<\/strong><\/span><strong>&nbsp;<span style=\"font-family: Verdana, sans-serif\"> EN EL PROGRAMA CAZADORES DE ZONCERAS (Viernes 20 hs.)<\/span><\/strong><br \/><strong><span style=\"font-family: Verdana, sans-serif\"><br \/><\/span><\/strong><b style=\"font-family: Verdana\"><\/b><br \/><strong><span style=\"font-family: Verdana, sans-serif\"><br \/><\/span><\/strong><strong><span style=\"font-family: Verdana, sans-serif\"><br \/><\/span><\/strong><strong><span style=\"font-family: Verdana, sans-serif\"><br \/><\/span><\/strong><strong><span style=\"font-family: Verdana, sans-serif\"><br \/><\/span><\/strong><strong><span style=\"font-family: Verdana, sans-serif\"><br \/><\/span><\/strong><strong><span style=\"font-family: Verdana, sans-serif\"><br \/><\/span><\/strong><strong><span style=\"font-family: Verdana, sans-serif\"><br \/><\/span><\/strong><a name='more'><\/a><b style=\"font-family: Verdana\">Reproducimos<\/b><br \/><span style=\"font-family: Verdana, sans-serif\">La semana pasada contamos&nbsp;<\/span><span style=\"font-family: Verdana, sans-serif\">&nbsp;los detalles del tr\u00e1mite expr\u00e9s que hab\u00eda tenido en el Consejo del Plan Urbano Ambiental (CoPUA) el proyecto de ley de rezonificaci\u00f3n de los terrenos remanentes de Casa Amarilla para ser destinados a un nuevo estadio del Club Boca Juniors, a medida de los deseos de la actual conducci\u00f3n xeneize. D\u00edas despu\u00e9s, el debate sali\u00f3 a la luz en diversos medios a partir del acelerado tratamiento que el tema hab\u00eda empezado a tener tambi\u00e9n en la Legislatura porte\u00f1a.<br \/>Ante las cr\u00edticas, diversas voces del partido oficialista salieron a decir que eso era mentira, que ah\u00ed no se har\u00eda un estadio sino un parque tem\u00e1tico del club, y que se lo iba a conservar como espacio verde.<br \/>Como relat\u00e9 la semana pasada, el a\u00f1o pasado particip\u00e9 de una reuni\u00f3n en la que la dirigencia del club expuso los detalles de su proyecto de estadio en esos terrenos y de la transformaci\u00f3n de la Bombonera en un estadio cerrado. Quer\u00eda as\u00ed anticiparme a la mentira y a la desinformaci\u00f3n, algo tan habitual en la gesti\u00f3n del PRO cuando se trata de hacer pasar un proyecto que enfrenta resistencia social.<br \/>No fue suficiente. Mintieron y desinformaron igual. Pero se les escap\u00f3 un detalle. En esa reuni\u00f3n nos dieron una carpeta en la que est\u00e1 bien detallado el proyecto y sus supuestos beneficios. Adem\u00e1s, no fui el \u00fanico que particip\u00f3 de la reuni\u00f3n. Que recuerde, tambi\u00e9n estuvo el decano de la Facultad de Arquitectura y Urbanismo de la UBA, el reconocido arquitecto Eduardo Cajide, en condici\u00f3n de experto convocado por el club. Una forma de darle legitimidad t\u00e9cnica al proyecto. Seguramente, \u00e9l tambi\u00e9n podr\u00e1 dar fe sobre el verdadero destino de los terrenos en cuesti\u00f3n. Adem\u00e1s, detalles del proyecto y del posible inversor se pueden leer <\/span><a href=\"https:\/\/sites.google.com\/site\/ingenierociviltdf\/cype-ingenieros-en-nuestra-provincia\"><span style=\"font-family: Verdana, sans-serif\">ac\u00e1<\/span><\/a><span style=\"font-family: Verdana, sans-serif\">.<br \/>En dicha carpeta se explican los l\u00edmites del actual estadio para satisfacer la demanda de los socios que quieren ir a la cancha, las tratativas llevadas a cabo para lograr su ampliaci\u00f3n y el l\u00edmite que supuestamente tambi\u00e9n tendr\u00eda esta opci\u00f3n. Finalmente, desarrollan, como si se tratara de un desenlace inevitable ante la imposibilidad de ampliar el estadio actual, la propuesta titulada: \u201cUna nueva \u2018Bombonera\u2019 en el Barrio\u201d.<br \/>Se tratar\u00eda de un proyecto integral consistente en:<br \/>Dotar a la Ciudad de un estadio de \u00faltima generaci\u00f3n, adecuado a las normas FIFA y con capacidad para 80000 espectadores sentados.<br \/>Mantener y adaptar la actual \u201cBombonera\u201d para ser utilizada como el mayor espacio techado de la Ciudad de Buenos Aires para diversos eventos deportivos y culturales, con capacidad para aproximadamente 38000 espectadores sentados. Dando cumplimiento a las normativas vigentes.<br \/>Revitalizar tur\u00edsticamente el barrio de La Boca, San Telmo y Barracas.<br \/>Solucionar los inconvenientes urban\u00edsticos del sector actual, producidos por las barreras arquitect\u00f3nicas que constituyen las v\u00edas del ferrocarril.<br \/>El proyecto integral (nuevo Estadio + Bombonera) constituir\u00eda el conjunto edilicio de uso p\u00fablico m\u00e1s importante de la Ciudad de los \u00faltimos 100 a\u00f1os (sic).<br \/>Se generar\u00edan m\u00e1s de 2500 puestos de trabajo, directos o indirectos (en ning\u00fan lado aclaran c\u00f3mo y por qu\u00e9).<br \/>El emplazamiento del flamante estadio ser\u00eda exactamente en los terrenos remanentes de Casa Amarilla.<br \/>Para hacer realidad esta iniciativa har\u00eda falta, entre otras cosas, cambiar la zonificaci\u00f3n de dichos terrenos. Justamente, de lo que trata el proyecto que est\u00e1 teniendo tratamiento expr\u00e9s y que, supuestamente, no tratar\u00eda de esto. Y, adem\u00e1s, autorizaci\u00f3n para modificar la trama urbana (trasladar y ampliar calles, realizar cruces peatonales y vehiculares).<br \/>El cronograma a llevar a cabo ser\u00eda el siguiente:<br \/>Concenso (sic) de la Legislatura, respecto de la adecuaci\u00f3n de la normativa (Etapa actual).<br \/>Concurso urbano de ideas auspiciado por la Legislatura, la Instituci\u00f3n, la Universidad de Buenos Aires y dem\u00e1s entidades profesionales pertinentes.<br \/>Adecuaci\u00f3n de la normativa para la materializaci\u00f3n del proyecto integral.<br \/>Concurso internacional para el proyecto de nuevo estadio.<br \/>Inicio de las obras.<br \/>Inauguraci\u00f3n de las obras.<br \/>Concurso de refuncionalizaci\u00f3n de la Bombonera.<br \/>Refuncionalizaci\u00f3n de la Bombonera.<br \/>La carpeta no lo dice, pero seg\u00fan se dijo en esa reuni\u00f3n, el proyecto integral demandar\u00eda una inversi\u00f3n aproximada de 100 millones de d\u00f3lares.<br \/>Si acaso alguien aun tuviera alguna duda sobre todo lo que estoy diciendo, se puede leer a continuaci\u00f3n la carpeta que recib\u00ed ese d\u00eda, y que guard\u00e9 por curiosidad. Y que deja al descubierto la mentira. <\/span><br \/><span style=\"font-family: Verdana\">En la p\u00e1gina se puede encontrar la carpeta que se menciona.<\/span><br \/><span style=\"color: blue;font-family: Verdana\"><span style=\"font-size: x-small\"><span style=\"color: #3d85c6\"><b>FUENTE: NUEVACIUDAD.COM.AR<\/b><\/span><\/span><\/span><\/p>\n<div style=\"clear: both;text-align: center\"><\/div>\n<div style=\"clear: both;text-align: center\"><a href=\"http:\/\/3.bp.blogspot.com\/-j7ZGX5fQPdE\/VG1TgkSRifI\/AAAAAAAABdw\/Q2w1PuU00Os\/s1600\/COOP%2BRIACHIUELO%2BPRODUCCIONES.jpg\" style=\"clear: left;float: left;margin-bottom: 1em;margin-right: 1em\"><img loading=\"lazy\" decoding=\"async\" border=\"0\" src=\"http:\/\/3.bp.blogspot.com\/-j7ZGX5fQPdE\/VG1TgkSRifI\/AAAAAAAABdw\/Q2w1PuU00Os\/s1600\/COOP%2BRIACHIUELO%2BPRODUCCIONES.jpg\" height=\"58\" width=\"200\" \/><\/a><\/div>\n<p><\/p>\n","protected":false},"excerpt":{"rendered":"<p>LA CESI\u00d3N DE TERRENOS DE LA CIUDAD \u00bfLA CIUDAD FAVORECE OTROS INTERESES?El legislador porte\u00f1o Rafael Gentili public\u00f3 una nota extensa con detalles sobre el proyecto que tiene el actual gobierno de la Ciudad de Buenos Aires, que dirige Mauricio Macri, sobre la construcci\u00f3n de la cancha del club Boca Juniors y como afectar\u00eda a toda [&hellip;]<\/p>\n","protected":false},"author":4,"featured_media":0,"comment_status":"open","ping_status":"open","sticky":false,"template":"","format":"standard","meta":{"_monsterinsights_skip_tracking":false,"_monsterinsights_sitenote_active":false,"_monsterinsights_sitenote_note":"","_monsterinsights_sitenote_category":0,"jnews-multi-image_gallery":[],"jnews_single_post":{"format":"standard"},"jnews_primary_category":[],"_joinchat":[],"footnotes":""},"categories":[58],"tags":[147],"class_list":["post-940","post","type-post","status-publish","format-standard","hentry","category-noticiariachuelo","tag-habitat"],"_links":{"self":[{"href":"http:\/\/fmriachuelo.it10.com.ar\/index.php\/wp-json\/wp\/v2\/posts\/940","targetHints":{"allow":["GET"]}}],"collection":[{"href":"http:\/\/fmriachuelo.it10.com.ar\/index.php\/wp-json\/wp\/v2\/posts"}],"about":[{"href":"http:\/\/fmriachuelo.it10.com.ar\/index.php\/wp-json\/wp\/v2\/types\/post"}],"author":[{"embeddable":true,"href":"http:\/\/fmriachuelo.it10.com.ar\/index.php\/wp-json\/wp\/v2\/users\/4"}],"replies":[{"embeddable":true,"href":"http:\/\/fmriachuelo.it10.com.ar\/index.php\/wp-json\/wp\/v2\/comments?post=940"}],"version-history":[{"count":1,"href":"http:\/\/fmriachuelo.it10.com.ar\/index.php\/wp-json\/wp\/v2\/posts\/940\/revisions"}],"predecessor-version":[{"id":21966,"href":"http:\/\/fmriachuelo.it10.com.ar\/index.php\/wp-json\/wp\/v2\/posts\/940\/revisions\/21966"}],"wp:attachment":[{"href":"http:\/\/fmriachuelo.it10.com.ar\/index.php\/wp-json\/wp\/v2\/media?parent=940"}],"wp:term":[{"taxonomy":"category","embeddable":true,"href":"http:\/\/fmriachuelo.it10.com.ar\/index.php\/wp-json\/wp\/v2\/categories?post=940"},{"taxonomy":"post_tag","embeddable":true,"href":"http:\/\/fmriachuelo.it10.com.ar\/index.php\/wp-json\/wp\/v2\/tags?post=940"}],"curies":[{"name":"wp","href":"https:\/\/api.w.org\/{rel}","templated":true}]}}